{"id":101,"date":"2021-06-13T16:23:01","date_gmt":"2021-06-13T14:23:01","guid":{"rendered":"https:\/\/planete-meteo.com\/blog\/?p=101"},"modified":"2021-06-13T16:58:51","modified_gmt":"2021-06-13T14:58:51","slug":"24h-de-repits-pour-les-fortes-chaleurs-dans-lain","status":"publish","type":"post","link":"https:\/\/planete-meteo.com\/blog\/2021\/06\/13\/24h-de-repits-pour-les-fortes-chaleurs-dans-lain\/","title":{"rendered":"24h de r\u00e9pits pour les fortes chaleurs dans l&rsquo;Ain"},"content":{"rendered":"\n<p>Les derni\u00e8res pr\u00e9visions d\u00e9calent les premiers 30\u00b0C g\u00e9n\u00e9ralis\u00e9s de l&rsquo;ann\u00e9e \u00e0 la journ\u00e9e de mardi, mais ils seront localement relev\u00e9s lundi en Val de Sa\u00f4ne. Le pic de chaleur pourrait \u00eatre atteint le mercredi avec 32 \u00e0 33\u00b0C en plaine.<\/p>\n\n\n\n<p>Ce dimanche comme annonc\u00e9 il y a quelques jours les temp\u00e9ratures sont proches des 26 \u00e0 28\u00b0C avec un vent de nord qui viens donc limiter la hausse de ces temp\u00e9ratures avec 20 \u00e0 30 km\/h.<\/p>\n\n\n\n<div class=\"wp-block-image\"><figure class=\"aligncenter size-large\"><img loading=\"lazy\" decoding=\"async\" width=\"427\" height=\"313\" src=\"https:\/\/planete-meteo.com\/blog\/wp-content\/uploads\/2021\/06\/o1iU4PC.png\" alt=\"\" class=\"wp-image-103\" srcset=\"https:\/\/planete-meteo.com\/blog\/wp-content\/uploads\/2021\/06\/o1iU4PC.png 427w, https:\/\/planete-meteo.com\/blog\/wp-content\/uploads\/2021\/06\/o1iU4PC-300x220.png 300w\" sizes=\"auto, (max-width: 427px) 100vw, 427px\" \/><\/figure><\/div>\n\n\n\n<figure class=\"wp-block-image size-large\"><img loading=\"lazy\" decoding=\"async\" width=\"909\" height=\"554\" src=\"https:\/\/planete-meteo.com\/blog\/wp-content\/uploads\/2021\/06\/qgN3pZ3.png\" alt=\"\" class=\"wp-image-102\" srcset=\"https:\/\/planete-meteo.com\/blog\/wp-content\/uploads\/2021\/06\/qgN3pZ3.png 909w, https:\/\/planete-meteo.com\/blog\/wp-content\/uploads\/2021\/06\/qgN3pZ3-300x183.png 300w, https:\/\/planete-meteo.com\/blog\/wp-content\/uploads\/2021\/06\/qgN3pZ3-768x468.png 768w\" sizes=\"auto, (max-width: 909px) 100vw, 909px\" \/><\/figure>\n\n\n\n<p>Demain lundi le vent se calmera mais la hausse ne sera pas aussi importante qu&rsquo;escompt\u00e9 les temp\u00e9ratures atteindront les 30\u00b0C seulement dans le val de Sa\u00f4ne et Bresse environnante \/ pr\u00e8s de l&rsquo;agglom\u00e9ration Lyonnaise, du c\u00f4t\u00e9 de Bourg en Bresse on se situera plus pr\u00e8s des 29\u00b0C. Ces temp\u00e9ratures seront tout de m\u00eame bien au-dessus des normes de saison o\u00f9 normalement \u00e0 cette p\u00e9riode il devrait faire 23\/25\u00b0C.<\/p>\n\n\n\n<p>Mardi marquera donc la journ\u00e9e ou la majeure partie des stations en plaine enregistrera les premiers 30\u00b0C de l&rsquo;ann\u00e9e comme pour probablement <a href=\"https:\/\/planete-meteo.com\/observations.php\" data-type=\"URL\" data-id=\"https:\/\/planete-meteo.com\/observations.php\" target=\"_blank\" rel=\"noreferrer noopener\">ma station<\/a>, toujours sous un ciel bleu, les temp\u00e9ratures maximales s&rsquo;\u00e9chelonneront entre 29\/30 \u00b0C pr\u00e8s du Revermont et jusqu&rsquo;\u00e0 31\u00b0C dans le Val de Sa\u00f4ne, 29\u00b0C dans le Pays de Gex.<\/p>\n\n\n\n<p>La journ\u00e9e de mercredi sera la plus chaude, le vent du sud se l\u00e8vera signe d&rsquo;un changement de temps (dans un premier temps dans l&rsquo;ouest de la France) les temp\u00e9ratures grimperont jusqu&rsquo;\u00e0 32\/33\u00b0C en plaine voire tr\u00e8s localement 34\u00b0C dans le val de Sa\u00f4ne ou pr\u00e8s de la r\u00e9gion Lyonnaise. Les nuages deviendront de plus en plus pr\u00e9sents en soir\u00e9e qui mettra en place un risque d&rsquo;orages isol\u00e9s pour la nuit et qui perdura pour la journ\u00e9e de jeudi.<\/p>\n\n\n\n<p>Une d\u00e9gradation orageuse plus g\u00e9n\u00e9rale est pour le moment entrevue pour la journ\u00e9e de vendredi, \u00e0 suivre car cela reste encore tr\u00e8s instable au niveau des horaires sur les pr\u00e9visions.<\/p>\n\n\n\n<figure class=\"wp-block-image size-large\"><img loading=\"lazy\" decoding=\"async\" width=\"768\" height=\"768\" src=\"https:\/\/planete-meteo.com\/blog\/wp-content\/uploads\/2021\/06\/Sans-titre2.gif\" alt=\"\" class=\"wp-image-104\"\/><\/figure>\n","protected":false},"excerpt":{"rendered":"<p>Les derni\u00e8res pr\u00e9visions d\u00e9calent les premiers 30\u00b0C g\u00e9n\u00e9ralis\u00e9s de l&rsquo;ann\u00e9e \u00e0 la journ\u00e9e de mardi, mais ils seront localement relev\u00e9s lundi en Val de Sa\u00f4ne. Le pic de chaleur pourrait \u00eatre atteint le mercredi avec 32 \u00e0 33\u00b0C en plaine. Ce dimanche comme annonc\u00e9 il y a quelques jours les temp\u00e9ratures sont proches des 26 &hellip; <a href=\"https:\/\/planete-meteo.com\/blog\/2021\/06\/13\/24h-de-repits-pour-les-fortes-chaleurs-dans-lain\/\" class=\"more-link\">Continuer la lecture de <span class=\"screen-reader-text\">24h de r\u00e9pits pour les fortes chaleurs dans l&rsquo;Ain<\/span><\/a><\/p>\n","protected":false},"author":1,"featured_media":0,"comment_status":"open","ping_status":"open","sticky":false,"template":"","format":"standard","meta":{"footnotes":""},"categories":[9],"tags":[],"class_list":["post-101","post","type-post","status-publish","format-standard","hentry","category-previsions"],"yoast_head":"<!-- This site is optimized with the Yoast SEO plugin v22.8 - https:\/\/yoast.com\/wordpress\/plugins\/seo\/ -->\n<title>24h de r\u00e9pits pour les fortes chaleurs dans l&#039;Ain - Plan\u00e8te M\u00e9t\u00e9o Blog<\/title>\n<meta name=\"robots\" content=\"index, follow, max-snippet:-1, max-image-preview:large, max-video-preview:-1\" \/>\n<link rel=\"canonical\" href=\"https:\/\/planete-meteo.com\/blog\/2021\/06\/13\/24h-de-repits-pour-les-fortes-chaleurs-dans-lain\/\" \/>\n<meta property=\"og:locale\" content=\"fr_FR\" \/>\n<meta property=\"og:type\" content=\"article\" \/>\n<meta property=\"og:title\" content=\"24h de r\u00e9pits pour les fortes chaleurs dans l&#039;Ain - Plan\u00e8te M\u00e9t\u00e9o Blog\" \/>\n<meta property=\"og:description\" content=\"Les derni\u00e8res pr\u00e9visions d\u00e9calent les premiers 30\u00b0C g\u00e9n\u00e9ralis\u00e9s de l&rsquo;ann\u00e9e \u00e0 la journ\u00e9e de mardi, mais ils seront localement relev\u00e9s lundi en Val de Sa\u00f4ne. Le pic de chaleur pourrait \u00eatre atteint le mercredi avec 32 \u00e0 33\u00b0C en plaine. Ce dimanche comme annonc\u00e9 il y a quelques jours les temp\u00e9ratures sont proches des 26 &hellip; Continuer la lecture de 24h de r\u00e9pits pour les fortes chaleurs dans l&rsquo;Ain\" \/>\n<meta property=\"og:url\" content=\"https:\/\/planete-meteo.com\/blog\/2021\/06\/13\/24h-de-repits-pour-les-fortes-chaleurs-dans-lain\/\" \/>\n<meta property=\"og:site_name\" content=\"Plan\u00e8te M\u00e9t\u00e9o Blog\" \/>\n<meta property=\"article:published_time\" content=\"2021-06-13T14:23:01+00:00\" \/>\n<meta property=\"article:modified_time\" content=\"2021-06-13T14:58:51+00:00\" \/>\n<meta property=\"og:image\" content=\"https:\/\/planete-meteo.com\/blog\/wp-content\/uploads\/2021\/06\/o1iU4PC.png\" \/>\n<meta name=\"author\" content=\"Benji\" \/>\n<meta name=\"twitter:card\" content=\"summary_large_image\" \/>\n<meta name=\"twitter:label1\" content=\"\u00c9crit par\" \/>\n\t<meta name=\"twitter:data1\" content=\"Benji\" \/>\n\t<meta name=\"twitter:label2\" content=\"Dur\u00e9e de lecture estim\u00e9e\" \/>\n\t<meta name=\"twitter:data2\" content=\"2 minutes\" \/>\n<script type=\"application\/ld+json\" class=\"yoast-schema-graph\">{\"@context\":\"https:\/\/schema.org\",\"@graph\":[{\"@type\":\"Article\",\"@id\":\"https:\/\/planete-meteo.com\/blog\/2021\/06\/13\/24h-de-repits-pour-les-fortes-chaleurs-dans-lain\/#article\",\"isPartOf\":{\"@id\":\"https:\/\/planete-meteo.com\/blog\/2021\/06\/13\/24h-de-repits-pour-les-fortes-chaleurs-dans-lain\/\"},\"author\":{\"name\":\"Benji\",\"@id\":\"https:\/\/planete-meteo.com\/blog\/#\/schema\/person\/9f8b4184457873e167f52653d6a2b9c4\"},\"headline\":\"24h de r\u00e9pits pour les fortes chaleurs dans l&rsquo;Ain\",\"datePublished\":\"2021-06-13T14:23:01+00:00\",\"dateModified\":\"2021-06-13T14:58:51+00:00\",\"mainEntityOfPage\":{\"@id\":\"https:\/\/planete-meteo.com\/blog\/2021\/06\/13\/24h-de-repits-pour-les-fortes-chaleurs-dans-lain\/\"},\"wordCount\":349,\"commentCount\":0,\"publisher\":{\"@id\":\"https:\/\/planete-meteo.com\/blog\/#organization\"},\"image\":{\"@id\":\"https:\/\/planete-meteo.com\/blog\/2021\/06\/13\/24h-de-repits-pour-les-fortes-chaleurs-dans-lain\/#primaryimage\"},\"thumbnailUrl\":\"https:\/\/planete-meteo.com\/blog\/wp-content\/uploads\/2021\/06\/o1iU4PC.png\",\"articleSection\":[\"Pr\u00e9visions\"],\"inLanguage\":\"fr-FR\",\"potentialAction\":[{\"@type\":\"CommentAction\",\"name\":\"Comment\",\"target\":[\"https:\/\/planete-meteo.com\/blog\/2021\/06\/13\/24h-de-repits-pour-les-fortes-chaleurs-dans-lain\/#respond\"]}]},{\"@type\":\"WebPage\",\"@id\":\"https:\/\/planete-meteo.com\/blog\/2021\/06\/13\/24h-de-repits-pour-les-fortes-chaleurs-dans-lain\/\",\"url\":\"https:\/\/planete-meteo.com\/blog\/2021\/06\/13\/24h-de-repits-pour-les-fortes-chaleurs-dans-lain\/\",\"name\":\"24h de r\u00e9pits pour les fortes chaleurs dans l'Ain - Plan\u00e8te M\u00e9t\u00e9o Blog\",\"isPartOf\":{\"@id\":\"https:\/\/planete-meteo.com\/blog\/#website\"},\"primaryImageOfPage\":{\"@id\":\"https:\/\/planete-meteo.com\/blog\/2021\/06\/13\/24h-de-repits-pour-les-fortes-chaleurs-dans-lain\/#primaryimage\"},\"image\":{\"@id\":\"https:\/\/planete-meteo.com\/blog\/2021\/06\/13\/24h-de-repits-pour-les-fortes-chaleurs-dans-lain\/#primaryimage\"},\"thumbnailUrl\":\"https:\/\/planete-meteo.com\/blog\/wp-content\/uploads\/2021\/06\/o1iU4PC.png\",\"datePublished\":\"2021-06-13T14:23:01+00:00\",\"dateModified\":\"2021-06-13T14:58:51+00:00\",\"breadcrumb\":{\"@id\":\"https:\/\/planete-meteo.com\/blog\/2021\/06\/13\/24h-de-repits-pour-les-fortes-chaleurs-dans-lain\/#breadcrumb\"},\"inLanguage\":\"fr-FR\",\"potentialAction\":[{\"@type\":\"ReadAction\",\"target\":[\"https:\/\/planete-meteo.com\/blog\/2021\/06\/13\/24h-de-repits-pour-les-fortes-chaleurs-dans-lain\/\"]}]},{\"@type\":\"ImageObject\",\"inLanguage\":\"fr-FR\",\"@id\":\"https:\/\/planete-meteo.com\/blog\/2021\/06\/13\/24h-de-repits-pour-les-fortes-chaleurs-dans-lain\/#primaryimage\",\"url\":\"https:\/\/planete-meteo.com\/blog\/wp-content\/uploads\/2021\/06\/o1iU4PC.png\",\"contentUrl\":\"https:\/\/planete-meteo.com\/blog\/wp-content\/uploads\/2021\/06\/o1iU4PC.png\",\"width\":427,\"height\":313},{\"@type\":\"BreadcrumbList\",\"@id\":\"https:\/\/planete-meteo.com\/blog\/2021\/06\/13\/24h-de-repits-pour-les-fortes-chaleurs-dans-lain\/#breadcrumb\",\"itemListElement\":[{\"@type\":\"ListItem\",\"position\":1,\"name\":\"Accueil\",\"item\":\"https:\/\/planete-meteo.com\/blog\/\"},{\"@type\":\"ListItem\",\"position\":2,\"name\":\"24h de r\u00e9pits pour les fortes chaleurs dans l&#8217;Ain\"}]},{\"@type\":\"WebSite\",\"@id\":\"https:\/\/planete-meteo.com\/blog\/#website\",\"url\":\"https:\/\/planete-meteo.com\/blog\/\",\"name\":\"Plan\u00e8te M\u00e9t\u00e9o Blog\",\"description\":\"Fil d&#039;actualit\u00e9 m\u00e9t\u00e9o, pr\u00e9visions, observations pour l&#039;Ain\",\"publisher\":{\"@id\":\"https:\/\/planete-meteo.com\/blog\/#organization\"},\"potentialAction\":[{\"@type\":\"SearchAction\",\"target\":{\"@type\":\"EntryPoint\",\"urlTemplate\":\"https:\/\/planete-meteo.com\/blog\/?s={search_term_string}\"},\"query-input\":\"required name=search_term_string\"}],\"inLanguage\":\"fr-FR\"},{\"@type\":\"Organization\",\"@id\":\"https:\/\/planete-meteo.com\/blog\/#organization\",\"name\":\"Plan\u00e8te M\u00e9t\u00e9o Blog\",\"url\":\"https:\/\/planete-meteo.com\/blog\/\",\"logo\":{\"@type\":\"ImageObject\",\"inLanguage\":\"fr-FR\",\"@id\":\"https:\/\/planete-meteo.com\/blog\/#\/schema\/logo\/image\/\",\"url\":\"https:\/\/planete-meteo.com\/blog\/wp-content\/uploads\/2021\/05\/cropped-cropped-logoPlanete-meteo_rond_500.png\",\"contentUrl\":\"https:\/\/planete-meteo.com\/blog\/wp-content\/uploads\/2021\/05\/cropped-cropped-logoPlanete-meteo_rond_500.png\",\"width\":248,\"height\":248,\"caption\":\"Plan\u00e8te M\u00e9t\u00e9o Blog\"},\"image\":{\"@id\":\"https:\/\/planete-meteo.com\/blog\/#\/schema\/logo\/image\/\"}},{\"@type\":\"Person\",\"@id\":\"https:\/\/planete-meteo.com\/blog\/#\/schema\/person\/9f8b4184457873e167f52653d6a2b9c4\",\"name\":\"Benji\",\"image\":{\"@type\":\"ImageObject\",\"inLanguage\":\"fr-FR\",\"@id\":\"https:\/\/planete-meteo.com\/blog\/#\/schema\/person\/image\/\",\"url\":\"https:\/\/secure.gravatar.com\/avatar\/57bb786c89649ee5e336c8f53eff444c49ed4a158048c7edf8895080b80d27a1?s=96&d=retro&r=g\",\"contentUrl\":\"https:\/\/secure.gravatar.com\/avatar\/57bb786c89649ee5e336c8f53eff444c49ed4a158048c7edf8895080b80d27a1?s=96&d=retro&r=g\",\"caption\":\"Benji\"},\"sameAs\":[\"http:\/\/planete-meteo.com\/blog\"],\"url\":\"https:\/\/planete-meteo.com\/blog\/author\/benji\/\"}]}<\/script>\n<!-- \/ Yoast SEO plugin. -->","yoast_head_json":{"title":"24h de r\u00e9pits pour les fortes chaleurs dans l'Ain - Plan\u00e8te M\u00e9t\u00e9o Blog","robots":{"index":"index","follow":"follow","max-snippet":"max-snippet:-1","max-image-preview":"max-image-preview:large","max-video-preview":"max-video-preview:-1"},"canonical":"https:\/\/planete-meteo.com\/blog\/2021\/06\/13\/24h-de-repits-pour-les-fortes-chaleurs-dans-lain\/","og_locale":"fr_FR","og_type":"article","og_title":"24h de r\u00e9pits pour les fortes chaleurs dans l'Ain - Plan\u00e8te M\u00e9t\u00e9o Blog","og_description":"Les derni\u00e8res pr\u00e9visions d\u00e9calent les premiers 30\u00b0C g\u00e9n\u00e9ralis\u00e9s de l&rsquo;ann\u00e9e \u00e0 la journ\u00e9e de mardi, mais ils seront localement relev\u00e9s lundi en Val de Sa\u00f4ne. Le pic de chaleur pourrait \u00eatre atteint le mercredi avec 32 \u00e0 33\u00b0C en plaine. Ce dimanche comme annonc\u00e9 il y a quelques jours les temp\u00e9ratures sont proches des 26 &hellip; Continuer la lecture de 24h de r\u00e9pits pour les fortes chaleurs dans l&rsquo;Ain","og_url":"https:\/\/planete-meteo.com\/blog\/2021\/06\/13\/24h-de-repits-pour-les-fortes-chaleurs-dans-lain\/","og_site_name":"Plan\u00e8te M\u00e9t\u00e9o Blog","article_published_time":"2021-06-13T14:23:01+00:00","article_modified_time":"2021-06-13T14:58:51+00:00","og_image":[{"url":"https:\/\/planete-meteo.com\/blog\/wp-content\/uploads\/2021\/06\/o1iU4PC.png"}],"author":"Benji","twitter_card":"summary_large_image","twitter_misc":{"\u00c9crit par":"Benji","Dur\u00e9e de lecture estim\u00e9e":"2 minutes"},"schema":{"@context":"https:\/\/schema.org","@graph":[{"@type":"Article","@id":"https:\/\/planete-meteo.com\/blog\/2021\/06\/13\/24h-de-repits-pour-les-fortes-chaleurs-dans-lain\/#article","isPartOf":{"@id":"https:\/\/planete-meteo.com\/blog\/2021\/06\/13\/24h-de-repits-pour-les-fortes-chaleurs-dans-lain\/"},"author":{"name":"Benji","@id":"https:\/\/planete-meteo.com\/blog\/#\/schema\/person\/9f8b4184457873e167f52653d6a2b9c4"},"headline":"24h de r\u00e9pits pour les fortes chaleurs dans l&rsquo;Ain","datePublished":"2021-06-13T14:23:01+00:00","dateModified":"2021-06-13T14:58:51+00:00","mainEntityOfPage":{"@id":"https:\/\/planete-meteo.com\/blog\/2021\/06\/13\/24h-de-repits-pour-les-fortes-chaleurs-dans-lain\/"},"wordCount":349,"commentCount":0,"publisher":{"@id":"https:\/\/planete-meteo.com\/blog\/#organization"},"image":{"@id":"https:\/\/planete-meteo.com\/blog\/2021\/06\/13\/24h-de-repits-pour-les-fortes-chaleurs-dans-lain\/#primaryimage"},"thumbnailUrl":"https:\/\/planete-meteo.com\/blog\/wp-content\/uploads\/2021\/06\/o1iU4PC.png","articleSection":["Pr\u00e9visions"],"inLanguage":"fr-FR","potentialAction":[{"@type":"CommentAction","name":"Comment","target":["https:\/\/planete-meteo.com\/blog\/2021\/06\/13\/24h-de-repits-pour-les-fortes-chaleurs-dans-lain\/#respond"]}]},{"@type":"WebPage","@id":"https:\/\/planete-meteo.com\/blog\/2021\/06\/13\/24h-de-repits-pour-les-fortes-chaleurs-dans-lain\/","url":"https:\/\/planete-meteo.com\/blog\/2021\/06\/13\/24h-de-repits-pour-les-fortes-chaleurs-dans-lain\/","name":"24h de r\u00e9pits pour les fortes chaleurs dans l'Ain - Plan\u00e8te M\u00e9t\u00e9o Blog","isPartOf":{"@id":"https:\/\/planete-meteo.com\/blog\/#website"},"primaryImageOfPage":{"@id":"https:\/\/planete-meteo.com\/blog\/2021\/06\/13\/24h-de-repits-pour-les-fortes-chaleurs-dans-lain\/#primaryimage"},"image":{"@id":"https:\/\/planete-meteo.com\/blog\/2021\/06\/13\/24h-de-repits-pour-les-fortes-chaleurs-dans-lain\/#primaryimage"},"thumbnailUrl":"https:\/\/planete-meteo.com\/blog\/wp-content\/uploads\/2021\/06\/o1iU4PC.png","datePublished":"2021-06-13T14:23:01+00:00","dateModified":"2021-06-13T14:58:51+00:00","breadcrumb":{"@id":"https:\/\/planete-meteo.com\/blog\/2021\/06\/13\/24h-de-repits-pour-les-fortes-chaleurs-dans-lain\/#breadcrumb"},"inLanguage":"fr-FR","potentialAction":[{"@type":"ReadAction","target":["https:\/\/planete-meteo.com\/blog\/2021\/06\/13\/24h-de-repits-pour-les-fortes-chaleurs-dans-lain\/"]}]},{"@type":"ImageObject","inLanguage":"fr-FR","@id":"https:\/\/planete-meteo.com\/blog\/2021\/06\/13\/24h-de-repits-pour-les-fortes-chaleurs-dans-lain\/#primaryimage","url":"https:\/\/planete-meteo.com\/blog\/wp-content\/uploads\/2021\/06\/o1iU4PC.png","contentUrl":"https:\/\/planete-meteo.com\/blog\/wp-content\/uploads\/2021\/06\/o1iU4PC.png","width":427,"height":313},{"@type":"BreadcrumbList","@id":"https:\/\/planete-meteo.com\/blog\/2021\/06\/13\/24h-de-repits-pour-les-fortes-chaleurs-dans-lain\/#breadcrumb","itemListElement":[{"@type":"ListItem","position":1,"name":"Accueil","item":"https:\/\/planete-meteo.com\/blog\/"},{"@type":"ListItem","position":2,"name":"24h de r\u00e9pits pour les fortes chaleurs dans l&#8217;Ain"}]},{"@type":"WebSite","@id":"https:\/\/planete-meteo.com\/blog\/#website","url":"https:\/\/planete-meteo.com\/blog\/","name":"Plan\u00e8te M\u00e9t\u00e9o Blog","description":"Fil d&#039;actualit\u00e9 m\u00e9t\u00e9o, pr\u00e9visions, observations pour l&#039;Ain","publisher":{"@id":"https:\/\/planete-meteo.com\/blog\/#organization"},"potentialAction":[{"@type":"SearchAction","target":{"@type":"EntryPoint","urlTemplate":"https:\/\/planete-meteo.com\/blog\/?s={search_term_string}"},"query-input":"required name=search_term_string"}],"inLanguage":"fr-FR"},{"@type":"Organization","@id":"https:\/\/planete-meteo.com\/blog\/#organization","name":"Plan\u00e8te M\u00e9t\u00e9o Blog","url":"https:\/\/planete-meteo.com\/blog\/","logo":{"@type":"ImageObject","inLanguage":"fr-FR","@id":"https:\/\/planete-meteo.com\/blog\/#\/schema\/logo\/image\/","url":"https:\/\/planete-meteo.com\/blog\/wp-content\/uploads\/2021\/05\/cropped-cropped-logoPlanete-meteo_rond_500.png","contentUrl":"https:\/\/planete-meteo.com\/blog\/wp-content\/uploads\/2021\/05\/cropped-cropped-logoPlanete-meteo_rond_500.png","width":248,"height":248,"caption":"Plan\u00e8te M\u00e9t\u00e9o Blog"},"image":{"@id":"https:\/\/planete-meteo.com\/blog\/#\/schema\/logo\/image\/"}},{"@type":"Person","@id":"https:\/\/planete-meteo.com\/blog\/#\/schema\/person\/9f8b4184457873e167f52653d6a2b9c4","name":"Benji","image":{"@type":"ImageObject","inLanguage":"fr-FR","@id":"https:\/\/planete-meteo.com\/blog\/#\/schema\/person\/image\/","url":"https:\/\/secure.gravatar.com\/avatar\/57bb786c89649ee5e336c8f53eff444c49ed4a158048c7edf8895080b80d27a1?s=96&d=retro&r=g","contentUrl":"https:\/\/secure.gravatar.com\/avatar\/57bb786c89649ee5e336c8f53eff444c49ed4a158048c7edf8895080b80d27a1?s=96&d=retro&r=g","caption":"Benji"},"sameAs":["http:\/\/planete-meteo.com\/blog"],"url":"https:\/\/planete-meteo.com\/blog\/author\/benji\/"}]}},"_links":{"self":[{"href":"https:\/\/planete-meteo.com\/blog\/wp-json\/wp\/v2\/posts\/101","targetHints":{"allow":["GET"]}}],"collection":[{"href":"https:\/\/planete-meteo.com\/blog\/wp-json\/wp\/v2\/posts"}],"about":[{"href":"https:\/\/planete-meteo.com\/blog\/wp-json\/wp\/v2\/types\/post"}],"author":[{"embeddable":true,"href":"https:\/\/planete-meteo.com\/blog\/wp-json\/wp\/v2\/users\/1"}],"replies":[{"embeddable":true,"href":"https:\/\/planete-meteo.com\/blog\/wp-json\/wp\/v2\/comments?post=101"}],"version-history":[{"count":2,"href":"https:\/\/planete-meteo.com\/blog\/wp-json\/wp\/v2\/posts\/101\/revisions"}],"predecessor-version":[{"id":106,"href":"https:\/\/planete-meteo.com\/blog\/wp-json\/wp\/v2\/posts\/101\/revisions\/106"}],"wp:attachment":[{"href":"https:\/\/planete-meteo.com\/blog\/wp-json\/wp\/v2\/media?parent=101"}],"wp:term":[{"taxonomy":"category","embeddable":true,"href":"https:\/\/planete-meteo.com\/blog\/wp-json\/wp\/v2\/categories?post=101"},{"taxonomy":"post_tag","embeddable":true,"href":"https:\/\/planete-meteo.com\/blog\/wp-json\/wp\/v2\/tags?post=101"}],"curies":[{"name":"wp","href":"https:\/\/api.w.org\/{rel}","templated":true}]}}