{"id":107,"date":"2021-06-15T21:30:45","date_gmt":"2021-06-15T19:30:45","guid":{"rendered":"https:\/\/planete-meteo.com\/blog\/?p=107"},"modified":"2021-06-15T21:30:45","modified_gmt":"2021-06-15T19:30:45","slug":"premiers-30-c-de-lannee-dans-lain","status":"publish","type":"post","link":"https:\/\/planete-meteo.com\/blog\/2021\/06\/15\/premiers-30-c-de-lannee-dans-lain\/","title":{"rendered":"Premiers 30 \u00b0C de l&rsquo;ann\u00e9e dans l&rsquo;Ain"},"content":{"rendered":"\n<p>Les premiers 30\u00b0C de l&rsquo;ann\u00e9e en plaine a \u00e9t\u00e9 atteint quasiment partout dans l&rsquo;Ain ce mardi. <\/p>\n\n\n\n<p>Je rel\u00e8ve pour ma station donc 30.1\u00b0C \u00e0 Bourg en Bresse, pour ce qui est des stations du reste du d\u00e9partement, 30.3\u00b0C \u00e0 Cessy et Belley, 30.5\u00b0C \u00e0 St Rambert en Bugey, 30.8\u00b0C \u00e0 Marlieux, 31.1\u00b0C \u00e0 <a rel=\"noreferrer noopener\" href=\"https:\/\/www.meteo-viriat.fr\/\" target=\"_blank\">Viriat<\/a> <\/p>\n\n\n\n<p>Le seuil des fortes chaleurs a \u00e9t\u00e9 fr\u00f4l\u00e9 pr\u00e8s du Revermont\/Bugey avec 29.9\u00b0C \u00e0 Ceyzeriat et Amb\u00e9rieu en Bugey<\/p>\n\n\n\n<div class=\"wp-block-image\"><figure class=\"aligncenter size-large\"><img loading=\"lazy\" decoding=\"async\" width=\"403\" height=\"305\" src=\"https:\/\/planete-meteo.com\/blog\/wp-content\/uploads\/2021\/06\/E38i7a1XMAACWsw.png\" alt=\"\" class=\"wp-image-108\" srcset=\"https:\/\/planete-meteo.com\/blog\/wp-content\/uploads\/2021\/06\/E38i7a1XMAACWsw.png 403w, https:\/\/planete-meteo.com\/blog\/wp-content\/uploads\/2021\/06\/E38i7a1XMAACWsw-300x227.png 300w\" sizes=\"auto, (max-width: 403px) 100vw, 403px\" \/><figcaption>Carte des temp\u00e9ratures maximales du 15 juin 2021<\/figcaption><\/figure><\/div>\n\n\n\n<p>Demain une nouvelle journ\u00e9e de forte chaleur est pr\u00e9vue avec 31 \u00e0 34\u00b0C en plaine, la journ\u00e9e sera majoritairement sous le soleil. Le soir ce sont quelques nuages issues de cellules orageuses sur le massif central qui nous cachera le soleil en toute fin de soir\u00e9e, sans risque de pluie.<\/p>\n","protected":false},"excerpt":{"rendered":"<p>Les premiers 30\u00b0C de l&rsquo;ann\u00e9e en plaine a \u00e9t\u00e9 atteint quasiment partout dans l&rsquo;Ain ce mardi. Je rel\u00e8ve pour ma station donc 30.1\u00b0C \u00e0 Bourg en Bresse, pour ce qui est des stations du reste du d\u00e9partement, 30.3\u00b0C \u00e0 Cessy et Belley, 30.5\u00b0C \u00e0 St Rambert en Bugey, 30.8\u00b0C \u00e0 Marlieux, 31.1\u00b0C \u00e0 Viriat Le &hellip; <a href=\"https:\/\/planete-meteo.com\/blog\/2021\/06\/15\/premiers-30-c-de-lannee-dans-lain\/\" class=\"more-link\">Continuer la lecture de <span class=\"screen-reader-text\">Premiers 30 \u00b0C de l&rsquo;ann\u00e9e dans l&rsquo;Ain<\/span><\/a><\/p>\n","protected":false},"author":1,"featured_media":0,"comment_status":"open","ping_status":"open","sticky":false,"template":"","format":"standard","meta":{"footnotes":""},"categories":[1],"tags":[],"class_list":["post-107","post","type-post","status-publish","format-standard","hentry","category-uncategorized"],"yoast_head":"<!-- This site is optimized with the Yoast SEO plugin v22.8 - https:\/\/yoast.com\/wordpress\/plugins\/seo\/ -->\n<title>Premiers 30 \u00b0C de l&#039;ann\u00e9e dans l&#039;Ain - Plan\u00e8te M\u00e9t\u00e9o Blog<\/title>\n<meta name=\"robots\" content=\"index, follow, max-snippet:-1, max-image-preview:large, max-video-preview:-1\" \/>\n<link rel=\"canonical\" href=\"https:\/\/planete-meteo.com\/blog\/2021\/06\/15\/premiers-30-c-de-lannee-dans-lain\/\" \/>\n<meta property=\"og:locale\" content=\"fr_FR\" \/>\n<meta property=\"og:type\" content=\"article\" \/>\n<meta property=\"og:title\" content=\"Premiers 30 \u00b0C de l&#039;ann\u00e9e dans l&#039;Ain - Plan\u00e8te M\u00e9t\u00e9o Blog\" \/>\n<meta property=\"og:description\" content=\"Les premiers 30\u00b0C de l&rsquo;ann\u00e9e en plaine a \u00e9t\u00e9 atteint quasiment partout dans l&rsquo;Ain ce mardi. Je rel\u00e8ve pour ma station donc 30.1\u00b0C \u00e0 Bourg en Bresse, pour ce qui est des stations du reste du d\u00e9partement, 30.3\u00b0C \u00e0 Cessy et Belley, 30.5\u00b0C \u00e0 St Rambert en Bugey, 30.8\u00b0C \u00e0 Marlieux, 31.1\u00b0C \u00e0 Viriat Le &hellip; Continuer la lecture de Premiers 30 \u00b0C de l&rsquo;ann\u00e9e dans l&rsquo;Ain\" \/>\n<meta property=\"og:url\" content=\"https:\/\/planete-meteo.com\/blog\/2021\/06\/15\/premiers-30-c-de-lannee-dans-lain\/\" \/>\n<meta property=\"og:site_name\" content=\"Plan\u00e8te M\u00e9t\u00e9o Blog\" \/>\n<meta property=\"article:published_time\" content=\"2021-06-15T19:30:45+00:00\" \/>\n<meta property=\"og:image\" content=\"https:\/\/planete-meteo.com\/blog\/wp-content\/uploads\/2021\/06\/E38i7a1XMAACWsw.png\" \/>\n<meta name=\"author\" content=\"Benji\" \/>\n<meta name=\"twitter:card\" content=\"summary_large_image\" \/>\n<meta name=\"twitter:label1\" content=\"\u00c9crit par\" \/>\n\t<meta name=\"twitter:data1\" content=\"Benji\" \/>\n\t<meta name=\"twitter:label2\" content=\"Dur\u00e9e de lecture estim\u00e9e\" \/>\n\t<meta name=\"twitter:data2\" content=\"1 minute\" \/>\n<script type=\"application\/ld+json\" class=\"yoast-schema-graph\">{\"@context\":\"https:\/\/schema.org\",\"@graph\":[{\"@type\":\"Article\",\"@id\":\"https:\/\/planete-meteo.com\/blog\/2021\/06\/15\/premiers-30-c-de-lannee-dans-lain\/#article\",\"isPartOf\":{\"@id\":\"https:\/\/planete-meteo.com\/blog\/2021\/06\/15\/premiers-30-c-de-lannee-dans-lain\/\"},\"author\":{\"name\":\"Benji\",\"@id\":\"https:\/\/planete-meteo.com\/blog\/#\/schema\/person\/9f8b4184457873e167f52653d6a2b9c4\"},\"headline\":\"Premiers 30 \u00b0C de l&rsquo;ann\u00e9e dans l&rsquo;Ain\",\"datePublished\":\"2021-06-15T19:30:45+00:00\",\"dateModified\":\"2021-06-15T19:30:45+00:00\",\"mainEntityOfPage\":{\"@id\":\"https:\/\/planete-meteo.com\/blog\/2021\/06\/15\/premiers-30-c-de-lannee-dans-lain\/\"},\"wordCount\":140,\"commentCount\":0,\"publisher\":{\"@id\":\"https:\/\/planete-meteo.com\/blog\/#organization\"},\"image\":{\"@id\":\"https:\/\/planete-meteo.com\/blog\/2021\/06\/15\/premiers-30-c-de-lannee-dans-lain\/#primaryimage\"},\"thumbnailUrl\":\"https:\/\/planete-meteo.com\/blog\/wp-content\/uploads\/2021\/06\/E38i7a1XMAACWsw.png\",\"articleSection\":[\"Uncategorized\"],\"inLanguage\":\"fr-FR\",\"potentialAction\":[{\"@type\":\"CommentAction\",\"name\":\"Comment\",\"target\":[\"https:\/\/planete-meteo.com\/blog\/2021\/06\/15\/premiers-30-c-de-lannee-dans-lain\/#respond\"]}]},{\"@type\":\"WebPage\",\"@id\":\"https:\/\/planete-meteo.com\/blog\/2021\/06\/15\/premiers-30-c-de-lannee-dans-lain\/\",\"url\":\"https:\/\/planete-meteo.com\/blog\/2021\/06\/15\/premiers-30-c-de-lannee-dans-lain\/\",\"name\":\"Premiers 30 \u00b0C de l'ann\u00e9e dans l'Ain - Plan\u00e8te M\u00e9t\u00e9o Blog\",\"isPartOf\":{\"@id\":\"https:\/\/planete-meteo.com\/blog\/#website\"},\"primaryImageOfPage\":{\"@id\":\"https:\/\/planete-meteo.com\/blog\/2021\/06\/15\/premiers-30-c-de-lannee-dans-lain\/#primaryimage\"},\"image\":{\"@id\":\"https:\/\/planete-meteo.com\/blog\/2021\/06\/15\/premiers-30-c-de-lannee-dans-lain\/#primaryimage\"},\"thumbnailUrl\":\"https:\/\/planete-meteo.com\/blog\/wp-content\/uploads\/2021\/06\/E38i7a1XMAACWsw.png\",\"datePublished\":\"2021-06-15T19:30:45+00:00\",\"dateModified\":\"2021-06-15T19:30:45+00:00\",\"breadcrumb\":{\"@id\":\"https:\/\/planete-meteo.com\/blog\/2021\/06\/15\/premiers-30-c-de-lannee-dans-lain\/#breadcrumb\"},\"inLanguage\":\"fr-FR\",\"potentialAction\":[{\"@type\":\"ReadAction\",\"target\":[\"https:\/\/planete-meteo.com\/blog\/2021\/06\/15\/premiers-30-c-de-lannee-dans-lain\/\"]}]},{\"@type\":\"ImageObject\",\"inLanguage\":\"fr-FR\",\"@id\":\"https:\/\/planete-meteo.com\/blog\/2021\/06\/15\/premiers-30-c-de-lannee-dans-lain\/#primaryimage\",\"url\":\"https:\/\/planete-meteo.com\/blog\/wp-content\/uploads\/2021\/06\/E38i7a1XMAACWsw.png\",\"contentUrl\":\"https:\/\/planete-meteo.com\/blog\/wp-content\/uploads\/2021\/06\/E38i7a1XMAACWsw.png\",\"width\":403,\"height\":305},{\"@type\":\"BreadcrumbList\",\"@id\":\"https:\/\/planete-meteo.com\/blog\/2021\/06\/15\/premiers-30-c-de-lannee-dans-lain\/#breadcrumb\",\"itemListElement\":[{\"@type\":\"ListItem\",\"position\":1,\"name\":\"Accueil\",\"item\":\"https:\/\/planete-meteo.com\/blog\/\"},{\"@type\":\"ListItem\",\"position\":2,\"name\":\"Premiers 30 \u00b0C de l&#8217;ann\u00e9e dans l&#8217;Ain\"}]},{\"@type\":\"WebSite\",\"@id\":\"https:\/\/planete-meteo.com\/blog\/#website\",\"url\":\"https:\/\/planete-meteo.com\/blog\/\",\"name\":\"Plan\u00e8te M\u00e9t\u00e9o Blog\",\"description\":\"Fil d&#039;actualit\u00e9 m\u00e9t\u00e9o, pr\u00e9visions, observations pour l&#039;Ain\",\"publisher\":{\"@id\":\"https:\/\/planete-meteo.com\/blog\/#organization\"},\"potentialAction\":[{\"@type\":\"SearchAction\",\"target\":{\"@type\":\"EntryPoint\",\"urlTemplate\":\"https:\/\/planete-meteo.com\/blog\/?s={search_term_string}\"},\"query-input\":\"required name=search_term_string\"}],\"inLanguage\":\"fr-FR\"},{\"@type\":\"Organization\",\"@id\":\"https:\/\/planete-meteo.com\/blog\/#organization\",\"name\":\"Plan\u00e8te M\u00e9t\u00e9o Blog\",\"url\":\"https:\/\/planete-meteo.com\/blog\/\",\"logo\":{\"@type\":\"ImageObject\",\"inLanguage\":\"fr-FR\",\"@id\":\"https:\/\/planete-meteo.com\/blog\/#\/schema\/logo\/image\/\",\"url\":\"https:\/\/planete-meteo.com\/blog\/wp-content\/uploads\/2021\/05\/cropped-cropped-logoPlanete-meteo_rond_500.png\",\"contentUrl\":\"https:\/\/planete-meteo.com\/blog\/wp-content\/uploads\/2021\/05\/cropped-cropped-logoPlanete-meteo_rond_500.png\",\"width\":248,\"height\":248,\"caption\":\"Plan\u00e8te M\u00e9t\u00e9o Blog\"},\"image\":{\"@id\":\"https:\/\/planete-meteo.com\/blog\/#\/schema\/logo\/image\/\"}},{\"@type\":\"Person\",\"@id\":\"https:\/\/planete-meteo.com\/blog\/#\/schema\/person\/9f8b4184457873e167f52653d6a2b9c4\",\"name\":\"Benji\",\"image\":{\"@type\":\"ImageObject\",\"inLanguage\":\"fr-FR\",\"@id\":\"https:\/\/planete-meteo.com\/blog\/#\/schema\/person\/image\/\",\"url\":\"https:\/\/secure.gravatar.com\/avatar\/57bb786c89649ee5e336c8f53eff444c49ed4a158048c7edf8895080b80d27a1?s=96&d=retro&r=g\",\"contentUrl\":\"https:\/\/secure.gravatar.com\/avatar\/57bb786c89649ee5e336c8f53eff444c49ed4a158048c7edf8895080b80d27a1?s=96&d=retro&r=g\",\"caption\":\"Benji\"},\"sameAs\":[\"http:\/\/planete-meteo.com\/blog\"],\"url\":\"https:\/\/planete-meteo.com\/blog\/author\/benji\/\"}]}<\/script>\n<!-- \/ Yoast SEO plugin. -->","yoast_head_json":{"title":"Premiers 30 \u00b0C de l'ann\u00e9e dans l'Ain - Plan\u00e8te M\u00e9t\u00e9o Blog","robots":{"index":"index","follow":"follow","max-snippet":"max-snippet:-1","max-image-preview":"max-image-preview:large","max-video-preview":"max-video-preview:-1"},"canonical":"https:\/\/planete-meteo.com\/blog\/2021\/06\/15\/premiers-30-c-de-lannee-dans-lain\/","og_locale":"fr_FR","og_type":"article","og_title":"Premiers 30 \u00b0C de l'ann\u00e9e dans l'Ain - Plan\u00e8te M\u00e9t\u00e9o Blog","og_description":"Les premiers 30\u00b0C de l&rsquo;ann\u00e9e en plaine a \u00e9t\u00e9 atteint quasiment partout dans l&rsquo;Ain ce mardi. Je rel\u00e8ve pour ma station donc 30.1\u00b0C \u00e0 Bourg en Bresse, pour ce qui est des stations du reste du d\u00e9partement, 30.3\u00b0C \u00e0 Cessy et Belley, 30.5\u00b0C \u00e0 St Rambert en Bugey, 30.8\u00b0C \u00e0 Marlieux, 31.1\u00b0C \u00e0 Viriat Le &hellip; Continuer la lecture de Premiers 30 \u00b0C de l&rsquo;ann\u00e9e dans l&rsquo;Ain","og_url":"https:\/\/planete-meteo.com\/blog\/2021\/06\/15\/premiers-30-c-de-lannee-dans-lain\/","og_site_name":"Plan\u00e8te M\u00e9t\u00e9o Blog","article_published_time":"2021-06-15T19:30:45+00:00","og_image":[{"url":"https:\/\/planete-meteo.com\/blog\/wp-content\/uploads\/2021\/06\/E38i7a1XMAACWsw.png"}],"author":"Benji","twitter_card":"summary_large_image","twitter_misc":{"\u00c9crit par":"Benji","Dur\u00e9e de lecture estim\u00e9e":"1 minute"},"schema":{"@context":"https:\/\/schema.org","@graph":[{"@type":"Article","@id":"https:\/\/planete-meteo.com\/blog\/2021\/06\/15\/premiers-30-c-de-lannee-dans-lain\/#article","isPartOf":{"@id":"https:\/\/planete-meteo.com\/blog\/2021\/06\/15\/premiers-30-c-de-lannee-dans-lain\/"},"author":{"name":"Benji","@id":"https:\/\/planete-meteo.com\/blog\/#\/schema\/person\/9f8b4184457873e167f52653d6a2b9c4"},"headline":"Premiers 30 \u00b0C de l&rsquo;ann\u00e9e dans l&rsquo;Ain","datePublished":"2021-06-15T19:30:45+00:00","dateModified":"2021-06-15T19:30:45+00:00","mainEntityOfPage":{"@id":"https:\/\/planete-meteo.com\/blog\/2021\/06\/15\/premiers-30-c-de-lannee-dans-lain\/"},"wordCount":140,"commentCount":0,"publisher":{"@id":"https:\/\/planete-meteo.com\/blog\/#organization"},"image":{"@id":"https:\/\/planete-meteo.com\/blog\/2021\/06\/15\/premiers-30-c-de-lannee-dans-lain\/#primaryimage"},"thumbnailUrl":"https:\/\/planete-meteo.com\/blog\/wp-content\/uploads\/2021\/06\/E38i7a1XMAACWsw.png","articleSection":["Uncategorized"],"inLanguage":"fr-FR","potentialAction":[{"@type":"CommentAction","name":"Comment","target":["https:\/\/planete-meteo.com\/blog\/2021\/06\/15\/premiers-30-c-de-lannee-dans-lain\/#respond"]}]},{"@type":"WebPage","@id":"https:\/\/planete-meteo.com\/blog\/2021\/06\/15\/premiers-30-c-de-lannee-dans-lain\/","url":"https:\/\/planete-meteo.com\/blog\/2021\/06\/15\/premiers-30-c-de-lannee-dans-lain\/","name":"Premiers 30 \u00b0C de l'ann\u00e9e dans l'Ain - Plan\u00e8te M\u00e9t\u00e9o Blog","isPartOf":{"@id":"https:\/\/planete-meteo.com\/blog\/#website"},"primaryImageOfPage":{"@id":"https:\/\/planete-meteo.com\/blog\/2021\/06\/15\/premiers-30-c-de-lannee-dans-lain\/#primaryimage"},"image":{"@id":"https:\/\/planete-meteo.com\/blog\/2021\/06\/15\/premiers-30-c-de-lannee-dans-lain\/#primaryimage"},"thumbnailUrl":"https:\/\/planete-meteo.com\/blog\/wp-content\/uploads\/2021\/06\/E38i7a1XMAACWsw.png","datePublished":"2021-06-15T19:30:45+00:00","dateModified":"2021-06-15T19:30:45+00:00","breadcrumb":{"@id":"https:\/\/planete-meteo.com\/blog\/2021\/06\/15\/premiers-30-c-de-lannee-dans-lain\/#breadcrumb"},"inLanguage":"fr-FR","potentialAction":[{"@type":"ReadAction","target":["https:\/\/planete-meteo.com\/blog\/2021\/06\/15\/premiers-30-c-de-lannee-dans-lain\/"]}]},{"@type":"ImageObject","inLanguage":"fr-FR","@id":"https:\/\/planete-meteo.com\/blog\/2021\/06\/15\/premiers-30-c-de-lannee-dans-lain\/#primaryimage","url":"https:\/\/planete-meteo.com\/blog\/wp-content\/uploads\/2021\/06\/E38i7a1XMAACWsw.png","contentUrl":"https:\/\/planete-meteo.com\/blog\/wp-content\/uploads\/2021\/06\/E38i7a1XMAACWsw.png","width":403,"height":305},{"@type":"BreadcrumbList","@id":"https:\/\/planete-meteo.com\/blog\/2021\/06\/15\/premiers-30-c-de-lannee-dans-lain\/#breadcrumb","itemListElement":[{"@type":"ListItem","position":1,"name":"Accueil","item":"https:\/\/planete-meteo.com\/blog\/"},{"@type":"ListItem","position":2,"name":"Premiers 30 \u00b0C de l&#8217;ann\u00e9e dans l&#8217;Ain"}]},{"@type":"WebSite","@id":"https:\/\/planete-meteo.com\/blog\/#website","url":"https:\/\/planete-meteo.com\/blog\/","name":"Plan\u00e8te M\u00e9t\u00e9o Blog","description":"Fil d&#039;actualit\u00e9 m\u00e9t\u00e9o, pr\u00e9visions, observations pour l&#039;Ain","publisher":{"@id":"https:\/\/planete-meteo.com\/blog\/#organization"},"potentialAction":[{"@type":"SearchAction","target":{"@type":"EntryPoint","urlTemplate":"https:\/\/planete-meteo.com\/blog\/?s={search_term_string}"},"query-input":"required name=search_term_string"}],"inLanguage":"fr-FR"},{"@type":"Organization","@id":"https:\/\/planete-meteo.com\/blog\/#organization","name":"Plan\u00e8te M\u00e9t\u00e9o Blog","url":"https:\/\/planete-meteo.com\/blog\/","logo":{"@type":"ImageObject","inLanguage":"fr-FR","@id":"https:\/\/planete-meteo.com\/blog\/#\/schema\/logo\/image\/","url":"https:\/\/planete-meteo.com\/blog\/wp-content\/uploads\/2021\/05\/cropped-cropped-logoPlanete-meteo_rond_500.png","contentUrl":"https:\/\/planete-meteo.com\/blog\/wp-content\/uploads\/2021\/05\/cropped-cropped-logoPlanete-meteo_rond_500.png","width":248,"height":248,"caption":"Plan\u00e8te M\u00e9t\u00e9o Blog"},"image":{"@id":"https:\/\/planete-meteo.com\/blog\/#\/schema\/logo\/image\/"}},{"@type":"Person","@id":"https:\/\/planete-meteo.com\/blog\/#\/schema\/person\/9f8b4184457873e167f52653d6a2b9c4","name":"Benji","image":{"@type":"ImageObject","inLanguage":"fr-FR","@id":"https:\/\/planete-meteo.com\/blog\/#\/schema\/person\/image\/","url":"https:\/\/secure.gravatar.com\/avatar\/57bb786c89649ee5e336c8f53eff444c49ed4a158048c7edf8895080b80d27a1?s=96&d=retro&r=g","contentUrl":"https:\/\/secure.gravatar.com\/avatar\/57bb786c89649ee5e336c8f53eff444c49ed4a158048c7edf8895080b80d27a1?s=96&d=retro&r=g","caption":"Benji"},"sameAs":["http:\/\/planete-meteo.com\/blog"],"url":"https:\/\/planete-meteo.com\/blog\/author\/benji\/"}]}},"_links":{"self":[{"href":"https:\/\/planete-meteo.com\/blog\/wp-json\/wp\/v2\/posts\/107","targetHints":{"allow":["GET"]}}],"collection":[{"href":"https:\/\/planete-meteo.com\/blog\/wp-json\/wp\/v2\/posts"}],"about":[{"href":"https:\/\/planete-meteo.com\/blog\/wp-json\/wp\/v2\/types\/post"}],"author":[{"embeddable":true,"href":"https:\/\/planete-meteo.com\/blog\/wp-json\/wp\/v2\/users\/1"}],"replies":[{"embeddable":true,"href":"https:\/\/planete-meteo.com\/blog\/wp-json\/wp\/v2\/comments?post=107"}],"version-history":[{"count":1,"href":"https:\/\/planete-meteo.com\/blog\/wp-json\/wp\/v2\/posts\/107\/revisions"}],"predecessor-version":[{"id":109,"href":"https:\/\/planete-meteo.com\/blog\/wp-json\/wp\/v2\/posts\/107\/revisions\/109"}],"wp:attachment":[{"href":"https:\/\/planete-meteo.com\/blog\/wp-json\/wp\/v2\/media?parent=107"}],"wp:term":[{"taxonomy":"category","embeddable":true,"href":"https:\/\/planete-meteo.com\/blog\/wp-json\/wp\/v2\/categories?post=107"},{"taxonomy":"post_tag","embeddable":true,"href":"https:\/\/planete-meteo.com\/blog\/wp-json\/wp\/v2\/tags?post=107"}],"curies":[{"name":"wp","href":"https:\/\/api.w.org\/{rel}","templated":true}]}}