{"id":110,"date":"2021-06-16T21:35:35","date_gmt":"2021-06-16T19:35:35","guid":{"rendered":"https:\/\/planete-meteo.com\/blog\/?p=110"},"modified":"2021-06-16T21:54:26","modified_gmt":"2021-06-16T19:54:26","slug":"vigilance-jaune-canicule-a-partir-du-16-juin-dans-lain","status":"publish","type":"post","link":"https:\/\/planete-meteo.com\/blog\/2021\/06\/16\/vigilance-jaune-canicule-a-partir-du-16-juin-dans-lain\/","title":{"rendered":"Vigilance jaune canicule \u00e0 partir du 16 juin dans l&rsquo;Ain"},"content":{"rendered":"\n<p>Tr\u00e8s chaude journ\u00e9e en ce 16 juin 2021 pas moins de 33.5\u00b0C relev\u00e9e \u00e0 <a rel=\"noreferrer noopener\" href=\"https:\/\/planete-meteo.com\/observations.php\" data-type=\"URL\" data-id=\"https:\/\/planete-meteo.com\/observations.php\" target=\"_blank\">Bourg en Bresse<\/a> le reste du d\u00e9partement est dans la m\u00eame fournaise carte\/tableau ci dessous :<\/p>\n\n\n\n<div class=\"wp-block-image\"><figure class=\"aligncenter size-large\"><img loading=\"lazy\" decoding=\"async\" width=\"422\" height=\"299\" src=\"https:\/\/planete-meteo.com\/blog\/wp-content\/uploads\/2021\/06\/5hhsKeq.png\" alt=\"\" class=\"wp-image-112\" srcset=\"https:\/\/planete-meteo.com\/blog\/wp-content\/uploads\/2021\/06\/5hhsKeq.png 422w, https:\/\/planete-meteo.com\/blog\/wp-content\/uploads\/2021\/06\/5hhsKeq-300x213.png 300w\" sizes=\"auto, (max-width: 422px) 100vw, 422px\" \/><\/figure><\/div>\n\n\n\n<figure class=\"wp-block-table\"><table><tbody><tr><td><a href=\"https:\/\/www.meteociel.fr\/temps-reel\/obs_villes.php?code2=1367002\">Saint Julien sur Reyssouze (01)<\/a><\/td><td>34.6\u00b0C<\/td><\/tr><tr><td><a href=\"https:\/\/www.meteo-viriat.fr\/\">Viriat (01)<\/a><\/td><td>33.9\u00b0C<\/td><\/tr><tr><td><a href=\"https:\/\/www.meteociel.fr\/temps-reel\/obs_villes.php?code2=46\"><em>Bourg-en-Bresse (01)<\/em><\/a><\/td><td>33.5\u00b0C<\/td><\/tr><tr><td><a href=\"https:\/\/www.meteociel.fr\/temps-reel\/obs_villes.php?code2=1064001\">V\u00e9rizieu (01)<\/a><\/td><td>33.5\u00b0C<\/td><\/tr><tr><td><a href=\"https:\/\/www.meteociel.fr\/temps-reel\/obs_villes.php?code2=1384003\">Saint-Rambert-en-Bugey (01)<\/a><\/td><td>33.5\u00b0C<\/td><\/tr><tr><td><a href=\"https:\/\/www.meteociel.fr\/temps-reel\/obs_villes.php?code2=1027003\">Balan (01)<\/a><\/td><td>33.5\u00b0C<\/td><\/tr><tr><td><a href=\"https:\/\/www.meteociel.fr\/temps-reel\/obs_villes.php?code2=1143002\">Divonne Zone Art. (01)<\/a><\/td><td>32.8\u00b0C<\/td><\/tr><tr><td><a href=\"https:\/\/www.meteociel.fr\/temps-reel\/obs_villes.php?code2=1072001\">Ceyz\u00e9riat (01)<\/a><\/td><td>32.7\u00b0C<\/td><\/tr><tr><td><a href=\"https:\/\/www.meteociel.fr\/temps-reel\/obs_villes.php?code2=7482\">Amb\u00e9rieu (01)<\/a><\/td><td>32.6\u00b0C<\/td><\/tr><tr><td><a href=\"https:\/\/www.meteociel.fr\/temps-reel\/obs_villes.php?code2=1235001\">Marlieux &#8211; Le Clou (01)<\/a><\/td><td>32.6\u00b0C<\/td><\/tr><tr><td><a href=\"https:\/\/www.meteociel.fr\/temps-reel\/obs_villes.php?code2=1034004\">Belley (01)<\/a><\/td><td>32.2\u00b0C<\/td><\/tr><tr><td><a href=\"https:\/\/www.meteociel.fr\/temps-reel\/obs_villes.php?code2=1014002\">Arbent (01)<\/a><\/td><td>31.8\u00b0C<\/td><\/tr><tr><td><a href=\"https:\/\/www.meteociel.fr\/temps-reel\/obs_villes.php?code2=1071001\">Cessy (01)<\/a><\/td><td>31.7\u00b0C<\/td><\/tr><\/tbody><\/table><\/figure>\n\n\n\n<p>Ce soir les enclumes des orages du massif central sont visibles et nous cachent le soleil, h\u00e9las cela ne sera pas suffisant pour faire baisser les temp\u00e9ratures cette nuit. En effet les temp\u00e9ratures vont \u00eatre localement tropicale ne descendant pas sous les 20\u00b0C limitant nettement le rafraichissement dans les appartement avant d&rsquo;attaquer une nouvelle journ\u00e9e tr\u00e8s chaude.<\/p>\n\n\n\n<p>Le Pays de Gex, les reliefs et le plateau de la Dombes resterons l\u00e9g\u00e8rement plus privil\u00e9gi\u00e9es avec 15 \u00e0 19\u00b0C de minimum pour le reste du d\u00e9partement les temp\u00e9ratures resterons au dessus des 20\u00b0C avec 21\u00b0C en Bresse et m\u00eame localement 22\u00b0C au pied du Revermont.<\/p>\n\n\n\n<figure class=\"wp-block-image size-large\"><img loading=\"lazy\" decoding=\"async\" width=\"768\" height=\"704\" src=\"https:\/\/planete-meteo.com\/blog\/wp-content\/uploads\/2021\/06\/tempe_28.jpg\" alt=\"\" class=\"wp-image-113\" srcset=\"https:\/\/planete-meteo.com\/blog\/wp-content\/uploads\/2021\/06\/tempe_28.jpg 768w, https:\/\/planete-meteo.com\/blog\/wp-content\/uploads\/2021\/06\/tempe_28-300x275.jpg 300w\" sizes=\"auto, (max-width: 768px) 100vw, 768px\" \/><figcaption>Carte de pr\u00e9vision temp\u00e9ratures minimales 17 juin<\/figcaption><\/figure>\n\n\n\n<p>Ces prochains jours les temp\u00e9ratures vont rester encore tr\u00e8s proche des 30\u00b0C l&rsquo;apr\u00e8s midi et des nuit tr\u00e8s tr\u00e8s chaudes, m\u00eame si le temps se d\u00e9gradera de plus en plus au fil des jours avec localement des orages isol\u00e9s la chaleur restera pr\u00e9sente, l&rsquo;Ain passe donc en vigilance jaune pour la canicule.<\/p>\n\n\n\n<div class=\"wp-block-image\"><figure class=\"aligncenter size-large\"><img loading=\"lazy\" decoding=\"async\" width=\"418\" height=\"347\" src=\"https:\/\/planete-meteo.com\/blog\/wp-content\/uploads\/2021\/06\/LCxZrWj-1.png\" alt=\"\" class=\"wp-image-114\" srcset=\"https:\/\/planete-meteo.com\/blog\/wp-content\/uploads\/2021\/06\/LCxZrWj-1.png 418w, https:\/\/planete-meteo.com\/blog\/wp-content\/uploads\/2021\/06\/LCxZrWj-1-300x249.png 300w\" sizes=\"auto, (max-width: 418px) 100vw, 418px\" \/><figcaption>Vigilance jaune canicule Ain 16 juin<\/figcaption><\/figure><\/div>\n\n\n\n<p class=\"has-medium-font-size\">Orages ces prochains jours ?<\/p>\n\n\n\n<p>Alors qu&rsquo;il y encore quelques jours les orages \u00e9taient assur\u00e9s pour cette fin de semaine avec une d\u00e9gradation importante, h\u00e9las la r\u00e9alit\u00e9 des pr\u00e9visions est beaucoup moins favorable et la pluie est sans cesse repouss\u00e9e. Demain jeudi les orages seront tr\u00e8s isol\u00e9s et ce d\u00e9velopperons en soir\u00e9e sur les reliefs sur Jura et Revermont et partirons direction nord, peu de risque en plaine \u00e0 part quelques d\u00e9bordements possibles du cot\u00e9 du Revermont.<\/p>\n\n\n\n<p>Pour vendredi de nouveaux orages isol\u00e9s se d\u00e9velopperons un peu plus archa\u00efquement plus fr\u00e9quemment sur les reliefs mais aussi parfois localement en plaine. Ce sont des orages que l&rsquo;ont retrouve g\u00e9n\u00e9ralement lors de canicule, ils g\u00e9n\u00e8rent souvent tr\u00e8s peu de pr\u00e9cipitations car ils se d\u00e9veloppent dans un air sec les orages plus humide sont attendu pour la toute fin de semaine dimanche soir et en d\u00e9but de semaine prochaine avec en m\u00eame temps un rafraichissement temporaire.<\/p>\n","protected":false},"excerpt":{"rendered":"<p>Tr\u00e8s chaude journ\u00e9e en ce 16 juin 2021 pas moins de 33.5\u00b0C relev\u00e9e \u00e0 Bourg en Bresse le reste du d\u00e9partement est dans la m\u00eame fournaise carte\/tableau ci dessous : Saint Julien sur Reyssouze (01) 34.6\u00b0C Viriat (01) 33.9\u00b0C Bourg-en-Bresse (01) 33.5\u00b0C V\u00e9rizieu (01) 33.5\u00b0C Saint-Rambert-en-Bugey (01) 33.5\u00b0C Balan (01) 33.5\u00b0C Divonne Zone Art. (01) &hellip; <a href=\"https:\/\/planete-meteo.com\/blog\/2021\/06\/16\/vigilance-jaune-canicule-a-partir-du-16-juin-dans-lain\/\" class=\"more-link\">Continuer la lecture de <span class=\"screen-reader-text\">Vigilance jaune canicule \u00e0 partir du 16 juin dans l&rsquo;Ain<\/span><\/a><\/p>\n","protected":false},"author":1,"featured_media":0,"comment_status":"open","ping_status":"open","sticky":false,"template":"","format":"standard","meta":{"footnotes":""},"categories":[11,8,9],"tags":[],"class_list":["post-110","post","type-post","status-publish","format-standard","hentry","category-observation","category-orages","category-previsions"],"yoast_head":"<!-- This site is optimized with the Yoast SEO plugin v22.8 - https:\/\/yoast.com\/wordpress\/plugins\/seo\/ -->\n<title>Vigilance jaune canicule \u00e0 partir du 16 juin dans l&#039;Ain - Plan\u00e8te M\u00e9t\u00e9o Blog<\/title>\n<meta name=\"robots\" content=\"index, follow, max-snippet:-1, max-image-preview:large, max-video-preview:-1\" \/>\n<link rel=\"canonical\" href=\"https:\/\/planete-meteo.com\/blog\/2021\/06\/16\/vigilance-jaune-canicule-a-partir-du-16-juin-dans-lain\/\" \/>\n<meta property=\"og:locale\" content=\"fr_FR\" \/>\n<meta property=\"og:type\" content=\"article\" \/>\n<meta property=\"og:title\" content=\"Vigilance jaune canicule \u00e0 partir du 16 juin dans l&#039;Ain - Plan\u00e8te M\u00e9t\u00e9o Blog\" \/>\n<meta property=\"og:description\" content=\"Tr\u00e8s chaude journ\u00e9e en ce 16 juin 2021 pas moins de 33.5\u00b0C relev\u00e9e \u00e0 Bourg en Bresse le reste du d\u00e9partement est dans la m\u00eame fournaise carte\/tableau ci dessous : Saint Julien sur Reyssouze (01) 34.6\u00b0C Viriat (01) 33.9\u00b0C Bourg-en-Bresse (01) 33.5\u00b0C V\u00e9rizieu (01) 33.5\u00b0C Saint-Rambert-en-Bugey (01) 33.5\u00b0C Balan (01) 33.5\u00b0C Divonne Zone Art. (01) &hellip; Continuer la lecture de Vigilance jaune canicule \u00e0 partir du 16 juin dans l&rsquo;Ain\" \/>\n<meta property=\"og:url\" content=\"https:\/\/planete-meteo.com\/blog\/2021\/06\/16\/vigilance-jaune-canicule-a-partir-du-16-juin-dans-lain\/\" \/>\n<meta property=\"og:site_name\" content=\"Plan\u00e8te M\u00e9t\u00e9o Blog\" \/>\n<meta property=\"article:published_time\" content=\"2021-06-16T19:35:35+00:00\" \/>\n<meta property=\"article:modified_time\" content=\"2021-06-16T19:54:26+00:00\" \/>\n<meta property=\"og:image\" content=\"https:\/\/planete-meteo.com\/blog\/wp-content\/uploads\/2021\/06\/5hhsKeq.png\" \/>\n<meta name=\"author\" content=\"Benji\" \/>\n<meta name=\"twitter:card\" content=\"summary_large_image\" \/>\n<meta name=\"twitter:label1\" content=\"\u00c9crit par\" \/>\n\t<meta name=\"twitter:data1\" content=\"Benji\" \/>\n\t<meta name=\"twitter:label2\" content=\"Dur\u00e9e de lecture estim\u00e9e\" \/>\n\t<meta name=\"twitter:data2\" content=\"2 minutes\" \/>\n<script type=\"application\/ld+json\" class=\"yoast-schema-graph\">{\"@context\":\"https:\/\/schema.org\",\"@graph\":[{\"@type\":\"Article\",\"@id\":\"https:\/\/planete-meteo.com\/blog\/2021\/06\/16\/vigilance-jaune-canicule-a-partir-du-16-juin-dans-lain\/#article\",\"isPartOf\":{\"@id\":\"https:\/\/planete-meteo.com\/blog\/2021\/06\/16\/vigilance-jaune-canicule-a-partir-du-16-juin-dans-lain\/\"},\"author\":{\"name\":\"Benji\",\"@id\":\"https:\/\/planete-meteo.com\/blog\/#\/schema\/person\/9f8b4184457873e167f52653d6a2b9c4\"},\"headline\":\"Vigilance jaune canicule \u00e0 partir du 16 juin dans l&rsquo;Ain\",\"datePublished\":\"2021-06-16T19:35:35+00:00\",\"dateModified\":\"2021-06-16T19:54:26+00:00\",\"mainEntityOfPage\":{\"@id\":\"https:\/\/planete-meteo.com\/blog\/2021\/06\/16\/vigilance-jaune-canicule-a-partir-du-16-juin-dans-lain\/\"},\"wordCount\":439,\"commentCount\":0,\"publisher\":{\"@id\":\"https:\/\/planete-meteo.com\/blog\/#organization\"},\"image\":{\"@id\":\"https:\/\/planete-meteo.com\/blog\/2021\/06\/16\/vigilance-jaune-canicule-a-partir-du-16-juin-dans-lain\/#primaryimage\"},\"thumbnailUrl\":\"https:\/\/planete-meteo.com\/blog\/wp-content\/uploads\/2021\/06\/5hhsKeq.png\",\"articleSection\":[\"Observation\",\"Orages\",\"Pr\u00e9visions\"],\"inLanguage\":\"fr-FR\",\"potentialAction\":[{\"@type\":\"CommentAction\",\"name\":\"Comment\",\"target\":[\"https:\/\/planete-meteo.com\/blog\/2021\/06\/16\/vigilance-jaune-canicule-a-partir-du-16-juin-dans-lain\/#respond\"]}]},{\"@type\":\"WebPage\",\"@id\":\"https:\/\/planete-meteo.com\/blog\/2021\/06\/16\/vigilance-jaune-canicule-a-partir-du-16-juin-dans-lain\/\",\"url\":\"https:\/\/planete-meteo.com\/blog\/2021\/06\/16\/vigilance-jaune-canicule-a-partir-du-16-juin-dans-lain\/\",\"name\":\"Vigilance jaune canicule \u00e0 partir du 16 juin dans l'Ain - Plan\u00e8te M\u00e9t\u00e9o Blog\",\"isPartOf\":{\"@id\":\"https:\/\/planete-meteo.com\/blog\/#website\"},\"primaryImageOfPage\":{\"@id\":\"https:\/\/planete-meteo.com\/blog\/2021\/06\/16\/vigilance-jaune-canicule-a-partir-du-16-juin-dans-lain\/#primaryimage\"},\"image\":{\"@id\":\"https:\/\/planete-meteo.com\/blog\/2021\/06\/16\/vigilance-jaune-canicule-a-partir-du-16-juin-dans-lain\/#primaryimage\"},\"thumbnailUrl\":\"https:\/\/planete-meteo.com\/blog\/wp-content\/uploads\/2021\/06\/5hhsKeq.png\",\"datePublished\":\"2021-06-16T19:35:35+00:00\",\"dateModified\":\"2021-06-16T19:54:26+00:00\",\"breadcrumb\":{\"@id\":\"https:\/\/planete-meteo.com\/blog\/2021\/06\/16\/vigilance-jaune-canicule-a-partir-du-16-juin-dans-lain\/#breadcrumb\"},\"inLanguage\":\"fr-FR\",\"potentialAction\":[{\"@type\":\"ReadAction\",\"target\":[\"https:\/\/planete-meteo.com\/blog\/2021\/06\/16\/vigilance-jaune-canicule-a-partir-du-16-juin-dans-lain\/\"]}]},{\"@type\":\"ImageObject\",\"inLanguage\":\"fr-FR\",\"@id\":\"https:\/\/planete-meteo.com\/blog\/2021\/06\/16\/vigilance-jaune-canicule-a-partir-du-16-juin-dans-lain\/#primaryimage\",\"url\":\"https:\/\/planete-meteo.com\/blog\/wp-content\/uploads\/2021\/06\/5hhsKeq.png\",\"contentUrl\":\"https:\/\/planete-meteo.com\/blog\/wp-content\/uploads\/2021\/06\/5hhsKeq.png\",\"width\":422,\"height\":299},{\"@type\":\"BreadcrumbList\",\"@id\":\"https:\/\/planete-meteo.com\/blog\/2021\/06\/16\/vigilance-jaune-canicule-a-partir-du-16-juin-dans-lain\/#breadcrumb\",\"itemListElement\":[{\"@type\":\"ListItem\",\"position\":1,\"name\":\"Accueil\",\"item\":\"https:\/\/planete-meteo.com\/blog\/\"},{\"@type\":\"ListItem\",\"position\":2,\"name\":\"Vigilance jaune canicule \u00e0 partir du 16 juin dans l&#8217;Ain\"}]},{\"@type\":\"WebSite\",\"@id\":\"https:\/\/planete-meteo.com\/blog\/#website\",\"url\":\"https:\/\/planete-meteo.com\/blog\/\",\"name\":\"Plan\u00e8te M\u00e9t\u00e9o Blog\",\"description\":\"Fil d&#039;actualit\u00e9 m\u00e9t\u00e9o, pr\u00e9visions, observations pour l&#039;Ain\",\"publisher\":{\"@id\":\"https:\/\/planete-meteo.com\/blog\/#organization\"},\"potentialAction\":[{\"@type\":\"SearchAction\",\"target\":{\"@type\":\"EntryPoint\",\"urlTemplate\":\"https:\/\/planete-meteo.com\/blog\/?s={search_term_string}\"},\"query-input\":\"required name=search_term_string\"}],\"inLanguage\":\"fr-FR\"},{\"@type\":\"Organization\",\"@id\":\"https:\/\/planete-meteo.com\/blog\/#organization\",\"name\":\"Plan\u00e8te M\u00e9t\u00e9o Blog\",\"url\":\"https:\/\/planete-meteo.com\/blog\/\",\"logo\":{\"@type\":\"ImageObject\",\"inLanguage\":\"fr-FR\",\"@id\":\"https:\/\/planete-meteo.com\/blog\/#\/schema\/logo\/image\/\",\"url\":\"https:\/\/planete-meteo.com\/blog\/wp-content\/uploads\/2021\/05\/cropped-cropped-logoPlanete-meteo_rond_500.png\",\"contentUrl\":\"https:\/\/planete-meteo.com\/blog\/wp-content\/uploads\/2021\/05\/cropped-cropped-logoPlanete-meteo_rond_500.png\",\"width\":248,\"height\":248,\"caption\":\"Plan\u00e8te M\u00e9t\u00e9o Blog\"},\"image\":{\"@id\":\"https:\/\/planete-meteo.com\/blog\/#\/schema\/logo\/image\/\"}},{\"@type\":\"Person\",\"@id\":\"https:\/\/planete-meteo.com\/blog\/#\/schema\/person\/9f8b4184457873e167f52653d6a2b9c4\",\"name\":\"Benji\",\"image\":{\"@type\":\"ImageObject\",\"inLanguage\":\"fr-FR\",\"@id\":\"https:\/\/planete-meteo.com\/blog\/#\/schema\/person\/image\/\",\"url\":\"https:\/\/secure.gravatar.com\/avatar\/57bb786c89649ee5e336c8f53eff444c49ed4a158048c7edf8895080b80d27a1?s=96&d=retro&r=g\",\"contentUrl\":\"https:\/\/secure.gravatar.com\/avatar\/57bb786c89649ee5e336c8f53eff444c49ed4a158048c7edf8895080b80d27a1?s=96&d=retro&r=g\",\"caption\":\"Benji\"},\"sameAs\":[\"http:\/\/planete-meteo.com\/blog\"],\"url\":\"https:\/\/planete-meteo.com\/blog\/author\/benji\/\"}]}<\/script>\n<!-- \/ Yoast SEO plugin. -->","yoast_head_json":{"title":"Vigilance jaune canicule \u00e0 partir du 16 juin dans l'Ain - Plan\u00e8te M\u00e9t\u00e9o Blog","robots":{"index":"index","follow":"follow","max-snippet":"max-snippet:-1","max-image-preview":"max-image-preview:large","max-video-preview":"max-video-preview:-1"},"canonical":"https:\/\/planete-meteo.com\/blog\/2021\/06\/16\/vigilance-jaune-canicule-a-partir-du-16-juin-dans-lain\/","og_locale":"fr_FR","og_type":"article","og_title":"Vigilance jaune canicule \u00e0 partir du 16 juin dans l'Ain - Plan\u00e8te M\u00e9t\u00e9o Blog","og_description":"Tr\u00e8s chaude journ\u00e9e en ce 16 juin 2021 pas moins de 33.5\u00b0C relev\u00e9e \u00e0 Bourg en Bresse le reste du d\u00e9partement est dans la m\u00eame fournaise carte\/tableau ci dessous : Saint Julien sur Reyssouze (01) 34.6\u00b0C Viriat (01) 33.9\u00b0C Bourg-en-Bresse (01) 33.5\u00b0C V\u00e9rizieu (01) 33.5\u00b0C Saint-Rambert-en-Bugey (01) 33.5\u00b0C Balan (01) 33.5\u00b0C Divonne Zone Art. (01) &hellip; Continuer la lecture de Vigilance jaune canicule \u00e0 partir du 16 juin dans l&rsquo;Ain","og_url":"https:\/\/planete-meteo.com\/blog\/2021\/06\/16\/vigilance-jaune-canicule-a-partir-du-16-juin-dans-lain\/","og_site_name":"Plan\u00e8te M\u00e9t\u00e9o Blog","article_published_time":"2021-06-16T19:35:35+00:00","article_modified_time":"2021-06-16T19:54:26+00:00","og_image":[{"url":"https:\/\/planete-meteo.com\/blog\/wp-content\/uploads\/2021\/06\/5hhsKeq.png"}],"author":"Benji","twitter_card":"summary_large_image","twitter_misc":{"\u00c9crit par":"Benji","Dur\u00e9e de lecture estim\u00e9e":"2 minutes"},"schema":{"@context":"https:\/\/schema.org","@graph":[{"@type":"Article","@id":"https:\/\/planete-meteo.com\/blog\/2021\/06\/16\/vigilance-jaune-canicule-a-partir-du-16-juin-dans-lain\/#article","isPartOf":{"@id":"https:\/\/planete-meteo.com\/blog\/2021\/06\/16\/vigilance-jaune-canicule-a-partir-du-16-juin-dans-lain\/"},"author":{"name":"Benji","@id":"https:\/\/planete-meteo.com\/blog\/#\/schema\/person\/9f8b4184457873e167f52653d6a2b9c4"},"headline":"Vigilance jaune canicule \u00e0 partir du 16 juin dans l&rsquo;Ain","datePublished":"2021-06-16T19:35:35+00:00","dateModified":"2021-06-16T19:54:26+00:00","mainEntityOfPage":{"@id":"https:\/\/planete-meteo.com\/blog\/2021\/06\/16\/vigilance-jaune-canicule-a-partir-du-16-juin-dans-lain\/"},"wordCount":439,"commentCount":0,"publisher":{"@id":"https:\/\/planete-meteo.com\/blog\/#organization"},"image":{"@id":"https:\/\/planete-meteo.com\/blog\/2021\/06\/16\/vigilance-jaune-canicule-a-partir-du-16-juin-dans-lain\/#primaryimage"},"thumbnailUrl":"https:\/\/planete-meteo.com\/blog\/wp-content\/uploads\/2021\/06\/5hhsKeq.png","articleSection":["Observation","Orages","Pr\u00e9visions"],"inLanguage":"fr-FR","potentialAction":[{"@type":"CommentAction","name":"Comment","target":["https:\/\/planete-meteo.com\/blog\/2021\/06\/16\/vigilance-jaune-canicule-a-partir-du-16-juin-dans-lain\/#respond"]}]},{"@type":"WebPage","@id":"https:\/\/planete-meteo.com\/blog\/2021\/06\/16\/vigilance-jaune-canicule-a-partir-du-16-juin-dans-lain\/","url":"https:\/\/planete-meteo.com\/blog\/2021\/06\/16\/vigilance-jaune-canicule-a-partir-du-16-juin-dans-lain\/","name":"Vigilance jaune canicule \u00e0 partir du 16 juin dans l'Ain - Plan\u00e8te M\u00e9t\u00e9o Blog","isPartOf":{"@id":"https:\/\/planete-meteo.com\/blog\/#website"},"primaryImageOfPage":{"@id":"https:\/\/planete-meteo.com\/blog\/2021\/06\/16\/vigilance-jaune-canicule-a-partir-du-16-juin-dans-lain\/#primaryimage"},"image":{"@id":"https:\/\/planete-meteo.com\/blog\/2021\/06\/16\/vigilance-jaune-canicule-a-partir-du-16-juin-dans-lain\/#primaryimage"},"thumbnailUrl":"https:\/\/planete-meteo.com\/blog\/wp-content\/uploads\/2021\/06\/5hhsKeq.png","datePublished":"2021-06-16T19:35:35+00:00","dateModified":"2021-06-16T19:54:26+00:00","breadcrumb":{"@id":"https:\/\/planete-meteo.com\/blog\/2021\/06\/16\/vigilance-jaune-canicule-a-partir-du-16-juin-dans-lain\/#breadcrumb"},"inLanguage":"fr-FR","potentialAction":[{"@type":"ReadAction","target":["https:\/\/planete-meteo.com\/blog\/2021\/06\/16\/vigilance-jaune-canicule-a-partir-du-16-juin-dans-lain\/"]}]},{"@type":"ImageObject","inLanguage":"fr-FR","@id":"https:\/\/planete-meteo.com\/blog\/2021\/06\/16\/vigilance-jaune-canicule-a-partir-du-16-juin-dans-lain\/#primaryimage","url":"https:\/\/planete-meteo.com\/blog\/wp-content\/uploads\/2021\/06\/5hhsKeq.png","contentUrl":"https:\/\/planete-meteo.com\/blog\/wp-content\/uploads\/2021\/06\/5hhsKeq.png","width":422,"height":299},{"@type":"BreadcrumbList","@id":"https:\/\/planete-meteo.com\/blog\/2021\/06\/16\/vigilance-jaune-canicule-a-partir-du-16-juin-dans-lain\/#breadcrumb","itemListElement":[{"@type":"ListItem","position":1,"name":"Accueil","item":"https:\/\/planete-meteo.com\/blog\/"},{"@type":"ListItem","position":2,"name":"Vigilance jaune canicule \u00e0 partir du 16 juin dans l&#8217;Ain"}]},{"@type":"WebSite","@id":"https:\/\/planete-meteo.com\/blog\/#website","url":"https:\/\/planete-meteo.com\/blog\/","name":"Plan\u00e8te M\u00e9t\u00e9o Blog","description":"Fil d&#039;actualit\u00e9 m\u00e9t\u00e9o, pr\u00e9visions, observations pour l&#039;Ain","publisher":{"@id":"https:\/\/planete-meteo.com\/blog\/#organization"},"potentialAction":[{"@type":"SearchAction","target":{"@type":"EntryPoint","urlTemplate":"https:\/\/planete-meteo.com\/blog\/?s={search_term_string}"},"query-input":"required name=search_term_string"}],"inLanguage":"fr-FR"},{"@type":"Organization","@id":"https:\/\/planete-meteo.com\/blog\/#organization","name":"Plan\u00e8te M\u00e9t\u00e9o Blog","url":"https:\/\/planete-meteo.com\/blog\/","logo":{"@type":"ImageObject","inLanguage":"fr-FR","@id":"https:\/\/planete-meteo.com\/blog\/#\/schema\/logo\/image\/","url":"https:\/\/planete-meteo.com\/blog\/wp-content\/uploads\/2021\/05\/cropped-cropped-logoPlanete-meteo_rond_500.png","contentUrl":"https:\/\/planete-meteo.com\/blog\/wp-content\/uploads\/2021\/05\/cropped-cropped-logoPlanete-meteo_rond_500.png","width":248,"height":248,"caption":"Plan\u00e8te M\u00e9t\u00e9o Blog"},"image":{"@id":"https:\/\/planete-meteo.com\/blog\/#\/schema\/logo\/image\/"}},{"@type":"Person","@id":"https:\/\/planete-meteo.com\/blog\/#\/schema\/person\/9f8b4184457873e167f52653d6a2b9c4","name":"Benji","image":{"@type":"ImageObject","inLanguage":"fr-FR","@id":"https:\/\/planete-meteo.com\/blog\/#\/schema\/person\/image\/","url":"https:\/\/secure.gravatar.com\/avatar\/57bb786c89649ee5e336c8f53eff444c49ed4a158048c7edf8895080b80d27a1?s=96&d=retro&r=g","contentUrl":"https:\/\/secure.gravatar.com\/avatar\/57bb786c89649ee5e336c8f53eff444c49ed4a158048c7edf8895080b80d27a1?s=96&d=retro&r=g","caption":"Benji"},"sameAs":["http:\/\/planete-meteo.com\/blog"],"url":"https:\/\/planete-meteo.com\/blog\/author\/benji\/"}]}},"_links":{"self":[{"href":"https:\/\/planete-meteo.com\/blog\/wp-json\/wp\/v2\/posts\/110","targetHints":{"allow":["GET"]}}],"collection":[{"href":"https:\/\/planete-meteo.com\/blog\/wp-json\/wp\/v2\/posts"}],"about":[{"href":"https:\/\/planete-meteo.com\/blog\/wp-json\/wp\/v2\/types\/post"}],"author":[{"embeddable":true,"href":"https:\/\/planete-meteo.com\/blog\/wp-json\/wp\/v2\/users\/1"}],"replies":[{"embeddable":true,"href":"https:\/\/planete-meteo.com\/blog\/wp-json\/wp\/v2\/comments?post=110"}],"version-history":[{"count":1,"href":"https:\/\/planete-meteo.com\/blog\/wp-json\/wp\/v2\/posts\/110\/revisions"}],"predecessor-version":[{"id":115,"href":"https:\/\/planete-meteo.com\/blog\/wp-json\/wp\/v2\/posts\/110\/revisions\/115"}],"wp:attachment":[{"href":"https:\/\/planete-meteo.com\/blog\/wp-json\/wp\/v2\/media?parent=110"}],"wp:term":[{"taxonomy":"category","embeddable":true,"href":"https:\/\/planete-meteo.com\/blog\/wp-json\/wp\/v2\/categories?post=110"},{"taxonomy":"post_tag","embeddable":true,"href":"https:\/\/planete-meteo.com\/blog\/wp-json\/wp\/v2\/tags?post=110"}],"curies":[{"name":"wp","href":"https:\/\/api.w.org\/{rel}","templated":true}]}}