{"id":116,"date":"2021-06-17T12:56:04","date_gmt":"2021-06-17T10:56:04","guid":{"rendered":"https:\/\/planete-meteo.com\/blog\/?p=116"},"modified":"2021-06-17T12:58:04","modified_gmt":"2021-06-17T10:58:04","slug":"debut-de-mois-de-juin-2021-bouillant","status":"publish","type":"post","link":"https:\/\/planete-meteo.com\/blog\/2021\/06\/17\/debut-de-mois-de-juin-2021-bouillant\/","title":{"rendered":"D\u00e9but de mois de juin 2021 bouillant"},"content":{"rendered":"\n<p>Vous avez potentiellement remarqu\u00e9, \u00e0 l&rsquo;oppos\u00e9 du mois de mai les 15 prochains jours de ce d\u00e9but de juin ont \u00e9t\u00e9 tr\u00e8s chaud, tellement chaud qu&rsquo;au niveau de la France l&rsquo;anomalie positive de temp\u00e9rature des 15 premiers jours de juin ont rattrap\u00e9 la totalit\u00e9 de l&rsquo;anomalie n\u00e9gative du mois de mai et donc depuis le premier Mai l&rsquo;anomalie est de +0.1\u00b0C en France.<\/p>\n\n\n\n<div class=\"wp-block-image\"><figure class=\"aligncenter size-large\"><img loading=\"lazy\" decoding=\"async\" width=\"1024\" height=\"1024\" src=\"https:\/\/planete-meteo.com\/blog\/wp-content\/uploads\/2021\/06\/E3_sEhyX0AUSkaA-1024x1024.png\" alt=\"\" class=\"wp-image-117\" srcset=\"https:\/\/planete-meteo.com\/blog\/wp-content\/uploads\/2021\/06\/E3_sEhyX0AUSkaA-1024x1024.png 1024w, https:\/\/planete-meteo.com\/blog\/wp-content\/uploads\/2021\/06\/E3_sEhyX0AUSkaA-300x300.png 300w, https:\/\/planete-meteo.com\/blog\/wp-content\/uploads\/2021\/06\/E3_sEhyX0AUSkaA-150x150.png 150w, https:\/\/planete-meteo.com\/blog\/wp-content\/uploads\/2021\/06\/E3_sEhyX0AUSkaA-768x768.png 768w, https:\/\/planete-meteo.com\/blog\/wp-content\/uploads\/2021\/06\/E3_sEhyX0AUSkaA-1536x1536.png 1536w, https:\/\/planete-meteo.com\/blog\/wp-content\/uploads\/2021\/06\/E3_sEhyX0AUSkaA-2048x2048.png 2048w\" sizes=\"auto, (max-width: 1024px) 100vw, 1024px\" \/><\/figure><\/div>\n\n\n\n<p>Presque aucune r\u00e9gions n&rsquo;est \u00e0 l&rsquo;abri de cette forte anomalie de chaleur, mais les r\u00e9gions du centre-ouest et surtout l&rsquo;Occitanie pr\u00e8s de la m\u00e9diterran\u00e9e sont tr\u00e8s fortement touch\u00e9es, au point o\u00f9 des records mensuels de temp\u00e9rature nocturne ont \u00e9t\u00e9 battus, et \u00e0 Perpignant un record d\u00e9cadaire avec 37.3\u00b0C le 14 juin marquant aussi la 2eme Tx du mois de juin juste derri\u00e8re l&rsquo;exceptionnel 42.4\u00b0C du 28 juin 2019.<\/p>\n\n\n\n<div class=\"wp-block-image\"><figure class=\"aligncenter size-large\"><img loading=\"lazy\" decoding=\"async\" width=\"586\" height=\"495\" src=\"https:\/\/planete-meteo.com\/blog\/wp-content\/uploads\/2021\/06\/E4AZR_VVcAAIhD3-1.png\" alt=\"\" class=\"wp-image-118\" srcset=\"https:\/\/planete-meteo.com\/blog\/wp-content\/uploads\/2021\/06\/E4AZR_VVcAAIhD3-1.png 586w, https:\/\/planete-meteo.com\/blog\/wp-content\/uploads\/2021\/06\/E4AZR_VVcAAIhD3-1-300x253.png 300w\" sizes=\"auto, (max-width: 586px) 100vw, 586px\" \/><\/figure><\/div>\n\n\n\n<p>Pour notre d\u00e9partement les anomalies de temp\u00e9ratures sont aussi tr\u00e8s \u00e9lev\u00e9es, elle ne rattrape pas enti\u00e8rement encore l&rsquo;anomalie de mai, mais elle se rapproche dangereusement, ce n&rsquo;est qu&rsquo;une question d&rsquo;heures.<\/p>\n\n\n\n<p>Pour rappel en mai avec une temp\u00e9rature moyenne de 12.8\u00b0C elle se situe <span style=\"color:#0247ea\">-1.8\u00b0C<\/span> sous les normes, avec la plus forte anomalie n\u00e9gative de <span style=\"color:#0247ea\">-4.4\u00b0C<\/span> . Pour les 15 permes jours de ce mois de juin avec une temp\u00e9rature moyenne de 20.5\u00b0C l&rsquo;anomalie est de <span style=\"color:#F0011E\">+3.3\u00b0C<\/span> et pour le moment une plus forte anomalie positive de <span style=\"color:#F0011E\">+5.9\u00b0C<\/span>, la journ\u00e9e du 16 atteint pr\u00e8s de 8\u00b0C au dessus des normes ! Ce qui fait donc depuis le 1er mai une anomalie de -0.2\u00b0C au 15 juin, en rajoutant celle du 16 juin elle n&rsquo;est plus que de -0.05\u00b0C, elle repassera en positive jeudi 17 juin en soir\u00e9e, et ce n&rsquo;est pas termin\u00e9 la chaleur se poursuivra au minimum jusqu&rsquo;au dimanche.<\/p>\n\n\n\n<p>Graphiques totalement oppos\u00e9s pour 2 mois qui se suivent.<\/p>\n\n\n\n<figure class=\"wp-block-image size-large\"><img loading=\"lazy\" decoding=\"async\" width=\"898\" height=\"508\" src=\"https:\/\/planete-meteo.com\/blog\/wp-content\/uploads\/2021\/06\/c2e4tEe.png\" alt=\"\" class=\"wp-image-119\" srcset=\"https:\/\/planete-meteo.com\/blog\/wp-content\/uploads\/2021\/06\/c2e4tEe.png 898w, https:\/\/planete-meteo.com\/blog\/wp-content\/uploads\/2021\/06\/c2e4tEe-300x170.png 300w, https:\/\/planete-meteo.com\/blog\/wp-content\/uploads\/2021\/06\/c2e4tEe-768x434.png 768w\" sizes=\"auto, (max-width: 898px) 100vw, 898px\" \/><figcaption>Anomalie mois de mai 2021<\/figcaption><\/figure>\n\n\n\n<figure class=\"wp-block-image size-large\"><img loading=\"lazy\" decoding=\"async\" width=\"907\" height=\"512\" src=\"https:\/\/planete-meteo.com\/blog\/wp-content\/uploads\/2021\/06\/7i1r8t4.png\" alt=\"\" class=\"wp-image-120\" srcset=\"https:\/\/planete-meteo.com\/blog\/wp-content\/uploads\/2021\/06\/7i1r8t4.png 907w, https:\/\/planete-meteo.com\/blog\/wp-content\/uploads\/2021\/06\/7i1r8t4-300x169.png 300w, https:\/\/planete-meteo.com\/blog\/wp-content\/uploads\/2021\/06\/7i1r8t4-768x434.png 768w\" sizes=\"auto, (max-width: 907px) 100vw, 907px\" \/><figcaption>Anomalie mois de juin 2021<\/figcaption><\/figure>\n\n\n\n<p>Ce matin 17 juin 20121 un nouveau cap a \u00e9t\u00e9 atteint avec une nuit extr\u00eamement douce relev\u00e9e dans la r\u00e9gion. Lyon bat donc son record de \u00ab\u00a0nuit plus chaude la plus pr\u00e9coce dans l&rsquo;ann\u00e9e\u00a0\u00bb avec  23.1\u00b0C, \u00e0 titre de comparaison l&rsquo;importante canicule de juin 2019 seulement 2 nuit ont d\u00e9pass\u00e9 cette valeur, le 28 et 30 juin avec 24.7\u00b0C. En global elle se classe aussi directement dans le Top 5 des nuit les plus chaudes jamais mesur\u00e9s juste derri\u00e8re donc les 2 nuit de 2019 et le 23 et 25 juin 2003 respectivement 24.6\u00b0C et 23.8\u00b0C.<\/p>\n\n\n\n<p>Pour Bourg en Bresse la temp\u00e9rature minimale relev\u00e9e a \u00e9t\u00e9 de 22.4\u00b0C,  \u00e0 titre de comparaisons avec les temp\u00e9ratures normales 1981\/2010 la temp\u00e9rature minimale de se matin n&rsquo;\u00e9tait qu&rsquo;\u00e0 0.7\u00b0C de la temp\u00e9rature maximale que l&rsquo;ont devrait avoir \u00e0 cet \u00e9poque de l&rsquo;ann\u00e9e.<\/p>\n\n\n\n<figure class=\"wp-block-image size-large\"><img loading=\"lazy\" decoding=\"async\" width=\"890\" height=\"496\" src=\"https:\/\/planete-meteo.com\/blog\/wp-content\/uploads\/2021\/06\/v7kNTKC.png\" alt=\"\" class=\"wp-image-124\" srcset=\"https:\/\/planete-meteo.com\/blog\/wp-content\/uploads\/2021\/06\/v7kNTKC.png 890w, https:\/\/planete-meteo.com\/blog\/wp-content\/uploads\/2021\/06\/v7kNTKC-300x167.png 300w, https:\/\/planete-meteo.com\/blog\/wp-content\/uploads\/2021\/06\/v7kNTKC-768x428.png 768w\" sizes=\"auto, (max-width: 890px) 100vw, 890px\" \/><figcaption>Temp\u00e9ratures des derni\u00e8res 24h<\/figcaption><\/figure>\n\n\n\n<p><\/p>\n","protected":false},"excerpt":{"rendered":"<p>Vous avez potentiellement remarqu\u00e9, \u00e0 l&rsquo;oppos\u00e9 du mois de mai les 15 prochains jours de ce d\u00e9but de juin ont \u00e9t\u00e9 tr\u00e8s chaud, tellement chaud qu&rsquo;au niveau de la France l&rsquo;anomalie positive de temp\u00e9rature des 15 premiers jours de juin ont rattrap\u00e9 la totalit\u00e9 de l&rsquo;anomalie n\u00e9gative du mois de mai et donc depuis le &hellip; <a href=\"https:\/\/planete-meteo.com\/blog\/2021\/06\/17\/debut-de-mois-de-juin-2021-bouillant\/\" class=\"more-link\">Continuer la lecture de <span class=\"screen-reader-text\">D\u00e9but de mois de juin 2021 bouillant<\/span><\/a><\/p>\n","protected":false},"author":1,"featured_media":0,"comment_status":"open","ping_status":"open","sticky":false,"template":"","format":"standard","meta":{"footnotes":""},"categories":[7],"tags":[],"class_list":["post-116","post","type-post","status-publish","format-standard","hentry","category-climatologie"],"yoast_head":"<!-- This site is optimized with the Yoast SEO plugin v22.8 - https:\/\/yoast.com\/wordpress\/plugins\/seo\/ -->\n<title>D\u00e9but de mois de juin 2021 bouillant - Plan\u00e8te M\u00e9t\u00e9o Blog<\/title>\n<meta name=\"robots\" content=\"index, follow, max-snippet:-1, max-image-preview:large, max-video-preview:-1\" \/>\n<link rel=\"canonical\" href=\"https:\/\/planete-meteo.com\/blog\/2021\/06\/17\/debut-de-mois-de-juin-2021-bouillant\/\" \/>\n<meta property=\"og:locale\" content=\"fr_FR\" \/>\n<meta property=\"og:type\" content=\"article\" \/>\n<meta property=\"og:title\" content=\"D\u00e9but de mois de juin 2021 bouillant - Plan\u00e8te M\u00e9t\u00e9o Blog\" \/>\n<meta property=\"og:description\" content=\"Vous avez potentiellement remarqu\u00e9, \u00e0 l&rsquo;oppos\u00e9 du mois de mai les 15 prochains jours de ce d\u00e9but de juin ont \u00e9t\u00e9 tr\u00e8s chaud, tellement chaud qu&rsquo;au niveau de la France l&rsquo;anomalie positive de temp\u00e9rature des 15 premiers jours de juin ont rattrap\u00e9 la totalit\u00e9 de l&rsquo;anomalie n\u00e9gative du mois de mai et donc depuis le &hellip; Continuer la lecture de D\u00e9but de mois de juin 2021 bouillant\" \/>\n<meta property=\"og:url\" content=\"https:\/\/planete-meteo.com\/blog\/2021\/06\/17\/debut-de-mois-de-juin-2021-bouillant\/\" \/>\n<meta property=\"og:site_name\" content=\"Plan\u00e8te M\u00e9t\u00e9o Blog\" \/>\n<meta property=\"article:published_time\" content=\"2021-06-17T10:56:04+00:00\" \/>\n<meta property=\"article:modified_time\" content=\"2021-06-17T10:58:04+00:00\" \/>\n<meta property=\"og:image\" content=\"https:\/\/planete-meteo.com\/blog\/wp-content\/uploads\/2021\/06\/E3_sEhyX0AUSkaA-1024x1024.png\" \/>\n<meta name=\"author\" content=\"Benji\" \/>\n<meta name=\"twitter:card\" content=\"summary_large_image\" \/>\n<meta name=\"twitter:label1\" content=\"\u00c9crit par\" \/>\n\t<meta name=\"twitter:data1\" content=\"Benji\" \/>\n\t<meta name=\"twitter:label2\" content=\"Dur\u00e9e de lecture estim\u00e9e\" \/>\n\t<meta name=\"twitter:data2\" content=\"2 minutes\" \/>\n<script type=\"application\/ld+json\" class=\"yoast-schema-graph\">{\"@context\":\"https:\/\/schema.org\",\"@graph\":[{\"@type\":\"Article\",\"@id\":\"https:\/\/planete-meteo.com\/blog\/2021\/06\/17\/debut-de-mois-de-juin-2021-bouillant\/#article\",\"isPartOf\":{\"@id\":\"https:\/\/planete-meteo.com\/blog\/2021\/06\/17\/debut-de-mois-de-juin-2021-bouillant\/\"},\"author\":{\"name\":\"Benji\",\"@id\":\"https:\/\/planete-meteo.com\/blog\/#\/schema\/person\/9f8b4184457873e167f52653d6a2b9c4\"},\"headline\":\"D\u00e9but de mois de juin 2021 bouillant\",\"datePublished\":\"2021-06-17T10:56:04+00:00\",\"dateModified\":\"2021-06-17T10:58:04+00:00\",\"mainEntityOfPage\":{\"@id\":\"https:\/\/planete-meteo.com\/blog\/2021\/06\/17\/debut-de-mois-de-juin-2021-bouillant\/\"},\"wordCount\":462,\"commentCount\":0,\"publisher\":{\"@id\":\"https:\/\/planete-meteo.com\/blog\/#organization\"},\"image\":{\"@id\":\"https:\/\/planete-meteo.com\/blog\/2021\/06\/17\/debut-de-mois-de-juin-2021-bouillant\/#primaryimage\"},\"thumbnailUrl\":\"https:\/\/planete-meteo.com\/blog\/wp-content\/uploads\/2021\/06\/E3_sEhyX0AUSkaA-1024x1024.png\",\"articleSection\":[\"Climatologie\"],\"inLanguage\":\"fr-FR\",\"potentialAction\":[{\"@type\":\"CommentAction\",\"name\":\"Comment\",\"target\":[\"https:\/\/planete-meteo.com\/blog\/2021\/06\/17\/debut-de-mois-de-juin-2021-bouillant\/#respond\"]}]},{\"@type\":\"WebPage\",\"@id\":\"https:\/\/planete-meteo.com\/blog\/2021\/06\/17\/debut-de-mois-de-juin-2021-bouillant\/\",\"url\":\"https:\/\/planete-meteo.com\/blog\/2021\/06\/17\/debut-de-mois-de-juin-2021-bouillant\/\",\"name\":\"D\u00e9but de mois de juin 2021 bouillant - Plan\u00e8te M\u00e9t\u00e9o Blog\",\"isPartOf\":{\"@id\":\"https:\/\/planete-meteo.com\/blog\/#website\"},\"primaryImageOfPage\":{\"@id\":\"https:\/\/planete-meteo.com\/blog\/2021\/06\/17\/debut-de-mois-de-juin-2021-bouillant\/#primaryimage\"},\"image\":{\"@id\":\"https:\/\/planete-meteo.com\/blog\/2021\/06\/17\/debut-de-mois-de-juin-2021-bouillant\/#primaryimage\"},\"thumbnailUrl\":\"https:\/\/planete-meteo.com\/blog\/wp-content\/uploads\/2021\/06\/E3_sEhyX0AUSkaA-1024x1024.png\",\"datePublished\":\"2021-06-17T10:56:04+00:00\",\"dateModified\":\"2021-06-17T10:58:04+00:00\",\"breadcrumb\":{\"@id\":\"https:\/\/planete-meteo.com\/blog\/2021\/06\/17\/debut-de-mois-de-juin-2021-bouillant\/#breadcrumb\"},\"inLanguage\":\"fr-FR\",\"potentialAction\":[{\"@type\":\"ReadAction\",\"target\":[\"https:\/\/planete-meteo.com\/blog\/2021\/06\/17\/debut-de-mois-de-juin-2021-bouillant\/\"]}]},{\"@type\":\"ImageObject\",\"inLanguage\":\"fr-FR\",\"@id\":\"https:\/\/planete-meteo.com\/blog\/2021\/06\/17\/debut-de-mois-de-juin-2021-bouillant\/#primaryimage\",\"url\":\"https:\/\/planete-meteo.com\/blog\/wp-content\/uploads\/2021\/06\/E3_sEhyX0AUSkaA.png\",\"contentUrl\":\"https:\/\/planete-meteo.com\/blog\/wp-content\/uploads\/2021\/06\/E3_sEhyX0AUSkaA.png\",\"width\":2300,\"height\":2300},{\"@type\":\"BreadcrumbList\",\"@id\":\"https:\/\/planete-meteo.com\/blog\/2021\/06\/17\/debut-de-mois-de-juin-2021-bouillant\/#breadcrumb\",\"itemListElement\":[{\"@type\":\"ListItem\",\"position\":1,\"name\":\"Accueil\",\"item\":\"https:\/\/planete-meteo.com\/blog\/\"},{\"@type\":\"ListItem\",\"position\":2,\"name\":\"D\u00e9but de mois de juin 2021 bouillant\"}]},{\"@type\":\"WebSite\",\"@id\":\"https:\/\/planete-meteo.com\/blog\/#website\",\"url\":\"https:\/\/planete-meteo.com\/blog\/\",\"name\":\"Plan\u00e8te M\u00e9t\u00e9o Blog\",\"description\":\"Fil d&#039;actualit\u00e9 m\u00e9t\u00e9o, pr\u00e9visions, observations pour l&#039;Ain\",\"publisher\":{\"@id\":\"https:\/\/planete-meteo.com\/blog\/#organization\"},\"potentialAction\":[{\"@type\":\"SearchAction\",\"target\":{\"@type\":\"EntryPoint\",\"urlTemplate\":\"https:\/\/planete-meteo.com\/blog\/?s={search_term_string}\"},\"query-input\":\"required name=search_term_string\"}],\"inLanguage\":\"fr-FR\"},{\"@type\":\"Organization\",\"@id\":\"https:\/\/planete-meteo.com\/blog\/#organization\",\"name\":\"Plan\u00e8te M\u00e9t\u00e9o Blog\",\"url\":\"https:\/\/planete-meteo.com\/blog\/\",\"logo\":{\"@type\":\"ImageObject\",\"inLanguage\":\"fr-FR\",\"@id\":\"https:\/\/planete-meteo.com\/blog\/#\/schema\/logo\/image\/\",\"url\":\"https:\/\/planete-meteo.com\/blog\/wp-content\/uploads\/2021\/05\/cropped-cropped-logoPlanete-meteo_rond_500.png\",\"contentUrl\":\"https:\/\/planete-meteo.com\/blog\/wp-content\/uploads\/2021\/05\/cropped-cropped-logoPlanete-meteo_rond_500.png\",\"width\":248,\"height\":248,\"caption\":\"Plan\u00e8te M\u00e9t\u00e9o Blog\"},\"image\":{\"@id\":\"https:\/\/planete-meteo.com\/blog\/#\/schema\/logo\/image\/\"}},{\"@type\":\"Person\",\"@id\":\"https:\/\/planete-meteo.com\/blog\/#\/schema\/person\/9f8b4184457873e167f52653d6a2b9c4\",\"name\":\"Benji\",\"image\":{\"@type\":\"ImageObject\",\"inLanguage\":\"fr-FR\",\"@id\":\"https:\/\/planete-meteo.com\/blog\/#\/schema\/person\/image\/\",\"url\":\"https:\/\/secure.gravatar.com\/avatar\/57bb786c89649ee5e336c8f53eff444c49ed4a158048c7edf8895080b80d27a1?s=96&d=retro&r=g\",\"contentUrl\":\"https:\/\/secure.gravatar.com\/avatar\/57bb786c89649ee5e336c8f53eff444c49ed4a158048c7edf8895080b80d27a1?s=96&d=retro&r=g\",\"caption\":\"Benji\"},\"sameAs\":[\"http:\/\/planete-meteo.com\/blog\"],\"url\":\"https:\/\/planete-meteo.com\/blog\/author\/benji\/\"}]}<\/script>\n<!-- \/ Yoast SEO plugin. -->","yoast_head_json":{"title":"D\u00e9but de mois de juin 2021 bouillant - Plan\u00e8te M\u00e9t\u00e9o Blog","robots":{"index":"index","follow":"follow","max-snippet":"max-snippet:-1","max-image-preview":"max-image-preview:large","max-video-preview":"max-video-preview:-1"},"canonical":"https:\/\/planete-meteo.com\/blog\/2021\/06\/17\/debut-de-mois-de-juin-2021-bouillant\/","og_locale":"fr_FR","og_type":"article","og_title":"D\u00e9but de mois de juin 2021 bouillant - Plan\u00e8te M\u00e9t\u00e9o Blog","og_description":"Vous avez potentiellement remarqu\u00e9, \u00e0 l&rsquo;oppos\u00e9 du mois de mai les 15 prochains jours de ce d\u00e9but de juin ont \u00e9t\u00e9 tr\u00e8s chaud, tellement chaud qu&rsquo;au niveau de la France l&rsquo;anomalie positive de temp\u00e9rature des 15 premiers jours de juin ont rattrap\u00e9 la totalit\u00e9 de l&rsquo;anomalie n\u00e9gative du mois de mai et donc depuis le &hellip; Continuer la lecture de D\u00e9but de mois de juin 2021 bouillant","og_url":"https:\/\/planete-meteo.com\/blog\/2021\/06\/17\/debut-de-mois-de-juin-2021-bouillant\/","og_site_name":"Plan\u00e8te M\u00e9t\u00e9o Blog","article_published_time":"2021-06-17T10:56:04+00:00","article_modified_time":"2021-06-17T10:58:04+00:00","og_image":[{"url":"https:\/\/planete-meteo.com\/blog\/wp-content\/uploads\/2021\/06\/E3_sEhyX0AUSkaA-1024x1024.png"}],"author":"Benji","twitter_card":"summary_large_image","twitter_misc":{"\u00c9crit par":"Benji","Dur\u00e9e de lecture estim\u00e9e":"2 minutes"},"schema":{"@context":"https:\/\/schema.org","@graph":[{"@type":"Article","@id":"https:\/\/planete-meteo.com\/blog\/2021\/06\/17\/debut-de-mois-de-juin-2021-bouillant\/#article","isPartOf":{"@id":"https:\/\/planete-meteo.com\/blog\/2021\/06\/17\/debut-de-mois-de-juin-2021-bouillant\/"},"author":{"name":"Benji","@id":"https:\/\/planete-meteo.com\/blog\/#\/schema\/person\/9f8b4184457873e167f52653d6a2b9c4"},"headline":"D\u00e9but de mois de juin 2021 bouillant","datePublished":"2021-06-17T10:56:04+00:00","dateModified":"2021-06-17T10:58:04+00:00","mainEntityOfPage":{"@id":"https:\/\/planete-meteo.com\/blog\/2021\/06\/17\/debut-de-mois-de-juin-2021-bouillant\/"},"wordCount":462,"commentCount":0,"publisher":{"@id":"https:\/\/planete-meteo.com\/blog\/#organization"},"image":{"@id":"https:\/\/planete-meteo.com\/blog\/2021\/06\/17\/debut-de-mois-de-juin-2021-bouillant\/#primaryimage"},"thumbnailUrl":"https:\/\/planete-meteo.com\/blog\/wp-content\/uploads\/2021\/06\/E3_sEhyX0AUSkaA-1024x1024.png","articleSection":["Climatologie"],"inLanguage":"fr-FR","potentialAction":[{"@type":"CommentAction","name":"Comment","target":["https:\/\/planete-meteo.com\/blog\/2021\/06\/17\/debut-de-mois-de-juin-2021-bouillant\/#respond"]}]},{"@type":"WebPage","@id":"https:\/\/planete-meteo.com\/blog\/2021\/06\/17\/debut-de-mois-de-juin-2021-bouillant\/","url":"https:\/\/planete-meteo.com\/blog\/2021\/06\/17\/debut-de-mois-de-juin-2021-bouillant\/","name":"D\u00e9but de mois de juin 2021 bouillant - Plan\u00e8te M\u00e9t\u00e9o Blog","isPartOf":{"@id":"https:\/\/planete-meteo.com\/blog\/#website"},"primaryImageOfPage":{"@id":"https:\/\/planete-meteo.com\/blog\/2021\/06\/17\/debut-de-mois-de-juin-2021-bouillant\/#primaryimage"},"image":{"@id":"https:\/\/planete-meteo.com\/blog\/2021\/06\/17\/debut-de-mois-de-juin-2021-bouillant\/#primaryimage"},"thumbnailUrl":"https:\/\/planete-meteo.com\/blog\/wp-content\/uploads\/2021\/06\/E3_sEhyX0AUSkaA-1024x1024.png","datePublished":"2021-06-17T10:56:04+00:00","dateModified":"2021-06-17T10:58:04+00:00","breadcrumb":{"@id":"https:\/\/planete-meteo.com\/blog\/2021\/06\/17\/debut-de-mois-de-juin-2021-bouillant\/#breadcrumb"},"inLanguage":"fr-FR","potentialAction":[{"@type":"ReadAction","target":["https:\/\/planete-meteo.com\/blog\/2021\/06\/17\/debut-de-mois-de-juin-2021-bouillant\/"]}]},{"@type":"ImageObject","inLanguage":"fr-FR","@id":"https:\/\/planete-meteo.com\/blog\/2021\/06\/17\/debut-de-mois-de-juin-2021-bouillant\/#primaryimage","url":"https:\/\/planete-meteo.com\/blog\/wp-content\/uploads\/2021\/06\/E3_sEhyX0AUSkaA.png","contentUrl":"https:\/\/planete-meteo.com\/blog\/wp-content\/uploads\/2021\/06\/E3_sEhyX0AUSkaA.png","width":2300,"height":2300},{"@type":"BreadcrumbList","@id":"https:\/\/planete-meteo.com\/blog\/2021\/06\/17\/debut-de-mois-de-juin-2021-bouillant\/#breadcrumb","itemListElement":[{"@type":"ListItem","position":1,"name":"Accueil","item":"https:\/\/planete-meteo.com\/blog\/"},{"@type":"ListItem","position":2,"name":"D\u00e9but de mois de juin 2021 bouillant"}]},{"@type":"WebSite","@id":"https:\/\/planete-meteo.com\/blog\/#website","url":"https:\/\/planete-meteo.com\/blog\/","name":"Plan\u00e8te M\u00e9t\u00e9o Blog","description":"Fil d&#039;actualit\u00e9 m\u00e9t\u00e9o, pr\u00e9visions, observations pour l&#039;Ain","publisher":{"@id":"https:\/\/planete-meteo.com\/blog\/#organization"},"potentialAction":[{"@type":"SearchAction","target":{"@type":"EntryPoint","urlTemplate":"https:\/\/planete-meteo.com\/blog\/?s={search_term_string}"},"query-input":"required name=search_term_string"}],"inLanguage":"fr-FR"},{"@type":"Organization","@id":"https:\/\/planete-meteo.com\/blog\/#organization","name":"Plan\u00e8te M\u00e9t\u00e9o Blog","url":"https:\/\/planete-meteo.com\/blog\/","logo":{"@type":"ImageObject","inLanguage":"fr-FR","@id":"https:\/\/planete-meteo.com\/blog\/#\/schema\/logo\/image\/","url":"https:\/\/planete-meteo.com\/blog\/wp-content\/uploads\/2021\/05\/cropped-cropped-logoPlanete-meteo_rond_500.png","contentUrl":"https:\/\/planete-meteo.com\/blog\/wp-content\/uploads\/2021\/05\/cropped-cropped-logoPlanete-meteo_rond_500.png","width":248,"height":248,"caption":"Plan\u00e8te M\u00e9t\u00e9o Blog"},"image":{"@id":"https:\/\/planete-meteo.com\/blog\/#\/schema\/logo\/image\/"}},{"@type":"Person","@id":"https:\/\/planete-meteo.com\/blog\/#\/schema\/person\/9f8b4184457873e167f52653d6a2b9c4","name":"Benji","image":{"@type":"ImageObject","inLanguage":"fr-FR","@id":"https:\/\/planete-meteo.com\/blog\/#\/schema\/person\/image\/","url":"https:\/\/secure.gravatar.com\/avatar\/57bb786c89649ee5e336c8f53eff444c49ed4a158048c7edf8895080b80d27a1?s=96&d=retro&r=g","contentUrl":"https:\/\/secure.gravatar.com\/avatar\/57bb786c89649ee5e336c8f53eff444c49ed4a158048c7edf8895080b80d27a1?s=96&d=retro&r=g","caption":"Benji"},"sameAs":["http:\/\/planete-meteo.com\/blog"],"url":"https:\/\/planete-meteo.com\/blog\/author\/benji\/"}]}},"_links":{"self":[{"href":"https:\/\/planete-meteo.com\/blog\/wp-json\/wp\/v2\/posts\/116","targetHints":{"allow":["GET"]}}],"collection":[{"href":"https:\/\/planete-meteo.com\/blog\/wp-json\/wp\/v2\/posts"}],"about":[{"href":"https:\/\/planete-meteo.com\/blog\/wp-json\/wp\/v2\/types\/post"}],"author":[{"embeddable":true,"href":"https:\/\/planete-meteo.com\/blog\/wp-json\/wp\/v2\/users\/1"}],"replies":[{"embeddable":true,"href":"https:\/\/planete-meteo.com\/blog\/wp-json\/wp\/v2\/comments?post=116"}],"version-history":[{"count":5,"href":"https:\/\/planete-meteo.com\/blog\/wp-json\/wp\/v2\/posts\/116\/revisions"}],"predecessor-version":[{"id":201,"href":"https:\/\/planete-meteo.com\/blog\/wp-json\/wp\/v2\/posts\/116\/revisions\/201"}],"wp:attachment":[{"href":"https:\/\/planete-meteo.com\/blog\/wp-json\/wp\/v2\/media?parent=116"}],"wp:term":[{"taxonomy":"category","embeddable":true,"href":"https:\/\/planete-meteo.com\/blog\/wp-json\/wp\/v2\/categories?post=116"},{"taxonomy":"post_tag","embeddable":true,"href":"https:\/\/planete-meteo.com\/blog\/wp-json\/wp\/v2\/tags?post=116"}],"curies":[{"name":"wp","href":"https:\/\/api.w.org\/{rel}","templated":true}]}}