{"id":128,"date":"2021-06-19T22:12:22","date_gmt":"2021-06-19T20:12:22","guid":{"rendered":"https:\/\/planete-meteo.com\/blog\/?p=128"},"modified":"2021-06-19T22:12:22","modified_gmt":"2021-06-19T20:12:22","slug":"beaucoup-de-sable-orages-ce-dimanche","status":"publish","type":"post","link":"https:\/\/planete-meteo.com\/blog\/2021\/06\/19\/beaucoup-de-sable-orages-ce-dimanche\/","title":{"rendered":"Beaucoup de sable, orages ce dimanche ?"},"content":{"rendered":"\n<p>Vous l&rsquo;avez probablement remarqu\u00e9, la poussi\u00e8re de sable est tr\u00e8s pr\u00e9sente dans le ciel de l&rsquo;Ain, ce matin quelques goutes de sable sur vos voitures, il cache m\u00eame une partie des rayons du soleil et limite la hausse des temp\u00e9ratures. Il n&rsquo;a fait \u00ab\u00a0que\u00a0\u00bb 30.3\u00b0C \u00e0 Bourg en Bresse par rapport aux pr\u00e9visions qui voyaient le thermom\u00e8tre s&rsquo;envoler 1 \u00e0 2\u00b0C de plus. Ce soir le ciel est devenu tr\u00e8s orang\u00e9 comme c&rsquo;est le cas du cot\u00e9 du Pays de Gex avec la photo que j&rsquo;ai prise ci dessous.<\/p>\n\n\n\n<div class=\"wp-block-image\"><figure class=\"aligncenter size-large\"><img loading=\"lazy\" decoding=\"async\" width=\"1024\" height=\"589\" src=\"https:\/\/planete-meteo.com\/blog\/wp-content\/uploads\/2021\/06\/DSC_8570_redimensionner-1024x589.jpg\" alt=\"\" class=\"wp-image-129\" srcset=\"https:\/\/planete-meteo.com\/blog\/wp-content\/uploads\/2021\/06\/DSC_8570_redimensionner-1024x589.jpg 1024w, https:\/\/planete-meteo.com\/blog\/wp-content\/uploads\/2021\/06\/DSC_8570_redimensionner-300x173.jpg 300w, https:\/\/planete-meteo.com\/blog\/wp-content\/uploads\/2021\/06\/DSC_8570_redimensionner-768x442.jpg 768w, https:\/\/planete-meteo.com\/blog\/wp-content\/uploads\/2021\/06\/DSC_8570_redimensionner-1536x883.jpg 1536w, https:\/\/planete-meteo.com\/blog\/wp-content\/uploads\/2021\/06\/DSC_8570_redimensionner.jpg 1920w\" sizes=\"auto, (max-width: 1024px) 100vw, 1024px\" \/><\/figure><\/div>\n\n\n\n<p><\/p>\n\n\n\n<p class=\"has-medium-font-size\">Vigilance orange pour les orages \u00e0 partir de demain (dimanche) apr\u00e8s-midi<\/p>\n\n\n\n<p>M\u00e9t\u00e9o France place le d\u00e9partement de l&rsquo;Ain en alerte \u00e0 partir de 16h, carte ci dessous: <\/p>\n\n\n\n<div class=\"wp-block-image\"><figure class=\"aligncenter size-large\"><img loading=\"lazy\" decoding=\"async\" width=\"400\" height=\"277\" src=\"https:\/\/planete-meteo.com\/blog\/wp-content\/uploads\/2021\/06\/TR7i7D8.png\" alt=\"\" class=\"wp-image-130\" srcset=\"https:\/\/planete-meteo.com\/blog\/wp-content\/uploads\/2021\/06\/TR7i7D8.png 400w, https:\/\/planete-meteo.com\/blog\/wp-content\/uploads\/2021\/06\/TR7i7D8-300x208.png 300w\" sizes=\"auto, (max-width: 400px) 100vw, 400px\" \/><\/figure><\/div>\n\n\n\n<p>En r\u00e9alit\u00e9, le risque d&rsquo;orages est pr\u00e9sent mais sera assez isol\u00e9, pas de grosses d\u00e9gradations comme on peu le voir chez nos voisins \u00e0 l&rsquo;ouest. Des orages brutaux qui se d\u00e9velopperons sur le d\u00e9partement et remonterons vers le nord. Mais ce sont les rafales de vent qui seront le plus \u00e0 craindre avec des pointes \u00e0 pr\u00e8s de 70\/80 km\/h proche des orages, il y a m\u00eame un risque de tr\u00e8s puissantes rafales \u00e0 pr\u00e8s de 100 \u00e0 130 km\/h avec 5% des chances sous les plus virulents des orages, ce risque monte \u00e0 pr\u00e8s de 20% sur le relief du Haut Jura en soir\u00e9e.<\/p>\n\n\n\n<p>Avec cette concentration de sable dans l&rsquo;atmosph\u00e8re la pr\u00e9visions reste d\u00e9licate, comme on a pu le voir aujourd&rsquo;hui avec les temp\u00e9ratures, il vaut mieux pr\u00e9venir avec donc l&rsquo;activation de cette vigilance que s&rsquo;y prendre au dernier moment surtout un jour dominical o\u00f9 avec ces chaleurs les balades \u00e0 l&rsquo;ext\u00e9rieurs risquent d&rsquo;\u00eatre nombreuses.<\/p>\n\n\n\n<p>Les pluies orageuses vont perdurer jusqu&rsquo;\u00e0 jeudi avec des temp\u00e9ratures en baisse pour passer l\u00e9g\u00e8rement sous les normes jeudi (temp\u00e9rature maximum 16\/20\u00b0C).<\/p>\n\n\n\n<p><\/p>\n","protected":false},"excerpt":{"rendered":"<p>Vous l&rsquo;avez probablement remarqu\u00e9, la poussi\u00e8re de sable est tr\u00e8s pr\u00e9sente dans le ciel de l&rsquo;Ain, ce matin quelques goutes de sable sur vos voitures, il cache m\u00eame une partie des rayons du soleil et limite la hausse des temp\u00e9ratures. Il n&rsquo;a fait \u00ab\u00a0que\u00a0\u00bb 30.3\u00b0C \u00e0 Bourg en Bresse par rapport aux pr\u00e9visions qui voyaient &hellip; <a href=\"https:\/\/planete-meteo.com\/blog\/2021\/06\/19\/beaucoup-de-sable-orages-ce-dimanche\/\" class=\"more-link\">Continuer la lecture de <span class=\"screen-reader-text\">Beaucoup de sable, orages ce dimanche ?<\/span><\/a><\/p>\n","protected":false},"author":1,"featured_media":0,"comment_status":"open","ping_status":"open","sticky":false,"template":"","format":"standard","meta":{"footnotes":""},"categories":[1],"tags":[],"class_list":["post-128","post","type-post","status-publish","format-standard","hentry","category-uncategorized"],"yoast_head":"<!-- This site is optimized with the Yoast SEO plugin v22.8 - https:\/\/yoast.com\/wordpress\/plugins\/seo\/ -->\n<title>Beaucoup de sable, orages ce dimanche ? - Plan\u00e8te M\u00e9t\u00e9o Blog<\/title>\n<meta name=\"robots\" content=\"index, follow, max-snippet:-1, max-image-preview:large, max-video-preview:-1\" \/>\n<link rel=\"canonical\" href=\"https:\/\/planete-meteo.com\/blog\/2021\/06\/19\/beaucoup-de-sable-orages-ce-dimanche\/\" \/>\n<meta property=\"og:locale\" content=\"fr_FR\" \/>\n<meta property=\"og:type\" content=\"article\" \/>\n<meta property=\"og:title\" content=\"Beaucoup de sable, orages ce dimanche ? - Plan\u00e8te M\u00e9t\u00e9o Blog\" \/>\n<meta property=\"og:description\" content=\"Vous l&rsquo;avez probablement remarqu\u00e9, la poussi\u00e8re de sable est tr\u00e8s pr\u00e9sente dans le ciel de l&rsquo;Ain, ce matin quelques goutes de sable sur vos voitures, il cache m\u00eame une partie des rayons du soleil et limite la hausse des temp\u00e9ratures. Il n&rsquo;a fait \u00ab\u00a0que\u00a0\u00bb 30.3\u00b0C \u00e0 Bourg en Bresse par rapport aux pr\u00e9visions qui voyaient &hellip; Continuer la lecture de Beaucoup de sable, orages ce dimanche ?\" \/>\n<meta property=\"og:url\" content=\"https:\/\/planete-meteo.com\/blog\/2021\/06\/19\/beaucoup-de-sable-orages-ce-dimanche\/\" \/>\n<meta property=\"og:site_name\" content=\"Plan\u00e8te M\u00e9t\u00e9o Blog\" \/>\n<meta property=\"article:published_time\" content=\"2021-06-19T20:12:22+00:00\" \/>\n<meta property=\"og:image\" content=\"https:\/\/planete-meteo.com\/blog\/wp-content\/uploads\/2021\/06\/DSC_8570_redimensionner-1024x589.jpg\" \/>\n<meta name=\"author\" content=\"Benji\" \/>\n<meta name=\"twitter:card\" content=\"summary_large_image\" \/>\n<meta name=\"twitter:label1\" content=\"\u00c9crit par\" \/>\n\t<meta name=\"twitter:data1\" content=\"Benji\" \/>\n\t<meta name=\"twitter:label2\" content=\"Dur\u00e9e de lecture estim\u00e9e\" \/>\n\t<meta name=\"twitter:data2\" content=\"2 minutes\" \/>\n<script type=\"application\/ld+json\" class=\"yoast-schema-graph\">{\"@context\":\"https:\/\/schema.org\",\"@graph\":[{\"@type\":\"Article\",\"@id\":\"https:\/\/planete-meteo.com\/blog\/2021\/06\/19\/beaucoup-de-sable-orages-ce-dimanche\/#article\",\"isPartOf\":{\"@id\":\"https:\/\/planete-meteo.com\/blog\/2021\/06\/19\/beaucoup-de-sable-orages-ce-dimanche\/\"},\"author\":{\"name\":\"Benji\",\"@id\":\"https:\/\/planete-meteo.com\/blog\/#\/schema\/person\/9f8b4184457873e167f52653d6a2b9c4\"},\"headline\":\"Beaucoup de sable, orages ce dimanche ?\",\"datePublished\":\"2021-06-19T20:12:22+00:00\",\"dateModified\":\"2021-06-19T20:12:22+00:00\",\"mainEntityOfPage\":{\"@id\":\"https:\/\/planete-meteo.com\/blog\/2021\/06\/19\/beaucoup-de-sable-orages-ce-dimanche\/\"},\"wordCount\":320,\"commentCount\":0,\"publisher\":{\"@id\":\"https:\/\/planete-meteo.com\/blog\/#organization\"},\"image\":{\"@id\":\"https:\/\/planete-meteo.com\/blog\/2021\/06\/19\/beaucoup-de-sable-orages-ce-dimanche\/#primaryimage\"},\"thumbnailUrl\":\"https:\/\/planete-meteo.com\/blog\/wp-content\/uploads\/2021\/06\/DSC_8570_redimensionner-1024x589.jpg\",\"articleSection\":[\"Uncategorized\"],\"inLanguage\":\"fr-FR\",\"potentialAction\":[{\"@type\":\"CommentAction\",\"name\":\"Comment\",\"target\":[\"https:\/\/planete-meteo.com\/blog\/2021\/06\/19\/beaucoup-de-sable-orages-ce-dimanche\/#respond\"]}]},{\"@type\":\"WebPage\",\"@id\":\"https:\/\/planete-meteo.com\/blog\/2021\/06\/19\/beaucoup-de-sable-orages-ce-dimanche\/\",\"url\":\"https:\/\/planete-meteo.com\/blog\/2021\/06\/19\/beaucoup-de-sable-orages-ce-dimanche\/\",\"name\":\"Beaucoup de sable, orages ce dimanche ? - Plan\u00e8te M\u00e9t\u00e9o Blog\",\"isPartOf\":{\"@id\":\"https:\/\/planete-meteo.com\/blog\/#website\"},\"primaryImageOfPage\":{\"@id\":\"https:\/\/planete-meteo.com\/blog\/2021\/06\/19\/beaucoup-de-sable-orages-ce-dimanche\/#primaryimage\"},\"image\":{\"@id\":\"https:\/\/planete-meteo.com\/blog\/2021\/06\/19\/beaucoup-de-sable-orages-ce-dimanche\/#primaryimage\"},\"thumbnailUrl\":\"https:\/\/planete-meteo.com\/blog\/wp-content\/uploads\/2021\/06\/DSC_8570_redimensionner-1024x589.jpg\",\"datePublished\":\"2021-06-19T20:12:22+00:00\",\"dateModified\":\"2021-06-19T20:12:22+00:00\",\"breadcrumb\":{\"@id\":\"https:\/\/planete-meteo.com\/blog\/2021\/06\/19\/beaucoup-de-sable-orages-ce-dimanche\/#breadcrumb\"},\"inLanguage\":\"fr-FR\",\"potentialAction\":[{\"@type\":\"ReadAction\",\"target\":[\"https:\/\/planete-meteo.com\/blog\/2021\/06\/19\/beaucoup-de-sable-orages-ce-dimanche\/\"]}]},{\"@type\":\"ImageObject\",\"inLanguage\":\"fr-FR\",\"@id\":\"https:\/\/planete-meteo.com\/blog\/2021\/06\/19\/beaucoup-de-sable-orages-ce-dimanche\/#primaryimage\",\"url\":\"https:\/\/planete-meteo.com\/blog\/wp-content\/uploads\/2021\/06\/DSC_8570_redimensionner.jpg\",\"contentUrl\":\"https:\/\/planete-meteo.com\/blog\/wp-content\/uploads\/2021\/06\/DSC_8570_redimensionner.jpg\",\"width\":1920,\"height\":1104},{\"@type\":\"BreadcrumbList\",\"@id\":\"https:\/\/planete-meteo.com\/blog\/2021\/06\/19\/beaucoup-de-sable-orages-ce-dimanche\/#breadcrumb\",\"itemListElement\":[{\"@type\":\"ListItem\",\"position\":1,\"name\":\"Accueil\",\"item\":\"https:\/\/planete-meteo.com\/blog\/\"},{\"@type\":\"ListItem\",\"position\":2,\"name\":\"Beaucoup de sable, orages ce dimanche ?\"}]},{\"@type\":\"WebSite\",\"@id\":\"https:\/\/planete-meteo.com\/blog\/#website\",\"url\":\"https:\/\/planete-meteo.com\/blog\/\",\"name\":\"Plan\u00e8te M\u00e9t\u00e9o Blog\",\"description\":\"Fil d&#039;actualit\u00e9 m\u00e9t\u00e9o, pr\u00e9visions, observations pour l&#039;Ain\",\"publisher\":{\"@id\":\"https:\/\/planete-meteo.com\/blog\/#organization\"},\"potentialAction\":[{\"@type\":\"SearchAction\",\"target\":{\"@type\":\"EntryPoint\",\"urlTemplate\":\"https:\/\/planete-meteo.com\/blog\/?s={search_term_string}\"},\"query-input\":\"required name=search_term_string\"}],\"inLanguage\":\"fr-FR\"},{\"@type\":\"Organization\",\"@id\":\"https:\/\/planete-meteo.com\/blog\/#organization\",\"name\":\"Plan\u00e8te M\u00e9t\u00e9o Blog\",\"url\":\"https:\/\/planete-meteo.com\/blog\/\",\"logo\":{\"@type\":\"ImageObject\",\"inLanguage\":\"fr-FR\",\"@id\":\"https:\/\/planete-meteo.com\/blog\/#\/schema\/logo\/image\/\",\"url\":\"https:\/\/planete-meteo.com\/blog\/wp-content\/uploads\/2021\/05\/cropped-cropped-logoPlanete-meteo_rond_500.png\",\"contentUrl\":\"https:\/\/planete-meteo.com\/blog\/wp-content\/uploads\/2021\/05\/cropped-cropped-logoPlanete-meteo_rond_500.png\",\"width\":248,\"height\":248,\"caption\":\"Plan\u00e8te M\u00e9t\u00e9o Blog\"},\"image\":{\"@id\":\"https:\/\/planete-meteo.com\/blog\/#\/schema\/logo\/image\/\"}},{\"@type\":\"Person\",\"@id\":\"https:\/\/planete-meteo.com\/blog\/#\/schema\/person\/9f8b4184457873e167f52653d6a2b9c4\",\"name\":\"Benji\",\"image\":{\"@type\":\"ImageObject\",\"inLanguage\":\"fr-FR\",\"@id\":\"https:\/\/planete-meteo.com\/blog\/#\/schema\/person\/image\/\",\"url\":\"https:\/\/secure.gravatar.com\/avatar\/57bb786c89649ee5e336c8f53eff444c49ed4a158048c7edf8895080b80d27a1?s=96&d=retro&r=g\",\"contentUrl\":\"https:\/\/secure.gravatar.com\/avatar\/57bb786c89649ee5e336c8f53eff444c49ed4a158048c7edf8895080b80d27a1?s=96&d=retro&r=g\",\"caption\":\"Benji\"},\"sameAs\":[\"http:\/\/planete-meteo.com\/blog\"],\"url\":\"https:\/\/planete-meteo.com\/blog\/author\/benji\/\"}]}<\/script>\n<!-- \/ Yoast SEO plugin. -->","yoast_head_json":{"title":"Beaucoup de sable, orages ce dimanche ? - Plan\u00e8te M\u00e9t\u00e9o Blog","robots":{"index":"index","follow":"follow","max-snippet":"max-snippet:-1","max-image-preview":"max-image-preview:large","max-video-preview":"max-video-preview:-1"},"canonical":"https:\/\/planete-meteo.com\/blog\/2021\/06\/19\/beaucoup-de-sable-orages-ce-dimanche\/","og_locale":"fr_FR","og_type":"article","og_title":"Beaucoup de sable, orages ce dimanche ? - Plan\u00e8te M\u00e9t\u00e9o Blog","og_description":"Vous l&rsquo;avez probablement remarqu\u00e9, la poussi\u00e8re de sable est tr\u00e8s pr\u00e9sente dans le ciel de l&rsquo;Ain, ce matin quelques goutes de sable sur vos voitures, il cache m\u00eame une partie des rayons du soleil et limite la hausse des temp\u00e9ratures. Il n&rsquo;a fait \u00ab\u00a0que\u00a0\u00bb 30.3\u00b0C \u00e0 Bourg en Bresse par rapport aux pr\u00e9visions qui voyaient &hellip; Continuer la lecture de Beaucoup de sable, orages ce dimanche ?","og_url":"https:\/\/planete-meteo.com\/blog\/2021\/06\/19\/beaucoup-de-sable-orages-ce-dimanche\/","og_site_name":"Plan\u00e8te M\u00e9t\u00e9o Blog","article_published_time":"2021-06-19T20:12:22+00:00","og_image":[{"url":"https:\/\/planete-meteo.com\/blog\/wp-content\/uploads\/2021\/06\/DSC_8570_redimensionner-1024x589.jpg"}],"author":"Benji","twitter_card":"summary_large_image","twitter_misc":{"\u00c9crit par":"Benji","Dur\u00e9e de lecture estim\u00e9e":"2 minutes"},"schema":{"@context":"https:\/\/schema.org","@graph":[{"@type":"Article","@id":"https:\/\/planete-meteo.com\/blog\/2021\/06\/19\/beaucoup-de-sable-orages-ce-dimanche\/#article","isPartOf":{"@id":"https:\/\/planete-meteo.com\/blog\/2021\/06\/19\/beaucoup-de-sable-orages-ce-dimanche\/"},"author":{"name":"Benji","@id":"https:\/\/planete-meteo.com\/blog\/#\/schema\/person\/9f8b4184457873e167f52653d6a2b9c4"},"headline":"Beaucoup de sable, orages ce dimanche ?","datePublished":"2021-06-19T20:12:22+00:00","dateModified":"2021-06-19T20:12:22+00:00","mainEntityOfPage":{"@id":"https:\/\/planete-meteo.com\/blog\/2021\/06\/19\/beaucoup-de-sable-orages-ce-dimanche\/"},"wordCount":320,"commentCount":0,"publisher":{"@id":"https:\/\/planete-meteo.com\/blog\/#organization"},"image":{"@id":"https:\/\/planete-meteo.com\/blog\/2021\/06\/19\/beaucoup-de-sable-orages-ce-dimanche\/#primaryimage"},"thumbnailUrl":"https:\/\/planete-meteo.com\/blog\/wp-content\/uploads\/2021\/06\/DSC_8570_redimensionner-1024x589.jpg","articleSection":["Uncategorized"],"inLanguage":"fr-FR","potentialAction":[{"@type":"CommentAction","name":"Comment","target":["https:\/\/planete-meteo.com\/blog\/2021\/06\/19\/beaucoup-de-sable-orages-ce-dimanche\/#respond"]}]},{"@type":"WebPage","@id":"https:\/\/planete-meteo.com\/blog\/2021\/06\/19\/beaucoup-de-sable-orages-ce-dimanche\/","url":"https:\/\/planete-meteo.com\/blog\/2021\/06\/19\/beaucoup-de-sable-orages-ce-dimanche\/","name":"Beaucoup de sable, orages ce dimanche ? - Plan\u00e8te M\u00e9t\u00e9o Blog","isPartOf":{"@id":"https:\/\/planete-meteo.com\/blog\/#website"},"primaryImageOfPage":{"@id":"https:\/\/planete-meteo.com\/blog\/2021\/06\/19\/beaucoup-de-sable-orages-ce-dimanche\/#primaryimage"},"image":{"@id":"https:\/\/planete-meteo.com\/blog\/2021\/06\/19\/beaucoup-de-sable-orages-ce-dimanche\/#primaryimage"},"thumbnailUrl":"https:\/\/planete-meteo.com\/blog\/wp-content\/uploads\/2021\/06\/DSC_8570_redimensionner-1024x589.jpg","datePublished":"2021-06-19T20:12:22+00:00","dateModified":"2021-06-19T20:12:22+00:00","breadcrumb":{"@id":"https:\/\/planete-meteo.com\/blog\/2021\/06\/19\/beaucoup-de-sable-orages-ce-dimanche\/#breadcrumb"},"inLanguage":"fr-FR","potentialAction":[{"@type":"ReadAction","target":["https:\/\/planete-meteo.com\/blog\/2021\/06\/19\/beaucoup-de-sable-orages-ce-dimanche\/"]}]},{"@type":"ImageObject","inLanguage":"fr-FR","@id":"https:\/\/planete-meteo.com\/blog\/2021\/06\/19\/beaucoup-de-sable-orages-ce-dimanche\/#primaryimage","url":"https:\/\/planete-meteo.com\/blog\/wp-content\/uploads\/2021\/06\/DSC_8570_redimensionner.jpg","contentUrl":"https:\/\/planete-meteo.com\/blog\/wp-content\/uploads\/2021\/06\/DSC_8570_redimensionner.jpg","width":1920,"height":1104},{"@type":"BreadcrumbList","@id":"https:\/\/planete-meteo.com\/blog\/2021\/06\/19\/beaucoup-de-sable-orages-ce-dimanche\/#breadcrumb","itemListElement":[{"@type":"ListItem","position":1,"name":"Accueil","item":"https:\/\/planete-meteo.com\/blog\/"},{"@type":"ListItem","position":2,"name":"Beaucoup de sable, orages ce dimanche ?"}]},{"@type":"WebSite","@id":"https:\/\/planete-meteo.com\/blog\/#website","url":"https:\/\/planete-meteo.com\/blog\/","name":"Plan\u00e8te M\u00e9t\u00e9o Blog","description":"Fil d&#039;actualit\u00e9 m\u00e9t\u00e9o, pr\u00e9visions, observations pour l&#039;Ain","publisher":{"@id":"https:\/\/planete-meteo.com\/blog\/#organization"},"potentialAction":[{"@type":"SearchAction","target":{"@type":"EntryPoint","urlTemplate":"https:\/\/planete-meteo.com\/blog\/?s={search_term_string}"},"query-input":"required name=search_term_string"}],"inLanguage":"fr-FR"},{"@type":"Organization","@id":"https:\/\/planete-meteo.com\/blog\/#organization","name":"Plan\u00e8te M\u00e9t\u00e9o Blog","url":"https:\/\/planete-meteo.com\/blog\/","logo":{"@type":"ImageObject","inLanguage":"fr-FR","@id":"https:\/\/planete-meteo.com\/blog\/#\/schema\/logo\/image\/","url":"https:\/\/planete-meteo.com\/blog\/wp-content\/uploads\/2021\/05\/cropped-cropped-logoPlanete-meteo_rond_500.png","contentUrl":"https:\/\/planete-meteo.com\/blog\/wp-content\/uploads\/2021\/05\/cropped-cropped-logoPlanete-meteo_rond_500.png","width":248,"height":248,"caption":"Plan\u00e8te M\u00e9t\u00e9o Blog"},"image":{"@id":"https:\/\/planete-meteo.com\/blog\/#\/schema\/logo\/image\/"}},{"@type":"Person","@id":"https:\/\/planete-meteo.com\/blog\/#\/schema\/person\/9f8b4184457873e167f52653d6a2b9c4","name":"Benji","image":{"@type":"ImageObject","inLanguage":"fr-FR","@id":"https:\/\/planete-meteo.com\/blog\/#\/schema\/person\/image\/","url":"https:\/\/secure.gravatar.com\/avatar\/57bb786c89649ee5e336c8f53eff444c49ed4a158048c7edf8895080b80d27a1?s=96&d=retro&r=g","contentUrl":"https:\/\/secure.gravatar.com\/avatar\/57bb786c89649ee5e336c8f53eff444c49ed4a158048c7edf8895080b80d27a1?s=96&d=retro&r=g","caption":"Benji"},"sameAs":["http:\/\/planete-meteo.com\/blog"],"url":"https:\/\/planete-meteo.com\/blog\/author\/benji\/"}]}},"_links":{"self":[{"href":"https:\/\/planete-meteo.com\/blog\/wp-json\/wp\/v2\/posts\/128","targetHints":{"allow":["GET"]}}],"collection":[{"href":"https:\/\/planete-meteo.com\/blog\/wp-json\/wp\/v2\/posts"}],"about":[{"href":"https:\/\/planete-meteo.com\/blog\/wp-json\/wp\/v2\/types\/post"}],"author":[{"embeddable":true,"href":"https:\/\/planete-meteo.com\/blog\/wp-json\/wp\/v2\/users\/1"}],"replies":[{"embeddable":true,"href":"https:\/\/planete-meteo.com\/blog\/wp-json\/wp\/v2\/comments?post=128"}],"version-history":[{"count":1,"href":"https:\/\/planete-meteo.com\/blog\/wp-json\/wp\/v2\/posts\/128\/revisions"}],"predecessor-version":[{"id":131,"href":"https:\/\/planete-meteo.com\/blog\/wp-json\/wp\/v2\/posts\/128\/revisions\/131"}],"wp:attachment":[{"href":"https:\/\/planete-meteo.com\/blog\/wp-json\/wp\/v2\/media?parent=128"}],"wp:term":[{"taxonomy":"category","embeddable":true,"href":"https:\/\/planete-meteo.com\/blog\/wp-json\/wp\/v2\/categories?post=128"},{"taxonomy":"post_tag","embeddable":true,"href":"https:\/\/planete-meteo.com\/blog\/wp-json\/wp\/v2\/tags?post=128"}],"curies":[{"name":"wp","href":"https:\/\/api.w.org\/{rel}","templated":true}]}}