{"id":132,"date":"2021-06-21T01:26:51","date_gmt":"2021-06-20T23:26:51","guid":{"rendered":"https:\/\/planete-meteo.com\/blog\/?p=132"},"modified":"2021-06-21T07:12:07","modified_gmt":"2021-06-21T05:12:07","slug":"orages-dilluviens-dans-le-bas-bugey-record-de-pluie","status":"publish","type":"post","link":"https:\/\/planete-meteo.com\/blog\/2021\/06\/21\/orages-dilluviens-dans-le-bas-bugey-record-de-pluie\/","title":{"rendered":"Orages dilluviens dans le Bas Bugey, record de pluie !"},"content":{"rendered":"\n<p>Ce dimanche 20 juin 2021 l&rsquo;Ain \u00e9tait plac\u00e9 en vigilance orange pour les orages entre 13h et 1h du matin.<\/p>\n\n\n\n<p>Les pr\u00e9visions \u00e9taient tr\u00e8s compliqu\u00e9es avec des secteurs pas bien d\u00e9finis, le param\u00e8tre le plus \u00e0 risque \u00e9tait le vent, celui-ci pouvait d\u00e9passer les 100 km\/h sous les cellules orageuses.<\/p>\n\n\n\n<p>Au final se sont pr\u00e8s de 2510 \u00e9clairs qui ont \u00e9t\u00e9 d\u00e9nombr\u00e9s dans le d\u00e9partement de l&rsquo;Ain et plusieurs records de pluie battu et de violentes rafales de vent au pied du Jura dans le Pays de Gex.<\/p>\n\n\n\n<figure class=\"wp-block-image size-large\"><img loading=\"lazy\" decoding=\"async\" width=\"768\" height=\"768\" src=\"https:\/\/planete-meteo.com\/blog\/wp-content\/uploads\/2021\/06\/dayaccdens_se.png\" alt=\"\" class=\"wp-image-134\" srcset=\"https:\/\/planete-meteo.com\/blog\/wp-content\/uploads\/2021\/06\/dayaccdens_se.png 768w, https:\/\/planete-meteo.com\/blog\/wp-content\/uploads\/2021\/06\/dayaccdens_se-300x300.png 300w, https:\/\/planete-meteo.com\/blog\/wp-content\/uploads\/2021\/06\/dayaccdens_se-150x150.png 150w\" sizes=\"auto, (max-width: 768px) 100vw, 768px\" \/><figcaption>Densit\u00e9 d&rsquo;\u00e9clairs pour la journ\u00e9e du 20 juin 2021<\/figcaption><\/figure>\n\n\n\n<p>D\u00e8s le millieu de journ\u00e9e le temps se d\u00e9grade par le sud du d\u00e9partement un premier orage violent se d\u00e9veloppe pr\u00e8s de Belley et d\u00e9vie du flux pour partir \u00e0 l&rsquo;est en Haute Savoie, cet orage prendra les caract\u00e9ristiques supercellulaire et traversera une bonne partie de la suisse avec de la gr\u00eale. Le reste du d\u00e9partement conna\u00eet des orages faibles \u00e0 mod\u00e9r\u00e9. C&rsquo;esr en d\u00e9but de soir\u00e9e que de violentes rafales de vent sont g\u00e9n\u00e9r\u00e9s au pied du Jura dans le Pays de Gex sur la bordure d&rsquo;un orage avec des rafales \u00e0 pr\u00e8s de 120 km\/h. Pas de gros d\u00e9g\u00e2ts dans cette zone habitu\u00e9 au ph\u00e9nom\u00e8ne de d\u00e9ferlement (Joran) mais de nombreuses branches jonchant la route. <\/p>\n\n\n\n<p>Ce n&rsquo;est que plus tard au coucher du soleil que les choses se g\u00e2tent sur le Bas Bugey, une ligne de convergence se met en place entre le Nord Is\u00e8re et le Jura. Cette ligne accompagn\u00e9e de nombreux orages perdurera pr\u00e8s de 4h sur le m\u00eame secteur \u00e0 tel point que les cumuls de pluie dans la zone sont devenues tr\u00e8s importants avec probablement de nombreuses inondations et ruissellement. La station m\u00e9t\u00e9o de St Rambert en Bugey a mesur\u00e9 depuis midi 122.7 mm dont 101.1 mm en seulement 3 heures ! C&rsquo;est un nouveau record pour cette jeune station (ouverte en 2001) pour un tel cumul en 24h mais aussi battant (de peu) le record d\u00e9partemental de pluie sur 3h l&rsquo;ancien \u00e9tait de 100 mm le 27 juillet 2019. Le record mensuel d\u00e9partemental de pluie sur 24h a aussi \u00e9t\u00e9 battu, battant les 113 mm du 21 juin 1984. Les 122.7 mm relev\u00e9s \u00e0 1h du matin depuis midi sont encore provisoire pour le total du cumul sur 24h et pourrait augmenter d&rsquo;ici midi ce lundi. <\/p>\n\n\n\n<div class=\"wp-block-image\"><figure class=\"aligncenter size-large\"><img loading=\"lazy\" decoding=\"async\" width=\"768\" height=\"768\" src=\"https:\/\/planete-meteo.com\/blog\/wp-content\/uploads\/2021\/06\/rr2_r13-2.png\" alt=\"\" class=\"wp-image-139\" srcset=\"https:\/\/planete-meteo.com\/blog\/wp-content\/uploads\/2021\/06\/rr2_r13-2.png 768w, https:\/\/planete-meteo.com\/blog\/wp-content\/uploads\/2021\/06\/rr2_r13-2-300x300.png 300w, https:\/\/planete-meteo.com\/blog\/wp-content\/uploads\/2021\/06\/rr2_r13-2-150x150.png 150w\" sizes=\"auto, (max-width: 768px) 100vw, 768px\" \/><figcaption>Carte des cumul sur 24h jusqu&rsquo;\u00e0 1h du matin<\/figcaption><\/figure><\/div>\n\n\n\n<figure class=\"wp-block-image size-large\"><img decoding=\"async\" src=\"https:\/\/images.meteociel.fr\/im\/73\/12042\/animszn2.gif\" alt=\"\"\/><figcaption>Animation radar des orages entre 20h et 0h<\/figcaption><\/figure>\n\n\n\n<p>Ces records restent une indication car \u00e0 l&rsquo;image de l&rsquo;orage de Nantua il y a quelques jours, le relief du Jura\/Bugey est souvent confront\u00e9 \u00e0 des orages dilluviens mais rare sont ceux mesur\u00e9s par des stations m\u00e9t\u00e9o de M\u00e9t\u00e9o France, il y aurais pu y avoir bien plus sur des secteurs localis\u00e9s d&rsquo;autres ann\u00e9s sous d&rsquo;autres orages. <\/p>\n","protected":false},"excerpt":{"rendered":"<p>Ce dimanche 20 juin 2021 l&rsquo;Ain \u00e9tait plac\u00e9 en vigilance orange pour les orages entre 13h et 1h du matin. Les pr\u00e9visions \u00e9taient tr\u00e8s compliqu\u00e9es avec des secteurs pas bien d\u00e9finis, le param\u00e8tre le plus \u00e0 risque \u00e9tait le vent, celui-ci pouvait d\u00e9passer les 100 km\/h sous les cellules orageuses. Au final se sont pr\u00e8s &hellip; <a href=\"https:\/\/planete-meteo.com\/blog\/2021\/06\/21\/orages-dilluviens-dans-le-bas-bugey-record-de-pluie\/\" class=\"more-link\">Continuer la lecture de <span class=\"screen-reader-text\">Orages dilluviens dans le Bas Bugey, record de pluie !<\/span><\/a><\/p>\n","protected":false},"author":1,"featured_media":0,"comment_status":"open","ping_status":"open","sticky":false,"template":"","format":"standard","meta":{"footnotes":""},"categories":[1],"tags":[],"class_list":["post-132","post","type-post","status-publish","format-standard","hentry","category-uncategorized"],"yoast_head":"<!-- This site is optimized with the Yoast SEO plugin v22.8 - https:\/\/yoast.com\/wordpress\/plugins\/seo\/ -->\n<title>Orages dilluviens dans le Bas Bugey, record de pluie ! - Plan\u00e8te M\u00e9t\u00e9o Blog<\/title>\n<meta name=\"robots\" content=\"index, follow, max-snippet:-1, max-image-preview:large, max-video-preview:-1\" \/>\n<link rel=\"canonical\" href=\"https:\/\/planete-meteo.com\/blog\/2021\/06\/21\/orages-dilluviens-dans-le-bas-bugey-record-de-pluie\/\" \/>\n<meta property=\"og:locale\" content=\"fr_FR\" \/>\n<meta property=\"og:type\" content=\"article\" \/>\n<meta property=\"og:title\" content=\"Orages dilluviens dans le Bas Bugey, record de pluie ! - Plan\u00e8te M\u00e9t\u00e9o Blog\" \/>\n<meta property=\"og:description\" content=\"Ce dimanche 20 juin 2021 l&rsquo;Ain \u00e9tait plac\u00e9 en vigilance orange pour les orages entre 13h et 1h du matin. Les pr\u00e9visions \u00e9taient tr\u00e8s compliqu\u00e9es avec des secteurs pas bien d\u00e9finis, le param\u00e8tre le plus \u00e0 risque \u00e9tait le vent, celui-ci pouvait d\u00e9passer les 100 km\/h sous les cellules orageuses. Au final se sont pr\u00e8s &hellip; Continuer la lecture de Orages dilluviens dans le Bas Bugey, record de pluie !\" \/>\n<meta property=\"og:url\" content=\"https:\/\/planete-meteo.com\/blog\/2021\/06\/21\/orages-dilluviens-dans-le-bas-bugey-record-de-pluie\/\" \/>\n<meta property=\"og:site_name\" content=\"Plan\u00e8te M\u00e9t\u00e9o Blog\" \/>\n<meta property=\"article:published_time\" content=\"2021-06-20T23:26:51+00:00\" \/>\n<meta property=\"article:modified_time\" content=\"2021-06-21T05:12:07+00:00\" \/>\n<meta property=\"og:image\" content=\"https:\/\/planete-meteo.com\/blog\/wp-content\/uploads\/2021\/06\/dayaccdens_se.png\" \/>\n<meta name=\"author\" content=\"Benji\" \/>\n<meta name=\"twitter:card\" content=\"summary_large_image\" \/>\n<meta name=\"twitter:label1\" content=\"\u00c9crit par\" \/>\n\t<meta name=\"twitter:data1\" content=\"Benji\" \/>\n\t<meta name=\"twitter:label2\" content=\"Dur\u00e9e de lecture estim\u00e9e\" \/>\n\t<meta name=\"twitter:data2\" content=\"2 minutes\" \/>\n<script type=\"application\/ld+json\" class=\"yoast-schema-graph\">{\"@context\":\"https:\/\/schema.org\",\"@graph\":[{\"@type\":\"Article\",\"@id\":\"https:\/\/planete-meteo.com\/blog\/2021\/06\/21\/orages-dilluviens-dans-le-bas-bugey-record-de-pluie\/#article\",\"isPartOf\":{\"@id\":\"https:\/\/planete-meteo.com\/blog\/2021\/06\/21\/orages-dilluviens-dans-le-bas-bugey-record-de-pluie\/\"},\"author\":{\"name\":\"Benji\",\"@id\":\"https:\/\/planete-meteo.com\/blog\/#\/schema\/person\/9f8b4184457873e167f52653d6a2b9c4\"},\"headline\":\"Orages dilluviens dans le Bas Bugey, record de pluie !\",\"datePublished\":\"2021-06-20T23:26:51+00:00\",\"dateModified\":\"2021-06-21T05:12:07+00:00\",\"mainEntityOfPage\":{\"@id\":\"https:\/\/planete-meteo.com\/blog\/2021\/06\/21\/orages-dilluviens-dans-le-bas-bugey-record-de-pluie\/\"},\"wordCount\":502,\"commentCount\":1,\"publisher\":{\"@id\":\"https:\/\/planete-meteo.com\/blog\/#organization\"},\"image\":{\"@id\":\"https:\/\/planete-meteo.com\/blog\/2021\/06\/21\/orages-dilluviens-dans-le-bas-bugey-record-de-pluie\/#primaryimage\"},\"thumbnailUrl\":\"https:\/\/planete-meteo.com\/blog\/wp-content\/uploads\/2021\/06\/dayaccdens_se.png\",\"articleSection\":[\"Uncategorized\"],\"inLanguage\":\"fr-FR\",\"potentialAction\":[{\"@type\":\"CommentAction\",\"name\":\"Comment\",\"target\":[\"https:\/\/planete-meteo.com\/blog\/2021\/06\/21\/orages-dilluviens-dans-le-bas-bugey-record-de-pluie\/#respond\"]}]},{\"@type\":\"WebPage\",\"@id\":\"https:\/\/planete-meteo.com\/blog\/2021\/06\/21\/orages-dilluviens-dans-le-bas-bugey-record-de-pluie\/\",\"url\":\"https:\/\/planete-meteo.com\/blog\/2021\/06\/21\/orages-dilluviens-dans-le-bas-bugey-record-de-pluie\/\",\"name\":\"Orages dilluviens dans le Bas Bugey, record de pluie ! - Plan\u00e8te M\u00e9t\u00e9o Blog\",\"isPartOf\":{\"@id\":\"https:\/\/planete-meteo.com\/blog\/#website\"},\"primaryImageOfPage\":{\"@id\":\"https:\/\/planete-meteo.com\/blog\/2021\/06\/21\/orages-dilluviens-dans-le-bas-bugey-record-de-pluie\/#primaryimage\"},\"image\":{\"@id\":\"https:\/\/planete-meteo.com\/blog\/2021\/06\/21\/orages-dilluviens-dans-le-bas-bugey-record-de-pluie\/#primaryimage\"},\"thumbnailUrl\":\"https:\/\/planete-meteo.com\/blog\/wp-content\/uploads\/2021\/06\/dayaccdens_se.png\",\"datePublished\":\"2021-06-20T23:26:51+00:00\",\"dateModified\":\"2021-06-21T05:12:07+00:00\",\"breadcrumb\":{\"@id\":\"https:\/\/planete-meteo.com\/blog\/2021\/06\/21\/orages-dilluviens-dans-le-bas-bugey-record-de-pluie\/#breadcrumb\"},\"inLanguage\":\"fr-FR\",\"potentialAction\":[{\"@type\":\"ReadAction\",\"target\":[\"https:\/\/planete-meteo.com\/blog\/2021\/06\/21\/orages-dilluviens-dans-le-bas-bugey-record-de-pluie\/\"]}]},{\"@type\":\"ImageObject\",\"inLanguage\":\"fr-FR\",\"@id\":\"https:\/\/planete-meteo.com\/blog\/2021\/06\/21\/orages-dilluviens-dans-le-bas-bugey-record-de-pluie\/#primaryimage\",\"url\":\"https:\/\/planete-meteo.com\/blog\/wp-content\/uploads\/2021\/06\/dayaccdens_se.png\",\"contentUrl\":\"https:\/\/planete-meteo.com\/blog\/wp-content\/uploads\/2021\/06\/dayaccdens_se.png\",\"width\":768,\"height\":768},{\"@type\":\"BreadcrumbList\",\"@id\":\"https:\/\/planete-meteo.com\/blog\/2021\/06\/21\/orages-dilluviens-dans-le-bas-bugey-record-de-pluie\/#breadcrumb\",\"itemListElement\":[{\"@type\":\"ListItem\",\"position\":1,\"name\":\"Accueil\",\"item\":\"https:\/\/planete-meteo.com\/blog\/\"},{\"@type\":\"ListItem\",\"position\":2,\"name\":\"Orages dilluviens dans le Bas Bugey, record de pluie !\"}]},{\"@type\":\"WebSite\",\"@id\":\"https:\/\/planete-meteo.com\/blog\/#website\",\"url\":\"https:\/\/planete-meteo.com\/blog\/\",\"name\":\"Plan\u00e8te M\u00e9t\u00e9o Blog\",\"description\":\"Fil d&#039;actualit\u00e9 m\u00e9t\u00e9o, pr\u00e9visions, observations pour l&#039;Ain\",\"publisher\":{\"@id\":\"https:\/\/planete-meteo.com\/blog\/#organization\"},\"potentialAction\":[{\"@type\":\"SearchAction\",\"target\":{\"@type\":\"EntryPoint\",\"urlTemplate\":\"https:\/\/planete-meteo.com\/blog\/?s={search_term_string}\"},\"query-input\":\"required name=search_term_string\"}],\"inLanguage\":\"fr-FR\"},{\"@type\":\"Organization\",\"@id\":\"https:\/\/planete-meteo.com\/blog\/#organization\",\"name\":\"Plan\u00e8te M\u00e9t\u00e9o Blog\",\"url\":\"https:\/\/planete-meteo.com\/blog\/\",\"logo\":{\"@type\":\"ImageObject\",\"inLanguage\":\"fr-FR\",\"@id\":\"https:\/\/planete-meteo.com\/blog\/#\/schema\/logo\/image\/\",\"url\":\"https:\/\/planete-meteo.com\/blog\/wp-content\/uploads\/2021\/05\/cropped-cropped-logoPlanete-meteo_rond_500.png\",\"contentUrl\":\"https:\/\/planete-meteo.com\/blog\/wp-content\/uploads\/2021\/05\/cropped-cropped-logoPlanete-meteo_rond_500.png\",\"width\":248,\"height\":248,\"caption\":\"Plan\u00e8te M\u00e9t\u00e9o Blog\"},\"image\":{\"@id\":\"https:\/\/planete-meteo.com\/blog\/#\/schema\/logo\/image\/\"}},{\"@type\":\"Person\",\"@id\":\"https:\/\/planete-meteo.com\/blog\/#\/schema\/person\/9f8b4184457873e167f52653d6a2b9c4\",\"name\":\"Benji\",\"image\":{\"@type\":\"ImageObject\",\"inLanguage\":\"fr-FR\",\"@id\":\"https:\/\/planete-meteo.com\/blog\/#\/schema\/person\/image\/\",\"url\":\"https:\/\/secure.gravatar.com\/avatar\/57bb786c89649ee5e336c8f53eff444c49ed4a158048c7edf8895080b80d27a1?s=96&d=retro&r=g\",\"contentUrl\":\"https:\/\/secure.gravatar.com\/avatar\/57bb786c89649ee5e336c8f53eff444c49ed4a158048c7edf8895080b80d27a1?s=96&d=retro&r=g\",\"caption\":\"Benji\"},\"sameAs\":[\"http:\/\/planete-meteo.com\/blog\"],\"url\":\"https:\/\/planete-meteo.com\/blog\/author\/benji\/\"}]}<\/script>\n<!-- \/ Yoast SEO plugin. -->","yoast_head_json":{"title":"Orages dilluviens dans le Bas Bugey, record de pluie ! - Plan\u00e8te M\u00e9t\u00e9o Blog","robots":{"index":"index","follow":"follow","max-snippet":"max-snippet:-1","max-image-preview":"max-image-preview:large","max-video-preview":"max-video-preview:-1"},"canonical":"https:\/\/planete-meteo.com\/blog\/2021\/06\/21\/orages-dilluviens-dans-le-bas-bugey-record-de-pluie\/","og_locale":"fr_FR","og_type":"article","og_title":"Orages dilluviens dans le Bas Bugey, record de pluie ! - Plan\u00e8te M\u00e9t\u00e9o Blog","og_description":"Ce dimanche 20 juin 2021 l&rsquo;Ain \u00e9tait plac\u00e9 en vigilance orange pour les orages entre 13h et 1h du matin. Les pr\u00e9visions \u00e9taient tr\u00e8s compliqu\u00e9es avec des secteurs pas bien d\u00e9finis, le param\u00e8tre le plus \u00e0 risque \u00e9tait le vent, celui-ci pouvait d\u00e9passer les 100 km\/h sous les cellules orageuses. Au final se sont pr\u00e8s &hellip; Continuer la lecture de Orages dilluviens dans le Bas Bugey, record de pluie !","og_url":"https:\/\/planete-meteo.com\/blog\/2021\/06\/21\/orages-dilluviens-dans-le-bas-bugey-record-de-pluie\/","og_site_name":"Plan\u00e8te M\u00e9t\u00e9o Blog","article_published_time":"2021-06-20T23:26:51+00:00","article_modified_time":"2021-06-21T05:12:07+00:00","og_image":[{"url":"https:\/\/planete-meteo.com\/blog\/wp-content\/uploads\/2021\/06\/dayaccdens_se.png"}],"author":"Benji","twitter_card":"summary_large_image","twitter_misc":{"\u00c9crit par":"Benji","Dur\u00e9e de lecture estim\u00e9e":"2 minutes"},"schema":{"@context":"https:\/\/schema.org","@graph":[{"@type":"Article","@id":"https:\/\/planete-meteo.com\/blog\/2021\/06\/21\/orages-dilluviens-dans-le-bas-bugey-record-de-pluie\/#article","isPartOf":{"@id":"https:\/\/planete-meteo.com\/blog\/2021\/06\/21\/orages-dilluviens-dans-le-bas-bugey-record-de-pluie\/"},"author":{"name":"Benji","@id":"https:\/\/planete-meteo.com\/blog\/#\/schema\/person\/9f8b4184457873e167f52653d6a2b9c4"},"headline":"Orages dilluviens dans le Bas Bugey, record de pluie !","datePublished":"2021-06-20T23:26:51+00:00","dateModified":"2021-06-21T05:12:07+00:00","mainEntityOfPage":{"@id":"https:\/\/planete-meteo.com\/blog\/2021\/06\/21\/orages-dilluviens-dans-le-bas-bugey-record-de-pluie\/"},"wordCount":502,"commentCount":1,"publisher":{"@id":"https:\/\/planete-meteo.com\/blog\/#organization"},"image":{"@id":"https:\/\/planete-meteo.com\/blog\/2021\/06\/21\/orages-dilluviens-dans-le-bas-bugey-record-de-pluie\/#primaryimage"},"thumbnailUrl":"https:\/\/planete-meteo.com\/blog\/wp-content\/uploads\/2021\/06\/dayaccdens_se.png","articleSection":["Uncategorized"],"inLanguage":"fr-FR","potentialAction":[{"@type":"CommentAction","name":"Comment","target":["https:\/\/planete-meteo.com\/blog\/2021\/06\/21\/orages-dilluviens-dans-le-bas-bugey-record-de-pluie\/#respond"]}]},{"@type":"WebPage","@id":"https:\/\/planete-meteo.com\/blog\/2021\/06\/21\/orages-dilluviens-dans-le-bas-bugey-record-de-pluie\/","url":"https:\/\/planete-meteo.com\/blog\/2021\/06\/21\/orages-dilluviens-dans-le-bas-bugey-record-de-pluie\/","name":"Orages dilluviens dans le Bas Bugey, record de pluie ! - Plan\u00e8te M\u00e9t\u00e9o Blog","isPartOf":{"@id":"https:\/\/planete-meteo.com\/blog\/#website"},"primaryImageOfPage":{"@id":"https:\/\/planete-meteo.com\/blog\/2021\/06\/21\/orages-dilluviens-dans-le-bas-bugey-record-de-pluie\/#primaryimage"},"image":{"@id":"https:\/\/planete-meteo.com\/blog\/2021\/06\/21\/orages-dilluviens-dans-le-bas-bugey-record-de-pluie\/#primaryimage"},"thumbnailUrl":"https:\/\/planete-meteo.com\/blog\/wp-content\/uploads\/2021\/06\/dayaccdens_se.png","datePublished":"2021-06-20T23:26:51+00:00","dateModified":"2021-06-21T05:12:07+00:00","breadcrumb":{"@id":"https:\/\/planete-meteo.com\/blog\/2021\/06\/21\/orages-dilluviens-dans-le-bas-bugey-record-de-pluie\/#breadcrumb"},"inLanguage":"fr-FR","potentialAction":[{"@type":"ReadAction","target":["https:\/\/planete-meteo.com\/blog\/2021\/06\/21\/orages-dilluviens-dans-le-bas-bugey-record-de-pluie\/"]}]},{"@type":"ImageObject","inLanguage":"fr-FR","@id":"https:\/\/planete-meteo.com\/blog\/2021\/06\/21\/orages-dilluviens-dans-le-bas-bugey-record-de-pluie\/#primaryimage","url":"https:\/\/planete-meteo.com\/blog\/wp-content\/uploads\/2021\/06\/dayaccdens_se.png","contentUrl":"https:\/\/planete-meteo.com\/blog\/wp-content\/uploads\/2021\/06\/dayaccdens_se.png","width":768,"height":768},{"@type":"BreadcrumbList","@id":"https:\/\/planete-meteo.com\/blog\/2021\/06\/21\/orages-dilluviens-dans-le-bas-bugey-record-de-pluie\/#breadcrumb","itemListElement":[{"@type":"ListItem","position":1,"name":"Accueil","item":"https:\/\/planete-meteo.com\/blog\/"},{"@type":"ListItem","position":2,"name":"Orages dilluviens dans le Bas Bugey, record de pluie !"}]},{"@type":"WebSite","@id":"https:\/\/planete-meteo.com\/blog\/#website","url":"https:\/\/planete-meteo.com\/blog\/","name":"Plan\u00e8te M\u00e9t\u00e9o Blog","description":"Fil d&#039;actualit\u00e9 m\u00e9t\u00e9o, pr\u00e9visions, observations pour l&#039;Ain","publisher":{"@id":"https:\/\/planete-meteo.com\/blog\/#organization"},"potentialAction":[{"@type":"SearchAction","target":{"@type":"EntryPoint","urlTemplate":"https:\/\/planete-meteo.com\/blog\/?s={search_term_string}"},"query-input":"required name=search_term_string"}],"inLanguage":"fr-FR"},{"@type":"Organization","@id":"https:\/\/planete-meteo.com\/blog\/#organization","name":"Plan\u00e8te M\u00e9t\u00e9o Blog","url":"https:\/\/planete-meteo.com\/blog\/","logo":{"@type":"ImageObject","inLanguage":"fr-FR","@id":"https:\/\/planete-meteo.com\/blog\/#\/schema\/logo\/image\/","url":"https:\/\/planete-meteo.com\/blog\/wp-content\/uploads\/2021\/05\/cropped-cropped-logoPlanete-meteo_rond_500.png","contentUrl":"https:\/\/planete-meteo.com\/blog\/wp-content\/uploads\/2021\/05\/cropped-cropped-logoPlanete-meteo_rond_500.png","width":248,"height":248,"caption":"Plan\u00e8te M\u00e9t\u00e9o Blog"},"image":{"@id":"https:\/\/planete-meteo.com\/blog\/#\/schema\/logo\/image\/"}},{"@type":"Person","@id":"https:\/\/planete-meteo.com\/blog\/#\/schema\/person\/9f8b4184457873e167f52653d6a2b9c4","name":"Benji","image":{"@type":"ImageObject","inLanguage":"fr-FR","@id":"https:\/\/planete-meteo.com\/blog\/#\/schema\/person\/image\/","url":"https:\/\/secure.gravatar.com\/avatar\/57bb786c89649ee5e336c8f53eff444c49ed4a158048c7edf8895080b80d27a1?s=96&d=retro&r=g","contentUrl":"https:\/\/secure.gravatar.com\/avatar\/57bb786c89649ee5e336c8f53eff444c49ed4a158048c7edf8895080b80d27a1?s=96&d=retro&r=g","caption":"Benji"},"sameAs":["http:\/\/planete-meteo.com\/blog"],"url":"https:\/\/planete-meteo.com\/blog\/author\/benji\/"}]}},"_links":{"self":[{"href":"https:\/\/planete-meteo.com\/blog\/wp-json\/wp\/v2\/posts\/132","targetHints":{"allow":["GET"]}}],"collection":[{"href":"https:\/\/planete-meteo.com\/blog\/wp-json\/wp\/v2\/posts"}],"about":[{"href":"https:\/\/planete-meteo.com\/blog\/wp-json\/wp\/v2\/types\/post"}],"author":[{"embeddable":true,"href":"https:\/\/planete-meteo.com\/blog\/wp-json\/wp\/v2\/users\/1"}],"replies":[{"embeddable":true,"href":"https:\/\/planete-meteo.com\/blog\/wp-json\/wp\/v2\/comments?post=132"}],"version-history":[{"count":5,"href":"https:\/\/planete-meteo.com\/blog\/wp-json\/wp\/v2\/posts\/132\/revisions"}],"predecessor-version":[{"id":140,"href":"https:\/\/planete-meteo.com\/blog\/wp-json\/wp\/v2\/posts\/132\/revisions\/140"}],"wp:attachment":[{"href":"https:\/\/planete-meteo.com\/blog\/wp-json\/wp\/v2\/media?parent=132"}],"wp:term":[{"taxonomy":"category","embeddable":true,"href":"https:\/\/planete-meteo.com\/blog\/wp-json\/wp\/v2\/categories?post=132"},{"taxonomy":"post_tag","embeddable":true,"href":"https:\/\/planete-meteo.com\/blog\/wp-json\/wp\/v2\/tags?post=132"}],"curies":[{"name":"wp","href":"https:\/\/api.w.org\/{rel}","templated":true}]}}