{"id":142,"date":"2021-07-01T13:10:14","date_gmt":"2021-07-01T11:10:14","guid":{"rendered":"https:\/\/planete-meteo.com\/blog\/?p=142"},"modified":"2021-07-01T13:10:14","modified_gmt":"2021-07-01T11:10:14","slug":"un-mois-de-juin-tres-chaud","status":"publish","type":"post","link":"https:\/\/planete-meteo.com\/blog\/2021\/07\/01\/un-mois-de-juin-tres-chaud\/","title":{"rendered":"Un mois de juin tr\u00e8s chaud !"},"content":{"rendered":"\n<p>M\u00eame si au vu des commentaires sur la m\u00e9t\u00e9o de ces derniers jours que l&rsquo;on peut lire sur les r\u00e9seaux sociaux on aurait pu penser que nous ne sommes toujours pas en \u00e9t\u00e9, la r\u00e9alit\u00e9 m\u00e9t\u00e9orologique et climatique en est tout autre.<\/p>\n\n\n\n<p>Nous sommes rentr\u00e9s depuis le 1er juin dans l&rsquo;\u00e9t\u00e9 m\u00e9t\u00e9orologique en fanfare avec des temp\u00e9ratures qui \u00e9taient tr\u00e8s largement au-dessus des normes (hormis pendant 2 jours le 5 et 6 juin) et ce temps chaud \u00e0 tr\u00e8s chaud aura perdur\u00e9 jusqu&rsquo;au 20 juin, une vigilance jaune canicule par M\u00e9t\u00e9o France aura m\u00eame concern\u00e9 l&rsquo;Ain pendant plusieurs jours du 16 au 20 juin. Le temps se sera rafra\u00eechit en fin de mois sur les 5 derniers jours en passant sous les normes avec de fr\u00e9quentes pluies et orages.<\/p>\n\n\n\n<p>Cette baisse \u00e0 la fin du mois n&rsquo;aura que tr\u00e8s peu fait chuter les temp\u00e9ratures moyennes du mois, on se retrouve donc avec une temp\u00e9rature moyenne de <strong><span style=\"color:#F0011E\">20.3\u00b0C<\/span><\/strong> (<span style=\"color:#F0011E\">+2.5\u00b0C<\/span> sur une norme 1981\/2010 \u00e0 17.8\u00b0C). Le 17 juin avec une nuit tropicale T\u00b0 mini de 22.4\u00b0C et une temp\u00e9rature maximale de 30.4\u00b0C fut la journ\u00e9e la plus chaude mesur\u00e9e avec <strong><span style=\"color:#F0011E\">26.1\u00b0C<\/span><\/strong> de moyenne journali\u00e8re soit 8.1\u00b0C au-dessus des normes ! L&rsquo;apr\u00e8s-midi la plus chaude fut mesur\u00e9 la veille avec <strong><span style=\"color:#F0011E\">33.4\u00b0C<\/span><\/strong>, des temp\u00e9ratures qui sont globalement assimil\u00e9s \u00e0 un mois de juillet.<\/p>\n\n\n\n<figure class=\"wp-block-image size-large\"><img loading=\"lazy\" decoding=\"async\" width=\"900\" height=\"510\" src=\"https:\/\/planete-meteo.com\/blog\/wp-content\/uploads\/2021\/07\/eDfdwi2.png\" alt=\"\" class=\"wp-image-144\" srcset=\"https:\/\/planete-meteo.com\/blog\/wp-content\/uploads\/2021\/07\/eDfdwi2.png 900w, https:\/\/planete-meteo.com\/blog\/wp-content\/uploads\/2021\/07\/eDfdwi2-300x170.png 300w, https:\/\/planete-meteo.com\/blog\/wp-content\/uploads\/2021\/07\/eDfdwi2-768x435.png 768w\" sizes=\"auto, (max-width: 900px) 100vw, 900px\" \/><figcaption>Anomalie temp\u00e9rature juin 2021 Bourg en Bresse<\/figcaption><\/figure>\n\n\n\n<p>Au niveau national, m\u00eame constat, l&rsquo;anomalie de temp\u00e9rature se situe <strong><span style=\"color:#F0011E\">2\u00b0C<\/span><\/strong> au dessus des normales 1981\/2010 se positionnant 5eme au classement des ann\u00e9es les plus chaudes depuis 1900 (Top 5 : 2003, 2017, 1976, 2005, 2021)<\/p>\n\n\n\n<figure class=\"wp-block-image size-large\"><img loading=\"lazy\" decoding=\"async\" width=\"1024\" height=\"760\" src=\"https:\/\/planete-meteo.com\/blog\/wp-content\/uploads\/2021\/07\/E5NBeaYWYAM8IUC-1024x760.png\" alt=\"\" class=\"wp-image-143\" srcset=\"https:\/\/planete-meteo.com\/blog\/wp-content\/uploads\/2021\/07\/E5NBeaYWYAM8IUC-1024x760.png 1024w, https:\/\/planete-meteo.com\/blog\/wp-content\/uploads\/2021\/07\/E5NBeaYWYAM8IUC-300x223.png 300w, https:\/\/planete-meteo.com\/blog\/wp-content\/uploads\/2021\/07\/E5NBeaYWYAM8IUC-768x570.png 768w, https:\/\/planete-meteo.com\/blog\/wp-content\/uploads\/2021\/07\/E5NBeaYWYAM8IUC-1536x1141.png 1536w, https:\/\/planete-meteo.com\/blog\/wp-content\/uploads\/2021\/07\/E5NBeaYWYAM8IUC-2048x1521.png 2048w\" sizes=\"auto, (max-width: 1024px) 100vw, 1024px\" \/><figcaption>Anomalie de temp\u00e9rature des mois de juin depuis 1950<\/figcaption><\/figure>\n\n\n\n<p>Dernier petit mot, mon confr\u00e8re de <a href=\"https:\/\/www.meteo-viriat.fr\/\" data-type=\"URL\" data-id=\"https:\/\/www.meteo-viriat.fr\/\">M\u00e9t\u00e9o Viriat<\/a> utilisant les donn\u00e9es en les comparant avec une normale de 2002\/2020 trouve aussi un mois de juin plus chaud que la normale (dans le top 5 derri\u00e8re 2003,2017,2019,2015) mais avec \u00ab\u00a0seulement\u00a0\u00bb +0.8\u00b0C au-dessus de- ses normes 2002\/2020. Cela indique qu&rsquo;en l&rsquo;espace de 20 ans les temp\u00e9ratures moyennes sur le d\u00e9partement sur un mois de juin n&rsquo;ont fait qu&rsquo;augmenter et se situent maintenant plus d&rsquo;1.5\u00b0C sup\u00e9rieurs aux normes de r\u00e9f\u00e9rences que l&rsquo;on pouvait connaitre il y a 20 ans ! <\/p>\n\n\n\n<p>On le remarque aussi tr\u00e8s nettement sur le graphique de M\u00e9t\u00e9o France ci dessus, avec depuis 2002 1 seul mois sous les normales alors que les 20 ann\u00e9es pr\u00e9c\u00e9dentes seulement 6 \u00e9taient au dessus ! et de peu, moins de 1\u00b0C d&rsquo;exc\u00e9dent. <\/p>\n","protected":false},"excerpt":{"rendered":"<p>M\u00eame si au vu des commentaires sur la m\u00e9t\u00e9o de ces derniers jours que l&rsquo;on peut lire sur les r\u00e9seaux sociaux on aurait pu penser que nous ne sommes toujours pas en \u00e9t\u00e9, la r\u00e9alit\u00e9 m\u00e9t\u00e9orologique et climatique en est tout autre. Nous sommes rentr\u00e9s depuis le 1er juin dans l&rsquo;\u00e9t\u00e9 m\u00e9t\u00e9orologique en fanfare avec &hellip; <a href=\"https:\/\/planete-meteo.com\/blog\/2021\/07\/01\/un-mois-de-juin-tres-chaud\/\" class=\"more-link\">Continuer la lecture de <span class=\"screen-reader-text\">Un mois de juin tr\u00e8s chaud !<\/span><\/a><\/p>\n","protected":false},"author":1,"featured_media":0,"comment_status":"open","ping_status":"open","sticky":false,"template":"","format":"standard","meta":{"footnotes":""},"categories":[10,7],"tags":[],"class_list":["post-142","post","type-post","status-publish","format-standard","hentry","category-chaleur","category-climatologie"],"yoast_head":"<!-- This site is optimized with the Yoast SEO plugin v22.8 - https:\/\/yoast.com\/wordpress\/plugins\/seo\/ -->\n<title>Un mois de juin tr\u00e8s chaud ! - Plan\u00e8te M\u00e9t\u00e9o Blog<\/title>\n<meta name=\"robots\" content=\"index, follow, max-snippet:-1, max-image-preview:large, max-video-preview:-1\" \/>\n<link rel=\"canonical\" href=\"https:\/\/planete-meteo.com\/blog\/2021\/07\/01\/un-mois-de-juin-tres-chaud\/\" \/>\n<meta property=\"og:locale\" content=\"fr_FR\" \/>\n<meta property=\"og:type\" content=\"article\" \/>\n<meta property=\"og:title\" content=\"Un mois de juin tr\u00e8s chaud ! - Plan\u00e8te M\u00e9t\u00e9o Blog\" \/>\n<meta property=\"og:description\" content=\"M\u00eame si au vu des commentaires sur la m\u00e9t\u00e9o de ces derniers jours que l&rsquo;on peut lire sur les r\u00e9seaux sociaux on aurait pu penser que nous ne sommes toujours pas en \u00e9t\u00e9, la r\u00e9alit\u00e9 m\u00e9t\u00e9orologique et climatique en est tout autre. Nous sommes rentr\u00e9s depuis le 1er juin dans l&rsquo;\u00e9t\u00e9 m\u00e9t\u00e9orologique en fanfare avec &hellip; Continuer la lecture de Un mois de juin tr\u00e8s chaud !\" \/>\n<meta property=\"og:url\" content=\"https:\/\/planete-meteo.com\/blog\/2021\/07\/01\/un-mois-de-juin-tres-chaud\/\" \/>\n<meta property=\"og:site_name\" content=\"Plan\u00e8te M\u00e9t\u00e9o Blog\" \/>\n<meta property=\"article:published_time\" content=\"2021-07-01T11:10:14+00:00\" \/>\n<meta property=\"og:image\" content=\"https:\/\/planete-meteo.com\/blog\/wp-content\/uploads\/2021\/07\/eDfdwi2.png\" \/>\n<meta name=\"author\" content=\"Benji\" \/>\n<meta name=\"twitter:card\" content=\"summary_large_image\" \/>\n<meta name=\"twitter:label1\" content=\"\u00c9crit par\" \/>\n\t<meta name=\"twitter:data1\" content=\"Benji\" \/>\n\t<meta name=\"twitter:label2\" content=\"Dur\u00e9e de lecture estim\u00e9e\" \/>\n\t<meta name=\"twitter:data2\" content=\"2 minutes\" \/>\n<script type=\"application\/ld+json\" class=\"yoast-schema-graph\">{\"@context\":\"https:\/\/schema.org\",\"@graph\":[{\"@type\":\"Article\",\"@id\":\"https:\/\/planete-meteo.com\/blog\/2021\/07\/01\/un-mois-de-juin-tres-chaud\/#article\",\"isPartOf\":{\"@id\":\"https:\/\/planete-meteo.com\/blog\/2021\/07\/01\/un-mois-de-juin-tres-chaud\/\"},\"author\":{\"name\":\"Benji\",\"@id\":\"https:\/\/planete-meteo.com\/blog\/#\/schema\/person\/9f8b4184457873e167f52653d6a2b9c4\"},\"headline\":\"Un mois de juin tr\u00e8s chaud !\",\"datePublished\":\"2021-07-01T11:10:14+00:00\",\"dateModified\":\"2021-07-01T11:10:14+00:00\",\"mainEntityOfPage\":{\"@id\":\"https:\/\/planete-meteo.com\/blog\/2021\/07\/01\/un-mois-de-juin-tres-chaud\/\"},\"wordCount\":423,\"commentCount\":0,\"publisher\":{\"@id\":\"https:\/\/planete-meteo.com\/blog\/#organization\"},\"image\":{\"@id\":\"https:\/\/planete-meteo.com\/blog\/2021\/07\/01\/un-mois-de-juin-tres-chaud\/#primaryimage\"},\"thumbnailUrl\":\"https:\/\/planete-meteo.com\/blog\/wp-content\/uploads\/2021\/07\/eDfdwi2.png\",\"articleSection\":[\"Chaleur\",\"Climatologie\"],\"inLanguage\":\"fr-FR\",\"potentialAction\":[{\"@type\":\"CommentAction\",\"name\":\"Comment\",\"target\":[\"https:\/\/planete-meteo.com\/blog\/2021\/07\/01\/un-mois-de-juin-tres-chaud\/#respond\"]}]},{\"@type\":\"WebPage\",\"@id\":\"https:\/\/planete-meteo.com\/blog\/2021\/07\/01\/un-mois-de-juin-tres-chaud\/\",\"url\":\"https:\/\/planete-meteo.com\/blog\/2021\/07\/01\/un-mois-de-juin-tres-chaud\/\",\"name\":\"Un mois de juin tr\u00e8s chaud ! - Plan\u00e8te M\u00e9t\u00e9o Blog\",\"isPartOf\":{\"@id\":\"https:\/\/planete-meteo.com\/blog\/#website\"},\"primaryImageOfPage\":{\"@id\":\"https:\/\/planete-meteo.com\/blog\/2021\/07\/01\/un-mois-de-juin-tres-chaud\/#primaryimage\"},\"image\":{\"@id\":\"https:\/\/planete-meteo.com\/blog\/2021\/07\/01\/un-mois-de-juin-tres-chaud\/#primaryimage\"},\"thumbnailUrl\":\"https:\/\/planete-meteo.com\/blog\/wp-content\/uploads\/2021\/07\/eDfdwi2.png\",\"datePublished\":\"2021-07-01T11:10:14+00:00\",\"dateModified\":\"2021-07-01T11:10:14+00:00\",\"breadcrumb\":{\"@id\":\"https:\/\/planete-meteo.com\/blog\/2021\/07\/01\/un-mois-de-juin-tres-chaud\/#breadcrumb\"},\"inLanguage\":\"fr-FR\",\"potentialAction\":[{\"@type\":\"ReadAction\",\"target\":[\"https:\/\/planete-meteo.com\/blog\/2021\/07\/01\/un-mois-de-juin-tres-chaud\/\"]}]},{\"@type\":\"ImageObject\",\"inLanguage\":\"fr-FR\",\"@id\":\"https:\/\/planete-meteo.com\/blog\/2021\/07\/01\/un-mois-de-juin-tres-chaud\/#primaryimage\",\"url\":\"https:\/\/planete-meteo.com\/blog\/wp-content\/uploads\/2021\/07\/eDfdwi2.png\",\"contentUrl\":\"https:\/\/planete-meteo.com\/blog\/wp-content\/uploads\/2021\/07\/eDfdwi2.png\",\"width\":900,\"height\":510},{\"@type\":\"BreadcrumbList\",\"@id\":\"https:\/\/planete-meteo.com\/blog\/2021\/07\/01\/un-mois-de-juin-tres-chaud\/#breadcrumb\",\"itemListElement\":[{\"@type\":\"ListItem\",\"position\":1,\"name\":\"Accueil\",\"item\":\"https:\/\/planete-meteo.com\/blog\/\"},{\"@type\":\"ListItem\",\"position\":2,\"name\":\"Un mois de juin tr\u00e8s chaud !\"}]},{\"@type\":\"WebSite\",\"@id\":\"https:\/\/planete-meteo.com\/blog\/#website\",\"url\":\"https:\/\/planete-meteo.com\/blog\/\",\"name\":\"Plan\u00e8te M\u00e9t\u00e9o Blog\",\"description\":\"Fil d&#039;actualit\u00e9 m\u00e9t\u00e9o, pr\u00e9visions, observations pour l&#039;Ain\",\"publisher\":{\"@id\":\"https:\/\/planete-meteo.com\/blog\/#organization\"},\"potentialAction\":[{\"@type\":\"SearchAction\",\"target\":{\"@type\":\"EntryPoint\",\"urlTemplate\":\"https:\/\/planete-meteo.com\/blog\/?s={search_term_string}\"},\"query-input\":\"required name=search_term_string\"}],\"inLanguage\":\"fr-FR\"},{\"@type\":\"Organization\",\"@id\":\"https:\/\/planete-meteo.com\/blog\/#organization\",\"name\":\"Plan\u00e8te M\u00e9t\u00e9o Blog\",\"url\":\"https:\/\/planete-meteo.com\/blog\/\",\"logo\":{\"@type\":\"ImageObject\",\"inLanguage\":\"fr-FR\",\"@id\":\"https:\/\/planete-meteo.com\/blog\/#\/schema\/logo\/image\/\",\"url\":\"https:\/\/planete-meteo.com\/blog\/wp-content\/uploads\/2021\/05\/cropped-cropped-logoPlanete-meteo_rond_500.png\",\"contentUrl\":\"https:\/\/planete-meteo.com\/blog\/wp-content\/uploads\/2021\/05\/cropped-cropped-logoPlanete-meteo_rond_500.png\",\"width\":248,\"height\":248,\"caption\":\"Plan\u00e8te M\u00e9t\u00e9o Blog\"},\"image\":{\"@id\":\"https:\/\/planete-meteo.com\/blog\/#\/schema\/logo\/image\/\"}},{\"@type\":\"Person\",\"@id\":\"https:\/\/planete-meteo.com\/blog\/#\/schema\/person\/9f8b4184457873e167f52653d6a2b9c4\",\"name\":\"Benji\",\"image\":{\"@type\":\"ImageObject\",\"inLanguage\":\"fr-FR\",\"@id\":\"https:\/\/planete-meteo.com\/blog\/#\/schema\/person\/image\/\",\"url\":\"https:\/\/secure.gravatar.com\/avatar\/57bb786c89649ee5e336c8f53eff444c49ed4a158048c7edf8895080b80d27a1?s=96&d=retro&r=g\",\"contentUrl\":\"https:\/\/secure.gravatar.com\/avatar\/57bb786c89649ee5e336c8f53eff444c49ed4a158048c7edf8895080b80d27a1?s=96&d=retro&r=g\",\"caption\":\"Benji\"},\"sameAs\":[\"http:\/\/planete-meteo.com\/blog\"],\"url\":\"https:\/\/planete-meteo.com\/blog\/author\/benji\/\"}]}<\/script>\n<!-- \/ Yoast SEO plugin. -->","yoast_head_json":{"title":"Un mois de juin tr\u00e8s chaud ! - Plan\u00e8te M\u00e9t\u00e9o Blog","robots":{"index":"index","follow":"follow","max-snippet":"max-snippet:-1","max-image-preview":"max-image-preview:large","max-video-preview":"max-video-preview:-1"},"canonical":"https:\/\/planete-meteo.com\/blog\/2021\/07\/01\/un-mois-de-juin-tres-chaud\/","og_locale":"fr_FR","og_type":"article","og_title":"Un mois de juin tr\u00e8s chaud ! - Plan\u00e8te M\u00e9t\u00e9o Blog","og_description":"M\u00eame si au vu des commentaires sur la m\u00e9t\u00e9o de ces derniers jours que l&rsquo;on peut lire sur les r\u00e9seaux sociaux on aurait pu penser que nous ne sommes toujours pas en \u00e9t\u00e9, la r\u00e9alit\u00e9 m\u00e9t\u00e9orologique et climatique en est tout autre. Nous sommes rentr\u00e9s depuis le 1er juin dans l&rsquo;\u00e9t\u00e9 m\u00e9t\u00e9orologique en fanfare avec &hellip; Continuer la lecture de Un mois de juin tr\u00e8s chaud !","og_url":"https:\/\/planete-meteo.com\/blog\/2021\/07\/01\/un-mois-de-juin-tres-chaud\/","og_site_name":"Plan\u00e8te M\u00e9t\u00e9o Blog","article_published_time":"2021-07-01T11:10:14+00:00","og_image":[{"url":"https:\/\/planete-meteo.com\/blog\/wp-content\/uploads\/2021\/07\/eDfdwi2.png"}],"author":"Benji","twitter_card":"summary_large_image","twitter_misc":{"\u00c9crit par":"Benji","Dur\u00e9e de lecture estim\u00e9e":"2 minutes"},"schema":{"@context":"https:\/\/schema.org","@graph":[{"@type":"Article","@id":"https:\/\/planete-meteo.com\/blog\/2021\/07\/01\/un-mois-de-juin-tres-chaud\/#article","isPartOf":{"@id":"https:\/\/planete-meteo.com\/blog\/2021\/07\/01\/un-mois-de-juin-tres-chaud\/"},"author":{"name":"Benji","@id":"https:\/\/planete-meteo.com\/blog\/#\/schema\/person\/9f8b4184457873e167f52653d6a2b9c4"},"headline":"Un mois de juin tr\u00e8s chaud !","datePublished":"2021-07-01T11:10:14+00:00","dateModified":"2021-07-01T11:10:14+00:00","mainEntityOfPage":{"@id":"https:\/\/planete-meteo.com\/blog\/2021\/07\/01\/un-mois-de-juin-tres-chaud\/"},"wordCount":423,"commentCount":0,"publisher":{"@id":"https:\/\/planete-meteo.com\/blog\/#organization"},"image":{"@id":"https:\/\/planete-meteo.com\/blog\/2021\/07\/01\/un-mois-de-juin-tres-chaud\/#primaryimage"},"thumbnailUrl":"https:\/\/planete-meteo.com\/blog\/wp-content\/uploads\/2021\/07\/eDfdwi2.png","articleSection":["Chaleur","Climatologie"],"inLanguage":"fr-FR","potentialAction":[{"@type":"CommentAction","name":"Comment","target":["https:\/\/planete-meteo.com\/blog\/2021\/07\/01\/un-mois-de-juin-tres-chaud\/#respond"]}]},{"@type":"WebPage","@id":"https:\/\/planete-meteo.com\/blog\/2021\/07\/01\/un-mois-de-juin-tres-chaud\/","url":"https:\/\/planete-meteo.com\/blog\/2021\/07\/01\/un-mois-de-juin-tres-chaud\/","name":"Un mois de juin tr\u00e8s chaud ! - Plan\u00e8te M\u00e9t\u00e9o Blog","isPartOf":{"@id":"https:\/\/planete-meteo.com\/blog\/#website"},"primaryImageOfPage":{"@id":"https:\/\/planete-meteo.com\/blog\/2021\/07\/01\/un-mois-de-juin-tres-chaud\/#primaryimage"},"image":{"@id":"https:\/\/planete-meteo.com\/blog\/2021\/07\/01\/un-mois-de-juin-tres-chaud\/#primaryimage"},"thumbnailUrl":"https:\/\/planete-meteo.com\/blog\/wp-content\/uploads\/2021\/07\/eDfdwi2.png","datePublished":"2021-07-01T11:10:14+00:00","dateModified":"2021-07-01T11:10:14+00:00","breadcrumb":{"@id":"https:\/\/planete-meteo.com\/blog\/2021\/07\/01\/un-mois-de-juin-tres-chaud\/#breadcrumb"},"inLanguage":"fr-FR","potentialAction":[{"@type":"ReadAction","target":["https:\/\/planete-meteo.com\/blog\/2021\/07\/01\/un-mois-de-juin-tres-chaud\/"]}]},{"@type":"ImageObject","inLanguage":"fr-FR","@id":"https:\/\/planete-meteo.com\/blog\/2021\/07\/01\/un-mois-de-juin-tres-chaud\/#primaryimage","url":"https:\/\/planete-meteo.com\/blog\/wp-content\/uploads\/2021\/07\/eDfdwi2.png","contentUrl":"https:\/\/planete-meteo.com\/blog\/wp-content\/uploads\/2021\/07\/eDfdwi2.png","width":900,"height":510},{"@type":"BreadcrumbList","@id":"https:\/\/planete-meteo.com\/blog\/2021\/07\/01\/un-mois-de-juin-tres-chaud\/#breadcrumb","itemListElement":[{"@type":"ListItem","position":1,"name":"Accueil","item":"https:\/\/planete-meteo.com\/blog\/"},{"@type":"ListItem","position":2,"name":"Un mois de juin tr\u00e8s chaud !"}]},{"@type":"WebSite","@id":"https:\/\/planete-meteo.com\/blog\/#website","url":"https:\/\/planete-meteo.com\/blog\/","name":"Plan\u00e8te M\u00e9t\u00e9o Blog","description":"Fil d&#039;actualit\u00e9 m\u00e9t\u00e9o, pr\u00e9visions, observations pour l&#039;Ain","publisher":{"@id":"https:\/\/planete-meteo.com\/blog\/#organization"},"potentialAction":[{"@type":"SearchAction","target":{"@type":"EntryPoint","urlTemplate":"https:\/\/planete-meteo.com\/blog\/?s={search_term_string}"},"query-input":"required name=search_term_string"}],"inLanguage":"fr-FR"},{"@type":"Organization","@id":"https:\/\/planete-meteo.com\/blog\/#organization","name":"Plan\u00e8te M\u00e9t\u00e9o Blog","url":"https:\/\/planete-meteo.com\/blog\/","logo":{"@type":"ImageObject","inLanguage":"fr-FR","@id":"https:\/\/planete-meteo.com\/blog\/#\/schema\/logo\/image\/","url":"https:\/\/planete-meteo.com\/blog\/wp-content\/uploads\/2021\/05\/cropped-cropped-logoPlanete-meteo_rond_500.png","contentUrl":"https:\/\/planete-meteo.com\/blog\/wp-content\/uploads\/2021\/05\/cropped-cropped-logoPlanete-meteo_rond_500.png","width":248,"height":248,"caption":"Plan\u00e8te M\u00e9t\u00e9o Blog"},"image":{"@id":"https:\/\/planete-meteo.com\/blog\/#\/schema\/logo\/image\/"}},{"@type":"Person","@id":"https:\/\/planete-meteo.com\/blog\/#\/schema\/person\/9f8b4184457873e167f52653d6a2b9c4","name":"Benji","image":{"@type":"ImageObject","inLanguage":"fr-FR","@id":"https:\/\/planete-meteo.com\/blog\/#\/schema\/person\/image\/","url":"https:\/\/secure.gravatar.com\/avatar\/57bb786c89649ee5e336c8f53eff444c49ed4a158048c7edf8895080b80d27a1?s=96&d=retro&r=g","contentUrl":"https:\/\/secure.gravatar.com\/avatar\/57bb786c89649ee5e336c8f53eff444c49ed4a158048c7edf8895080b80d27a1?s=96&d=retro&r=g","caption":"Benji"},"sameAs":["http:\/\/planete-meteo.com\/blog"],"url":"https:\/\/planete-meteo.com\/blog\/author\/benji\/"}]}},"_links":{"self":[{"href":"https:\/\/planete-meteo.com\/blog\/wp-json\/wp\/v2\/posts\/142","targetHints":{"allow":["GET"]}}],"collection":[{"href":"https:\/\/planete-meteo.com\/blog\/wp-json\/wp\/v2\/posts"}],"about":[{"href":"https:\/\/planete-meteo.com\/blog\/wp-json\/wp\/v2\/types\/post"}],"author":[{"embeddable":true,"href":"https:\/\/planete-meteo.com\/blog\/wp-json\/wp\/v2\/users\/1"}],"replies":[{"embeddable":true,"href":"https:\/\/planete-meteo.com\/blog\/wp-json\/wp\/v2\/comments?post=142"}],"version-history":[{"count":1,"href":"https:\/\/planete-meteo.com\/blog\/wp-json\/wp\/v2\/posts\/142\/revisions"}],"predecessor-version":[{"id":146,"href":"https:\/\/planete-meteo.com\/blog\/wp-json\/wp\/v2\/posts\/142\/revisions\/146"}],"wp:attachment":[{"href":"https:\/\/planete-meteo.com\/blog\/wp-json\/wp\/v2\/media?parent=142"}],"wp:term":[{"taxonomy":"category","embeddable":true,"href":"https:\/\/planete-meteo.com\/blog\/wp-json\/wp\/v2\/categories?post=142"},{"taxonomy":"post_tag","embeddable":true,"href":"https:\/\/planete-meteo.com\/blog\/wp-json\/wp\/v2\/tags?post=142"}],"curies":[{"name":"wp","href":"https:\/\/api.w.org\/{rel}","templated":true}]}}