{"id":385,"date":"2022-06-12T13:09:41","date_gmt":"2022-06-12T11:09:41","guid":{"rendered":"https:\/\/planete-meteo.com\/blog\/?p=385"},"modified":"2022-06-13T22:13:30","modified_gmt":"2022-06-13T20:13:30","slug":"episode-caniculaire-exceptionnellement-precoce","status":"publish","type":"post","link":"https:\/\/planete-meteo.com\/blog\/2022\/06\/12\/episode-caniculaire-exceptionnellement-precoce\/","title":{"rendered":"Episode caniculaire exceptionnellement pr\u00e9coce"},"content":{"rendered":"\n<pre class=\"wp-block-verse is-style-default\">EDIT 13 juin 22h :  \nMise \u00e0 jour sur l'\u00e9pisode de fortes chaleurs attendu cette semaine dans l'#Ain Une bonne nouvelle: gr\u00e2ce \u00e0 un d\u00e9calage vers l'ouest de la goute froide, le pic avec 37\/38\u00b0C en fin de semaine devrait \u00eatre limit\u00e9 \u00e0 34\/35\u00b0C \n(L'ouest de la France devrait \u00eatre impact\u00e9 de plein fouet par des temp\u00e9ratures parfois record de +40\u00b0C) \nMauvaise nouvelle: il va perdurer bien plus longtemps \ud83d\ude1e.. \n(Le rafraichissement initialement pr\u00e9vu pour la journ\u00e9e de dimanche commence a devenir un lointain mirage avec sur certain mod\u00e8les aucune am\u00e9lioration en vue avant une dizaine de jour avec des temp\u00e9ratures de 20\/22\u00b0C la nuit et 33\/35\u00b0C le jour ....) \nA suivre, la situation reste encore sujette a quelques changements. <\/pre>\n\n\n\n<figure class=\"wp-block-image size-full\"><img loading=\"lazy\" decoding=\"async\" width=\"768\" height=\"768\" src=\"https:\/\/planete-meteo.com\/blog\/wp-content\/uploads\/2022\/06\/canicule13.gif\" alt=\"\" class=\"wp-image-394\"\/><figcaption>D\u00e9calage des pr\u00e9visions entre le samedi 11 et le lundi 13 <\/figcaption><\/figure>\n\n\n\n<h2 class=\"wp-block-heading\">Article initial :<\/h2>\n\n\n\n<p>Vous avez du probablement en entendre parler ces derniers jours, les temp\u00e9ratures vont tr\u00e8s fortement augmenter cette semaine et perdurer plusieurs jours \u00e0 des niveaux exceptionnels pour ce milieu de mois de juin pouvant d\u00e9passer les records mensuels.<\/p>\n\n\n\n<p>Le mois de juin a commenc\u00e9 avec des temp\u00e9ratures d\u00e9j\u00e0 bien sup\u00e9rieurs aux normales avec une anomalie de +1.2\u00b0C. Cette anomalie est majoritairement due aux apr\u00e8s-midi tr\u00e8s chaudes que l&rsquo;on a connu  avec le seuil des fortes chaleurs d\u00e9pass\u00e9 le 4 juin avec 30.2\u00b0C il a \u00e9t\u00e9 fr\u00f4l\u00e9 la veille avec 29.9\u00b0C.<\/p>\n\n\n\n<figure class=\"wp-block-image size-full\"><img loading=\"lazy\" decoding=\"async\" width=\"913\" height=\"508\" src=\"https:\/\/planete-meteo.com\/blog\/wp-content\/uploads\/2022\/06\/image.png\" alt=\"\" class=\"wp-image-386\" srcset=\"https:\/\/planete-meteo.com\/blog\/wp-content\/uploads\/2022\/06\/image.png 913w, https:\/\/planete-meteo.com\/blog\/wp-content\/uploads\/2022\/06\/image-300x167.png 300w, https:\/\/planete-meteo.com\/blog\/wp-content\/uploads\/2022\/06\/image-768x427.png 768w\" sizes=\"auto, (max-width: 913px) 100vw, 913px\" \/><\/figure>\n\n\n\n<p>La suite ne fait vraiment pas sourire, ce dimanche les temp\u00e9ratures devraient d\u00e9passer les 30 \u00b0C avec un maximum \u00e0 31\u00b0C sous un beau ciel bleu avant des orages en soir\u00e9e\/nuit.<br>Pour rappel les normes pour un 12 juin sont de 12.7\u00b0C le matin et 23.5\u00b0C <br>Lundi et mardi les temp\u00e9ratures toujours au-dessus des normes gr\u00e2ce \u00e0 un petit vent de nord elles plafonneront \u00e0 26\/27\u00b0C<\/p>\n\n\n\n<p>A partir de mercredi 15 juin une goutte froide va se positionner \u00e0 l&rsquo;ouest du Portugal pour faire effet de pompe \u00e0 chaleur sur un air extr\u00eamement chaud d&rsquo;Afrique pour le remonter au-dessus de la France.<\/p>\n\n\n\n<figure class=\"wp-block-image size-full\"><img loading=\"lazy\" decoding=\"async\" width=\"768\" height=\"768\" src=\"https:\/\/planete-meteo.com\/blog\/wp-content\/uploads\/2022\/06\/animqnr4.gif\" alt=\"\" class=\"wp-image-388\"\/><\/figure>\n\n\n\n<p>Des mod\u00e9lisations actuellement catastrophiques pour une mi-juin (et m\u00eame pour un \u00e9t\u00e9 normal) au niveau des temp\u00e9ratures.<br>D\u00e8s mercredi le bond des temp\u00e9rature devrait se faire ressentir avec pr\u00e8s de 35\u00b0C l&rsquo;apr\u00e8s-midi et va perdurer en s&rsquo;intensifiant jusqu&rsquo;au week-end.<br>M\u00eame si c&rsquo;est encore vou\u00e9 \u00e0 changement les 37 \u00e0 38\u00b0C sont attendus pour le d\u00e9but du week-end avant une possible baisse dimanche\/lundi.<\/p>\n\n\n\n<p>Des temp\u00e9ratures qui seront bien entendue tr\u00e8s largement aux dessus des normales, en altitude les temp\u00e9ratures \u00e0 850 hPa devraient se situer actuellement \u00e0 pr\u00e8s de 10\u00b0C, elles pourraient atteindre les 24 \u00b0C ! <\/p>\n\n\n\n<figure class=\"wp-block-image size-full\"><img loading=\"lazy\" decoding=\"async\" width=\"917\" height=\"491\" src=\"https:\/\/planete-meteo.com\/blog\/wp-content\/uploads\/2022\/06\/image-2.png\" alt=\"\" class=\"wp-image-389\" srcset=\"https:\/\/planete-meteo.com\/blog\/wp-content\/uploads\/2022\/06\/image-2.png 917w, https:\/\/planete-meteo.com\/blog\/wp-content\/uploads\/2022\/06\/image-2-300x161.png 300w, https:\/\/planete-meteo.com\/blog\/wp-content\/uploads\/2022\/06\/image-2-768x411.png 768w\" sizes=\"auto, (max-width: 917px) 100vw, 917px\" \/><\/figure>\n\n\n\n<p>Au sol alors que les temp\u00e9ratures devraient \u00eatre au maximum \u00e0 24\u00b0C pour un 18 juin, elles sont mod\u00e9lis\u00e9es \u00e0 pr\u00e8s de 38\u00b0C ! Des temp\u00e9ratures proches voire au-dessus des records mensuels (datant de 2003) ! La canicule de 2019 \u00e0 la fin du mois j&rsquo;avais mesur\u00e9 36.4\u00b0C au maximum \u00e0 Bourg en Bresse.<br>Le 22 juin 2003 38.1\u00b0C avaient \u00e9t\u00e9 mesur\u00e9s \u00e0 Amb\u00e9rieu en Bugey.<\/p>\n\n\n\n<figure class=\"wp-block-image size-full\"><img loading=\"lazy\" decoding=\"async\" width=\"768\" height=\"768\" src=\"https:\/\/planete-meteo.com\/blog\/wp-content\/uploads\/2022\/06\/image-3.png\" alt=\"\" class=\"wp-image-390\" srcset=\"https:\/\/planete-meteo.com\/blog\/wp-content\/uploads\/2022\/06\/image-3.png 768w, https:\/\/planete-meteo.com\/blog\/wp-content\/uploads\/2022\/06\/image-3-300x300.png 300w, https:\/\/planete-meteo.com\/blog\/wp-content\/uploads\/2022\/06\/image-3-150x150.png 150w\" sizes=\"auto, (max-width: 768px) 100vw, 768px\" \/><\/figure>\n\n\n\n<p>La vigilance canicule sera probablement de mise, les temp\u00e9ratures nocturnes pourrait fr\u00f4ler les nuits tropicales avec 17 \u00e0 20\u00b0C  compliquant le rafraichissement des appartements ces prochains jours. \u00e0 suivre.<\/p>\n\n\n\n<figure class=\"wp-block-image size-full\"><img loading=\"lazy\" decoding=\"async\" width=\"1024\" height=\"1024\" src=\"https:\/\/planete-meteo.com\/blog\/wp-content\/uploads\/2022\/06\/image-4.png\" alt=\"\" class=\"wp-image-391\" srcset=\"https:\/\/planete-meteo.com\/blog\/wp-content\/uploads\/2022\/06\/image-4.png 1024w, https:\/\/planete-meteo.com\/blog\/wp-content\/uploads\/2022\/06\/image-4-300x300.png 300w, https:\/\/planete-meteo.com\/blog\/wp-content\/uploads\/2022\/06\/image-4-150x150.png 150w, https:\/\/planete-meteo.com\/blog\/wp-content\/uploads\/2022\/06\/image-4-768x768.png 768w\" sizes=\"auto, (max-width: 1024px) 100vw, 1024px\" \/><\/figure>\n","protected":false},"excerpt":{"rendered":"<p>EDIT 13 juin 22h : Mise \u00e0 jour sur l&rsquo;\u00e9pisode de fortes chaleurs attendu cette semaine dans l&rsquo;#Ain Une bonne nouvelle: gr\u00e2ce \u00e0 un d\u00e9calage vers l&rsquo;ouest de la goute froide, le pic avec 37\/38\u00b0C en fin de semaine devrait \u00eatre limit\u00e9 \u00e0 34\/35\u00b0C (L&rsquo;ouest de la France devrait \u00eatre impact\u00e9 de plein fouet par &hellip; <a href=\"https:\/\/planete-meteo.com\/blog\/2022\/06\/12\/episode-caniculaire-exceptionnellement-precoce\/\" class=\"more-link\">Continuer la lecture de <span class=\"screen-reader-text\">Episode caniculaire exceptionnellement pr\u00e9coce<\/span><\/a><\/p>\n","protected":false},"author":1,"featured_media":0,"comment_status":"open","ping_status":"open","sticky":false,"template":"","format":"standard","meta":{"footnotes":""},"categories":[10,7,9],"tags":[],"class_list":["post-385","post","type-post","status-publish","format-standard","hentry","category-chaleur","category-climatologie","category-previsions"],"yoast_head":"<!-- This site is optimized with the Yoast SEO plugin v22.8 - https:\/\/yoast.com\/wordpress\/plugins\/seo\/ -->\n<title>Episode caniculaire exceptionnellement pr\u00e9coce - Plan\u00e8te M\u00e9t\u00e9o Blog<\/title>\n<meta name=\"robots\" content=\"index, follow, max-snippet:-1, max-image-preview:large, max-video-preview:-1\" \/>\n<link rel=\"canonical\" href=\"https:\/\/planete-meteo.com\/blog\/2022\/06\/12\/episode-caniculaire-exceptionnellement-precoce\/\" \/>\n<meta property=\"og:locale\" content=\"fr_FR\" \/>\n<meta property=\"og:type\" content=\"article\" \/>\n<meta property=\"og:title\" content=\"Episode caniculaire exceptionnellement pr\u00e9coce - Plan\u00e8te M\u00e9t\u00e9o Blog\" \/>\n<meta property=\"og:description\" content=\"EDIT 13 juin 22h : Mise \u00e0 jour sur l&#039;\u00e9pisode de fortes chaleurs attendu cette semaine dans l&#039;#Ain Une bonne nouvelle: gr\u00e2ce \u00e0 un d\u00e9calage vers l&#039;ouest de la goute froide, le pic avec 37\/38\u00b0C en fin de semaine devrait \u00eatre limit\u00e9 \u00e0 34\/35\u00b0C (L&#039;ouest de la France devrait \u00eatre impact\u00e9 de plein fouet par &hellip; Continuer la lecture de Episode caniculaire exceptionnellement pr\u00e9coce\" \/>\n<meta property=\"og:url\" content=\"https:\/\/planete-meteo.com\/blog\/2022\/06\/12\/episode-caniculaire-exceptionnellement-precoce\/\" \/>\n<meta property=\"og:site_name\" content=\"Plan\u00e8te M\u00e9t\u00e9o Blog\" \/>\n<meta property=\"article:published_time\" content=\"2022-06-12T11:09:41+00:00\" \/>\n<meta property=\"article:modified_time\" content=\"2022-06-13T20:13:30+00:00\" \/>\n<meta property=\"og:image\" content=\"https:\/\/planete-meteo.com\/blog\/wp-content\/uploads\/2022\/06\/canicule13.gif\" \/>\n<meta name=\"author\" content=\"Benji\" \/>\n<meta name=\"twitter:card\" content=\"summary_large_image\" \/>\n<meta name=\"twitter:label1\" content=\"\u00c9crit par\" \/>\n\t<meta name=\"twitter:data1\" content=\"Benji\" \/>\n\t<meta name=\"twitter:label2\" content=\"Dur\u00e9e de lecture estim\u00e9e\" \/>\n\t<meta name=\"twitter:data2\" content=\"3 minutes\" \/>\n<script type=\"application\/ld+json\" class=\"yoast-schema-graph\">{\"@context\":\"https:\/\/schema.org\",\"@graph\":[{\"@type\":\"Article\",\"@id\":\"https:\/\/planete-meteo.com\/blog\/2022\/06\/12\/episode-caniculaire-exceptionnellement-precoce\/#article\",\"isPartOf\":{\"@id\":\"https:\/\/planete-meteo.com\/blog\/2022\/06\/12\/episode-caniculaire-exceptionnellement-precoce\/\"},\"author\":{\"name\":\"Benji\",\"@id\":\"https:\/\/planete-meteo.com\/blog\/#\/schema\/person\/9f8b4184457873e167f52653d6a2b9c4\"},\"headline\":\"Episode caniculaire exceptionnellement pr\u00e9coce\",\"datePublished\":\"2022-06-12T11:09:41+00:00\",\"dateModified\":\"2022-06-13T20:13:30+00:00\",\"mainEntityOfPage\":{\"@id\":\"https:\/\/planete-meteo.com\/blog\/2022\/06\/12\/episode-caniculaire-exceptionnellement-precoce\/\"},\"wordCount\":408,\"commentCount\":0,\"publisher\":{\"@id\":\"https:\/\/planete-meteo.com\/blog\/#organization\"},\"image\":{\"@id\":\"https:\/\/planete-meteo.com\/blog\/2022\/06\/12\/episode-caniculaire-exceptionnellement-precoce\/#primaryimage\"},\"thumbnailUrl\":\"https:\/\/planete-meteo.com\/blog\/wp-content\/uploads\/2022\/06\/canicule13.gif\",\"articleSection\":[\"Chaleur\",\"Climatologie\",\"Pr\u00e9visions\"],\"inLanguage\":\"fr-FR\",\"potentialAction\":[{\"@type\":\"CommentAction\",\"name\":\"Comment\",\"target\":[\"https:\/\/planete-meteo.com\/blog\/2022\/06\/12\/episode-caniculaire-exceptionnellement-precoce\/#respond\"]}]},{\"@type\":\"WebPage\",\"@id\":\"https:\/\/planete-meteo.com\/blog\/2022\/06\/12\/episode-caniculaire-exceptionnellement-precoce\/\",\"url\":\"https:\/\/planete-meteo.com\/blog\/2022\/06\/12\/episode-caniculaire-exceptionnellement-precoce\/\",\"name\":\"Episode caniculaire exceptionnellement pr\u00e9coce - Plan\u00e8te M\u00e9t\u00e9o Blog\",\"isPartOf\":{\"@id\":\"https:\/\/planete-meteo.com\/blog\/#website\"},\"primaryImageOfPage\":{\"@id\":\"https:\/\/planete-meteo.com\/blog\/2022\/06\/12\/episode-caniculaire-exceptionnellement-precoce\/#primaryimage\"},\"image\":{\"@id\":\"https:\/\/planete-meteo.com\/blog\/2022\/06\/12\/episode-caniculaire-exceptionnellement-precoce\/#primaryimage\"},\"thumbnailUrl\":\"https:\/\/planete-meteo.com\/blog\/wp-content\/uploads\/2022\/06\/canicule13.gif\",\"datePublished\":\"2022-06-12T11:09:41+00:00\",\"dateModified\":\"2022-06-13T20:13:30+00:00\",\"breadcrumb\":{\"@id\":\"https:\/\/planete-meteo.com\/blog\/2022\/06\/12\/episode-caniculaire-exceptionnellement-precoce\/#breadcrumb\"},\"inLanguage\":\"fr-FR\",\"potentialAction\":[{\"@type\":\"ReadAction\",\"target\":[\"https:\/\/planete-meteo.com\/blog\/2022\/06\/12\/episode-caniculaire-exceptionnellement-precoce\/\"]}]},{\"@type\":\"ImageObject\",\"inLanguage\":\"fr-FR\",\"@id\":\"https:\/\/planete-meteo.com\/blog\/2022\/06\/12\/episode-caniculaire-exceptionnellement-precoce\/#primaryimage\",\"url\":\"https:\/\/planete-meteo.com\/blog\/wp-content\/uploads\/2022\/06\/canicule13.gif\",\"contentUrl\":\"https:\/\/planete-meteo.com\/blog\/wp-content\/uploads\/2022\/06\/canicule13.gif\",\"width\":768,\"height\":768},{\"@type\":\"BreadcrumbList\",\"@id\":\"https:\/\/planete-meteo.com\/blog\/2022\/06\/12\/episode-caniculaire-exceptionnellement-precoce\/#breadcrumb\",\"itemListElement\":[{\"@type\":\"ListItem\",\"position\":1,\"name\":\"Accueil\",\"item\":\"https:\/\/planete-meteo.com\/blog\/\"},{\"@type\":\"ListItem\",\"position\":2,\"name\":\"Episode caniculaire exceptionnellement pr\u00e9coce\"}]},{\"@type\":\"WebSite\",\"@id\":\"https:\/\/planete-meteo.com\/blog\/#website\",\"url\":\"https:\/\/planete-meteo.com\/blog\/\",\"name\":\"Plan\u00e8te M\u00e9t\u00e9o Blog\",\"description\":\"Fil d&#039;actualit\u00e9 m\u00e9t\u00e9o, pr\u00e9visions, observations pour l&#039;Ain\",\"publisher\":{\"@id\":\"https:\/\/planete-meteo.com\/blog\/#organization\"},\"potentialAction\":[{\"@type\":\"SearchAction\",\"target\":{\"@type\":\"EntryPoint\",\"urlTemplate\":\"https:\/\/planete-meteo.com\/blog\/?s={search_term_string}\"},\"query-input\":\"required name=search_term_string\"}],\"inLanguage\":\"fr-FR\"},{\"@type\":\"Organization\",\"@id\":\"https:\/\/planete-meteo.com\/blog\/#organization\",\"name\":\"Plan\u00e8te M\u00e9t\u00e9o Blog\",\"url\":\"https:\/\/planete-meteo.com\/blog\/\",\"logo\":{\"@type\":\"ImageObject\",\"inLanguage\":\"fr-FR\",\"@id\":\"https:\/\/planete-meteo.com\/blog\/#\/schema\/logo\/image\/\",\"url\":\"https:\/\/planete-meteo.com\/blog\/wp-content\/uploads\/2021\/05\/cropped-cropped-logoPlanete-meteo_rond_500.png\",\"contentUrl\":\"https:\/\/planete-meteo.com\/blog\/wp-content\/uploads\/2021\/05\/cropped-cropped-logoPlanete-meteo_rond_500.png\",\"width\":248,\"height\":248,\"caption\":\"Plan\u00e8te M\u00e9t\u00e9o Blog\"},\"image\":{\"@id\":\"https:\/\/planete-meteo.com\/blog\/#\/schema\/logo\/image\/\"}},{\"@type\":\"Person\",\"@id\":\"https:\/\/planete-meteo.com\/blog\/#\/schema\/person\/9f8b4184457873e167f52653d6a2b9c4\",\"name\":\"Benji\",\"image\":{\"@type\":\"ImageObject\",\"inLanguage\":\"fr-FR\",\"@id\":\"https:\/\/planete-meteo.com\/blog\/#\/schema\/person\/image\/\",\"url\":\"https:\/\/secure.gravatar.com\/avatar\/57bb786c89649ee5e336c8f53eff444c49ed4a158048c7edf8895080b80d27a1?s=96&d=retro&r=g\",\"contentUrl\":\"https:\/\/secure.gravatar.com\/avatar\/57bb786c89649ee5e336c8f53eff444c49ed4a158048c7edf8895080b80d27a1?s=96&d=retro&r=g\",\"caption\":\"Benji\"},\"sameAs\":[\"http:\/\/planete-meteo.com\/blog\"],\"url\":\"https:\/\/planete-meteo.com\/blog\/author\/benji\/\"}]}<\/script>\n<!-- \/ Yoast SEO plugin. -->","yoast_head_json":{"title":"Episode caniculaire exceptionnellement pr\u00e9coce - Plan\u00e8te M\u00e9t\u00e9o Blog","robots":{"index":"index","follow":"follow","max-snippet":"max-snippet:-1","max-image-preview":"max-image-preview:large","max-video-preview":"max-video-preview:-1"},"canonical":"https:\/\/planete-meteo.com\/blog\/2022\/06\/12\/episode-caniculaire-exceptionnellement-precoce\/","og_locale":"fr_FR","og_type":"article","og_title":"Episode caniculaire exceptionnellement pr\u00e9coce - Plan\u00e8te M\u00e9t\u00e9o Blog","og_description":"EDIT 13 juin 22h : Mise \u00e0 jour sur l'\u00e9pisode de fortes chaleurs attendu cette semaine dans l'#Ain Une bonne nouvelle: gr\u00e2ce \u00e0 un d\u00e9calage vers l'ouest de la goute froide, le pic avec 37\/38\u00b0C en fin de semaine devrait \u00eatre limit\u00e9 \u00e0 34\/35\u00b0C (L'ouest de la France devrait \u00eatre impact\u00e9 de plein fouet par &hellip; Continuer la lecture de Episode caniculaire exceptionnellement pr\u00e9coce","og_url":"https:\/\/planete-meteo.com\/blog\/2022\/06\/12\/episode-caniculaire-exceptionnellement-precoce\/","og_site_name":"Plan\u00e8te M\u00e9t\u00e9o Blog","article_published_time":"2022-06-12T11:09:41+00:00","article_modified_time":"2022-06-13T20:13:30+00:00","og_image":[{"url":"https:\/\/planete-meteo.com\/blog\/wp-content\/uploads\/2022\/06\/canicule13.gif"}],"author":"Benji","twitter_card":"summary_large_image","twitter_misc":{"\u00c9crit par":"Benji","Dur\u00e9e de lecture estim\u00e9e":"3 minutes"},"schema":{"@context":"https:\/\/schema.org","@graph":[{"@type":"Article","@id":"https:\/\/planete-meteo.com\/blog\/2022\/06\/12\/episode-caniculaire-exceptionnellement-precoce\/#article","isPartOf":{"@id":"https:\/\/planete-meteo.com\/blog\/2022\/06\/12\/episode-caniculaire-exceptionnellement-precoce\/"},"author":{"name":"Benji","@id":"https:\/\/planete-meteo.com\/blog\/#\/schema\/person\/9f8b4184457873e167f52653d6a2b9c4"},"headline":"Episode caniculaire exceptionnellement pr\u00e9coce","datePublished":"2022-06-12T11:09:41+00:00","dateModified":"2022-06-13T20:13:30+00:00","mainEntityOfPage":{"@id":"https:\/\/planete-meteo.com\/blog\/2022\/06\/12\/episode-caniculaire-exceptionnellement-precoce\/"},"wordCount":408,"commentCount":0,"publisher":{"@id":"https:\/\/planete-meteo.com\/blog\/#organization"},"image":{"@id":"https:\/\/planete-meteo.com\/blog\/2022\/06\/12\/episode-caniculaire-exceptionnellement-precoce\/#primaryimage"},"thumbnailUrl":"https:\/\/planete-meteo.com\/blog\/wp-content\/uploads\/2022\/06\/canicule13.gif","articleSection":["Chaleur","Climatologie","Pr\u00e9visions"],"inLanguage":"fr-FR","potentialAction":[{"@type":"CommentAction","name":"Comment","target":["https:\/\/planete-meteo.com\/blog\/2022\/06\/12\/episode-caniculaire-exceptionnellement-precoce\/#respond"]}]},{"@type":"WebPage","@id":"https:\/\/planete-meteo.com\/blog\/2022\/06\/12\/episode-caniculaire-exceptionnellement-precoce\/","url":"https:\/\/planete-meteo.com\/blog\/2022\/06\/12\/episode-caniculaire-exceptionnellement-precoce\/","name":"Episode caniculaire exceptionnellement pr\u00e9coce - Plan\u00e8te M\u00e9t\u00e9o Blog","isPartOf":{"@id":"https:\/\/planete-meteo.com\/blog\/#website"},"primaryImageOfPage":{"@id":"https:\/\/planete-meteo.com\/blog\/2022\/06\/12\/episode-caniculaire-exceptionnellement-precoce\/#primaryimage"},"image":{"@id":"https:\/\/planete-meteo.com\/blog\/2022\/06\/12\/episode-caniculaire-exceptionnellement-precoce\/#primaryimage"},"thumbnailUrl":"https:\/\/planete-meteo.com\/blog\/wp-content\/uploads\/2022\/06\/canicule13.gif","datePublished":"2022-06-12T11:09:41+00:00","dateModified":"2022-06-13T20:13:30+00:00","breadcrumb":{"@id":"https:\/\/planete-meteo.com\/blog\/2022\/06\/12\/episode-caniculaire-exceptionnellement-precoce\/#breadcrumb"},"inLanguage":"fr-FR","potentialAction":[{"@type":"ReadAction","target":["https:\/\/planete-meteo.com\/blog\/2022\/06\/12\/episode-caniculaire-exceptionnellement-precoce\/"]}]},{"@type":"ImageObject","inLanguage":"fr-FR","@id":"https:\/\/planete-meteo.com\/blog\/2022\/06\/12\/episode-caniculaire-exceptionnellement-precoce\/#primaryimage","url":"https:\/\/planete-meteo.com\/blog\/wp-content\/uploads\/2022\/06\/canicule13.gif","contentUrl":"https:\/\/planete-meteo.com\/blog\/wp-content\/uploads\/2022\/06\/canicule13.gif","width":768,"height":768},{"@type":"BreadcrumbList","@id":"https:\/\/planete-meteo.com\/blog\/2022\/06\/12\/episode-caniculaire-exceptionnellement-precoce\/#breadcrumb","itemListElement":[{"@type":"ListItem","position":1,"name":"Accueil","item":"https:\/\/planete-meteo.com\/blog\/"},{"@type":"ListItem","position":2,"name":"Episode caniculaire exceptionnellement pr\u00e9coce"}]},{"@type":"WebSite","@id":"https:\/\/planete-meteo.com\/blog\/#website","url":"https:\/\/planete-meteo.com\/blog\/","name":"Plan\u00e8te M\u00e9t\u00e9o Blog","description":"Fil d&#039;actualit\u00e9 m\u00e9t\u00e9o, pr\u00e9visions, observations pour l&#039;Ain","publisher":{"@id":"https:\/\/planete-meteo.com\/blog\/#organization"},"potentialAction":[{"@type":"SearchAction","target":{"@type":"EntryPoint","urlTemplate":"https:\/\/planete-meteo.com\/blog\/?s={search_term_string}"},"query-input":"required name=search_term_string"}],"inLanguage":"fr-FR"},{"@type":"Organization","@id":"https:\/\/planete-meteo.com\/blog\/#organization","name":"Plan\u00e8te M\u00e9t\u00e9o Blog","url":"https:\/\/planete-meteo.com\/blog\/","logo":{"@type":"ImageObject","inLanguage":"fr-FR","@id":"https:\/\/planete-meteo.com\/blog\/#\/schema\/logo\/image\/","url":"https:\/\/planete-meteo.com\/blog\/wp-content\/uploads\/2021\/05\/cropped-cropped-logoPlanete-meteo_rond_500.png","contentUrl":"https:\/\/planete-meteo.com\/blog\/wp-content\/uploads\/2021\/05\/cropped-cropped-logoPlanete-meteo_rond_500.png","width":248,"height":248,"caption":"Plan\u00e8te M\u00e9t\u00e9o Blog"},"image":{"@id":"https:\/\/planete-meteo.com\/blog\/#\/schema\/logo\/image\/"}},{"@type":"Person","@id":"https:\/\/planete-meteo.com\/blog\/#\/schema\/person\/9f8b4184457873e167f52653d6a2b9c4","name":"Benji","image":{"@type":"ImageObject","inLanguage":"fr-FR","@id":"https:\/\/planete-meteo.com\/blog\/#\/schema\/person\/image\/","url":"https:\/\/secure.gravatar.com\/avatar\/57bb786c89649ee5e336c8f53eff444c49ed4a158048c7edf8895080b80d27a1?s=96&d=retro&r=g","contentUrl":"https:\/\/secure.gravatar.com\/avatar\/57bb786c89649ee5e336c8f53eff444c49ed4a158048c7edf8895080b80d27a1?s=96&d=retro&r=g","caption":"Benji"},"sameAs":["http:\/\/planete-meteo.com\/blog"],"url":"https:\/\/planete-meteo.com\/blog\/author\/benji\/"}]}},"_links":{"self":[{"href":"https:\/\/planete-meteo.com\/blog\/wp-json\/wp\/v2\/posts\/385","targetHints":{"allow":["GET"]}}],"collection":[{"href":"https:\/\/planete-meteo.com\/blog\/wp-json\/wp\/v2\/posts"}],"about":[{"href":"https:\/\/planete-meteo.com\/blog\/wp-json\/wp\/v2\/types\/post"}],"author":[{"embeddable":true,"href":"https:\/\/planete-meteo.com\/blog\/wp-json\/wp\/v2\/users\/1"}],"replies":[{"embeddable":true,"href":"https:\/\/planete-meteo.com\/blog\/wp-json\/wp\/v2\/comments?post=385"}],"version-history":[{"count":2,"href":"https:\/\/planete-meteo.com\/blog\/wp-json\/wp\/v2\/posts\/385\/revisions"}],"predecessor-version":[{"id":395,"href":"https:\/\/planete-meteo.com\/blog\/wp-json\/wp\/v2\/posts\/385\/revisions\/395"}],"wp:attachment":[{"href":"https:\/\/planete-meteo.com\/blog\/wp-json\/wp\/v2\/media?parent=385"}],"wp:term":[{"taxonomy":"category","embeddable":true,"href":"https:\/\/planete-meteo.com\/blog\/wp-json\/wp\/v2\/categories?post=385"},{"taxonomy":"post_tag","embeddable":true,"href":"https:\/\/planete-meteo.com\/blog\/wp-json\/wp\/v2\/tags?post=385"}],"curies":[{"name":"wp","href":"https:\/\/api.w.org\/{rel}","templated":true}]}}