{"id":396,"date":"2022-06-15T20:32:42","date_gmt":"2022-06-15T18:32:42","guid":{"rendered":"https:\/\/planete-meteo.com\/blog\/?p=396"},"modified":"2022-08-16T14:01:00","modified_gmt":"2022-08-16T12:01:00","slug":"lever-de-la-super-lune-des-fraises","status":"publish","type":"post","link":"https:\/\/planete-meteo.com\/blog\/2022\/06\/15\/lever-de-la-super-lune-des-fraises\/","title":{"rendered":"Lever de la Super lune des Fraises"},"content":{"rendered":"\n<p>En ce soir du 14 juin 2022 a eu lieu le ph\u00e9nom\u00e8ne de p\u00e9rig\u00e9e-syzygie (le point de l&rsquo;orbite lunaire est \u00e0 une distance&nbsp;minimale de la Terre).<br>Elle est dite \u00ab\u00a0Des Fraises\u00a0\u00bb car elle co\u00efncide avec&nbsp;la&nbsp;saison des fraises<\/p>\n\n\n\n<p>Le temps tr\u00e8s ensoleill\u00e9 qu&rsquo;on a ces derniers jours co\u00efncide parfaitement avec ce que j&rsquo;ai voulu faire depuis plusieurs mois, un timelapse du lever de lune pr\u00e8s du Mont Blanc, c&rsquo;est donc parti vers 22h, peu avant le lever de la lune je pose mon appareil photo pour la prendre en photo avec comme premier plan la ville de Gen\u00e8ve, et voici des r\u00e9sultats.<\/p>\n\n\n\n<p>Dans un premier temps la voici en photo :<\/p>\n\n\n\n<figure class=\"wp-block-image size-large\"><img loading=\"lazy\" decoding=\"async\" width=\"1024\" height=\"683\" src=\"https:\/\/planete-meteo.com\/blog\/wp-content\/uploads\/2022\/06\/DSC04916_redim-1024x683.jpg\" alt=\"\" class=\"wp-image-397\" srcset=\"https:\/\/planete-meteo.com\/blog\/wp-content\/uploads\/2022\/06\/DSC04916_redim-1024x683.jpg 1024w, https:\/\/planete-meteo.com\/blog\/wp-content\/uploads\/2022\/06\/DSC04916_redim-300x200.jpg 300w, https:\/\/planete-meteo.com\/blog\/wp-content\/uploads\/2022\/06\/DSC04916_redim-768x512.jpg 768w, https:\/\/planete-meteo.com\/blog\/wp-content\/uploads\/2022\/06\/DSC04916_redim-1536x1025.jpg 1536w, https:\/\/planete-meteo.com\/blog\/wp-content\/uploads\/2022\/06\/DSC04916_redim.jpg 1920w\" sizes=\"auto, (max-width: 1024px) 100vw, 1024px\" \/><\/figure>\n\n\n\n<p><\/p>\n\n\n\n<figure class=\"wp-block-image size-large\"><img loading=\"lazy\" decoding=\"async\" width=\"1024\" height=\"987\" src=\"https:\/\/planete-meteo.com\/blog\/wp-content\/uploads\/2022\/06\/DSC049162-1024x987.jpg\" alt=\"\" class=\"wp-image-398\" srcset=\"https:\/\/planete-meteo.com\/blog\/wp-content\/uploads\/2022\/06\/DSC049162-1024x987.jpg 1024w, https:\/\/planete-meteo.com\/blog\/wp-content\/uploads\/2022\/06\/DSC049162-300x289.jpg 300w, https:\/\/planete-meteo.com\/blog\/wp-content\/uploads\/2022\/06\/DSC049162-768x740.jpg 768w, https:\/\/planete-meteo.com\/blog\/wp-content\/uploads\/2022\/06\/DSC049162-1536x1480.jpg 1536w, https:\/\/planete-meteo.com\/blog\/wp-content\/uploads\/2022\/06\/DSC049162.jpg 1920w\" sizes=\"auto, (max-width: 1024px) 100vw, 1024px\" \/><figcaption>On remarque que le jet d&rsquo;eau de Gen\u00e8ve est illumin\u00e9 en rouge pour la Journ\u00e9e mondiale du donneur de sang et une toute petite lumi\u00e8re sous le Mont Blanc indiquant l&#8217;emplacement du refuge du Go\u00fbter<\/figcaption><\/figure>\n\n\n\n<p>Et en Timelapse :<\/p>\n\n\n\n<figure class=\"wp-block-embed is-type-video is-provider-youtube wp-block-embed-youtube wp-embed-aspect-16-9 wp-has-aspect-ratio\"><div class=\"wp-block-embed__wrapper\">\n<iframe loading=\"lazy\" title=\"Timelapse : lever de la super lune des Fraises\" width=\"660\" height=\"371\" src=\"https:\/\/www.youtube.com\/embed\/_GrylzyokS0?feature=oembed\" frameborder=\"0\" allow=\"accelerometer; autoplay; clipboard-write; encrypted-media; gyroscope; picture-in-picture; web-share\" referrerpolicy=\"strict-origin-when-cross-origin\" allowfullscreen><\/iframe>\n<\/div><\/figure>\n","protected":false},"excerpt":{"rendered":"<p>En ce soir du 14 juin 2022 a eu lieu le ph\u00e9nom\u00e8ne de p\u00e9rig\u00e9e-syzygie (le point de l&rsquo;orbite lunaire est \u00e0 une distance&nbsp;minimale de la Terre).Elle est dite \u00ab\u00a0Des Fraises\u00a0\u00bb car elle co\u00efncide avec&nbsp;la&nbsp;saison des fraises Le temps tr\u00e8s ensoleill\u00e9 qu&rsquo;on a ces derniers jours co\u00efncide parfaitement avec ce que j&rsquo;ai voulu faire depuis plusieurs &hellip; <a href=\"https:\/\/planete-meteo.com\/blog\/2022\/06\/15\/lever-de-la-super-lune-des-fraises\/\" class=\"more-link\">Continuer la lecture de <span class=\"screen-reader-text\">Lever de la Super lune des Fraises<\/span><\/a><\/p>\n","protected":false},"author":1,"featured_media":0,"comment_status":"open","ping_status":"open","sticky":false,"template":"","format":"standard","meta":{"footnotes":""},"categories":[1],"tags":[],"class_list":["post-396","post","type-post","status-publish","format-standard","hentry","category-uncategorized"],"yoast_head":"<!-- This site is optimized with the Yoast SEO plugin v22.8 - https:\/\/yoast.com\/wordpress\/plugins\/seo\/ -->\n<title>Lever de la Super lune des Fraises - Plan\u00e8te M\u00e9t\u00e9o Blog<\/title>\n<meta name=\"robots\" content=\"index, follow, max-snippet:-1, max-image-preview:large, max-video-preview:-1\" \/>\n<link rel=\"canonical\" href=\"https:\/\/planete-meteo.com\/blog\/2022\/06\/15\/lever-de-la-super-lune-des-fraises\/\" \/>\n<meta property=\"og:locale\" content=\"fr_FR\" \/>\n<meta property=\"og:type\" content=\"article\" \/>\n<meta property=\"og:title\" content=\"Lever de la Super lune des Fraises - Plan\u00e8te M\u00e9t\u00e9o Blog\" \/>\n<meta property=\"og:description\" content=\"En ce soir du 14 juin 2022 a eu lieu le ph\u00e9nom\u00e8ne de p\u00e9rig\u00e9e-syzygie (le point de l&rsquo;orbite lunaire est \u00e0 une distance&nbsp;minimale de la Terre).Elle est dite \u00ab\u00a0Des Fraises\u00a0\u00bb car elle co\u00efncide avec&nbsp;la&nbsp;saison des fraises Le temps tr\u00e8s ensoleill\u00e9 qu&rsquo;on a ces derniers jours co\u00efncide parfaitement avec ce que j&rsquo;ai voulu faire depuis plusieurs &hellip; Continuer la lecture de Lever de la Super lune des Fraises\" \/>\n<meta property=\"og:url\" content=\"https:\/\/planete-meteo.com\/blog\/2022\/06\/15\/lever-de-la-super-lune-des-fraises\/\" \/>\n<meta property=\"og:site_name\" content=\"Plan\u00e8te M\u00e9t\u00e9o Blog\" \/>\n<meta property=\"article:published_time\" content=\"2022-06-15T18:32:42+00:00\" \/>\n<meta property=\"article:modified_time\" content=\"2022-08-16T12:01:00+00:00\" \/>\n<meta property=\"og:image\" content=\"https:\/\/planete-meteo.com\/blog\/wp-content\/uploads\/2022\/06\/DSC04916_redim.jpg\" \/>\n\t<meta property=\"og:image:width\" content=\"1920\" \/>\n\t<meta property=\"og:image:height\" content=\"1281\" \/>\n\t<meta property=\"og:image:type\" content=\"image\/jpeg\" \/>\n<meta name=\"author\" content=\"Benji\" \/>\n<meta name=\"twitter:card\" content=\"summary_large_image\" \/>\n<meta name=\"twitter:label1\" content=\"\u00c9crit par\" \/>\n\t<meta name=\"twitter:data1\" content=\"Benji\" \/>\n\t<meta name=\"twitter:label2\" content=\"Dur\u00e9e de lecture estim\u00e9e\" \/>\n\t<meta name=\"twitter:data2\" content=\"2 minutes\" \/>\n<script type=\"application\/ld+json\" class=\"yoast-schema-graph\">{\"@context\":\"https:\/\/schema.org\",\"@graph\":[{\"@type\":\"Article\",\"@id\":\"https:\/\/planete-meteo.com\/blog\/2022\/06\/15\/lever-de-la-super-lune-des-fraises\/#article\",\"isPartOf\":{\"@id\":\"https:\/\/planete-meteo.com\/blog\/2022\/06\/15\/lever-de-la-super-lune-des-fraises\/\"},\"author\":{\"name\":\"Benji\",\"@id\":\"https:\/\/planete-meteo.com\/blog\/#\/schema\/person\/9f8b4184457873e167f52653d6a2b9c4\"},\"headline\":\"Lever de la Super lune des Fraises\",\"datePublished\":\"2022-06-15T18:32:42+00:00\",\"dateModified\":\"2022-08-16T12:01:00+00:00\",\"mainEntityOfPage\":{\"@id\":\"https:\/\/planete-meteo.com\/blog\/2022\/06\/15\/lever-de-la-super-lune-des-fraises\/\"},\"wordCount\":175,\"commentCount\":0,\"publisher\":{\"@id\":\"https:\/\/planete-meteo.com\/blog\/#organization\"},\"image\":{\"@id\":\"https:\/\/planete-meteo.com\/blog\/2022\/06\/15\/lever-de-la-super-lune-des-fraises\/#primaryimage\"},\"thumbnailUrl\":\"https:\/\/planete-meteo.com\/blog\/wp-content\/uploads\/2022\/06\/DSC04916_redim-1024x683.jpg\",\"articleSection\":[\"Uncategorized\"],\"inLanguage\":\"fr-FR\",\"potentialAction\":[{\"@type\":\"CommentAction\",\"name\":\"Comment\",\"target\":[\"https:\/\/planete-meteo.com\/blog\/2022\/06\/15\/lever-de-la-super-lune-des-fraises\/#respond\"]}]},{\"@type\":\"WebPage\",\"@id\":\"https:\/\/planete-meteo.com\/blog\/2022\/06\/15\/lever-de-la-super-lune-des-fraises\/\",\"url\":\"https:\/\/planete-meteo.com\/blog\/2022\/06\/15\/lever-de-la-super-lune-des-fraises\/\",\"name\":\"Lever de la Super lune des Fraises - Plan\u00e8te M\u00e9t\u00e9o Blog\",\"isPartOf\":{\"@id\":\"https:\/\/planete-meteo.com\/blog\/#website\"},\"primaryImageOfPage\":{\"@id\":\"https:\/\/planete-meteo.com\/blog\/2022\/06\/15\/lever-de-la-super-lune-des-fraises\/#primaryimage\"},\"image\":{\"@id\":\"https:\/\/planete-meteo.com\/blog\/2022\/06\/15\/lever-de-la-super-lune-des-fraises\/#primaryimage\"},\"thumbnailUrl\":\"https:\/\/planete-meteo.com\/blog\/wp-content\/uploads\/2022\/06\/DSC04916_redim-1024x683.jpg\",\"datePublished\":\"2022-06-15T18:32:42+00:00\",\"dateModified\":\"2022-08-16T12:01:00+00:00\",\"breadcrumb\":{\"@id\":\"https:\/\/planete-meteo.com\/blog\/2022\/06\/15\/lever-de-la-super-lune-des-fraises\/#breadcrumb\"},\"inLanguage\":\"fr-FR\",\"potentialAction\":[{\"@type\":\"ReadAction\",\"target\":[\"https:\/\/planete-meteo.com\/blog\/2022\/06\/15\/lever-de-la-super-lune-des-fraises\/\"]}]},{\"@type\":\"ImageObject\",\"inLanguage\":\"fr-FR\",\"@id\":\"https:\/\/planete-meteo.com\/blog\/2022\/06\/15\/lever-de-la-super-lune-des-fraises\/#primaryimage\",\"url\":\"https:\/\/planete-meteo.com\/blog\/wp-content\/uploads\/2022\/06\/DSC04916_redim.jpg\",\"contentUrl\":\"https:\/\/planete-meteo.com\/blog\/wp-content\/uploads\/2022\/06\/DSC04916_redim.jpg\",\"width\":1920,\"height\":1281},{\"@type\":\"BreadcrumbList\",\"@id\":\"https:\/\/planete-meteo.com\/blog\/2022\/06\/15\/lever-de-la-super-lune-des-fraises\/#breadcrumb\",\"itemListElement\":[{\"@type\":\"ListItem\",\"position\":1,\"name\":\"Accueil\",\"item\":\"https:\/\/planete-meteo.com\/blog\/\"},{\"@type\":\"ListItem\",\"position\":2,\"name\":\"Lever de la Super lune des Fraises\"}]},{\"@type\":\"WebSite\",\"@id\":\"https:\/\/planete-meteo.com\/blog\/#website\",\"url\":\"https:\/\/planete-meteo.com\/blog\/\",\"name\":\"Plan\u00e8te M\u00e9t\u00e9o Blog\",\"description\":\"Fil d&#039;actualit\u00e9 m\u00e9t\u00e9o, pr\u00e9visions, observations pour l&#039;Ain\",\"publisher\":{\"@id\":\"https:\/\/planete-meteo.com\/blog\/#organization\"},\"potentialAction\":[{\"@type\":\"SearchAction\",\"target\":{\"@type\":\"EntryPoint\",\"urlTemplate\":\"https:\/\/planete-meteo.com\/blog\/?s={search_term_string}\"},\"query-input\":\"required name=search_term_string\"}],\"inLanguage\":\"fr-FR\"},{\"@type\":\"Organization\",\"@id\":\"https:\/\/planete-meteo.com\/blog\/#organization\",\"name\":\"Plan\u00e8te M\u00e9t\u00e9o Blog\",\"url\":\"https:\/\/planete-meteo.com\/blog\/\",\"logo\":{\"@type\":\"ImageObject\",\"inLanguage\":\"fr-FR\",\"@id\":\"https:\/\/planete-meteo.com\/blog\/#\/schema\/logo\/image\/\",\"url\":\"https:\/\/planete-meteo.com\/blog\/wp-content\/uploads\/2021\/05\/cropped-cropped-logoPlanete-meteo_rond_500.png\",\"contentUrl\":\"https:\/\/planete-meteo.com\/blog\/wp-content\/uploads\/2021\/05\/cropped-cropped-logoPlanete-meteo_rond_500.png\",\"width\":248,\"height\":248,\"caption\":\"Plan\u00e8te M\u00e9t\u00e9o Blog\"},\"image\":{\"@id\":\"https:\/\/planete-meteo.com\/blog\/#\/schema\/logo\/image\/\"}},{\"@type\":\"Person\",\"@id\":\"https:\/\/planete-meteo.com\/blog\/#\/schema\/person\/9f8b4184457873e167f52653d6a2b9c4\",\"name\":\"Benji\",\"image\":{\"@type\":\"ImageObject\",\"inLanguage\":\"fr-FR\",\"@id\":\"https:\/\/planete-meteo.com\/blog\/#\/schema\/person\/image\/\",\"url\":\"https:\/\/secure.gravatar.com\/avatar\/57bb786c89649ee5e336c8f53eff444c49ed4a158048c7edf8895080b80d27a1?s=96&d=retro&r=g\",\"contentUrl\":\"https:\/\/secure.gravatar.com\/avatar\/57bb786c89649ee5e336c8f53eff444c49ed4a158048c7edf8895080b80d27a1?s=96&d=retro&r=g\",\"caption\":\"Benji\"},\"sameAs\":[\"http:\/\/planete-meteo.com\/blog\"],\"url\":\"https:\/\/planete-meteo.com\/blog\/author\/benji\/\"}]}<\/script>\n<!-- \/ Yoast SEO plugin. -->","yoast_head_json":{"title":"Lever de la Super lune des Fraises - Plan\u00e8te M\u00e9t\u00e9o Blog","robots":{"index":"index","follow":"follow","max-snippet":"max-snippet:-1","max-image-preview":"max-image-preview:large","max-video-preview":"max-video-preview:-1"},"canonical":"https:\/\/planete-meteo.com\/blog\/2022\/06\/15\/lever-de-la-super-lune-des-fraises\/","og_locale":"fr_FR","og_type":"article","og_title":"Lever de la Super lune des Fraises - Plan\u00e8te M\u00e9t\u00e9o Blog","og_description":"En ce soir du 14 juin 2022 a eu lieu le ph\u00e9nom\u00e8ne de p\u00e9rig\u00e9e-syzygie (le point de l&rsquo;orbite lunaire est \u00e0 une distance&nbsp;minimale de la Terre).Elle est dite \u00ab\u00a0Des Fraises\u00a0\u00bb car elle co\u00efncide avec&nbsp;la&nbsp;saison des fraises Le temps tr\u00e8s ensoleill\u00e9 qu&rsquo;on a ces derniers jours co\u00efncide parfaitement avec ce que j&rsquo;ai voulu faire depuis plusieurs &hellip; Continuer la lecture de Lever de la Super lune des Fraises","og_url":"https:\/\/planete-meteo.com\/blog\/2022\/06\/15\/lever-de-la-super-lune-des-fraises\/","og_site_name":"Plan\u00e8te M\u00e9t\u00e9o Blog","article_published_time":"2022-06-15T18:32:42+00:00","article_modified_time":"2022-08-16T12:01:00+00:00","og_image":[{"width":1920,"height":1281,"url":"https:\/\/planete-meteo.com\/blog\/wp-content\/uploads\/2022\/06\/DSC04916_redim.jpg","type":"image\/jpeg"}],"author":"Benji","twitter_card":"summary_large_image","twitter_misc":{"\u00c9crit par":"Benji","Dur\u00e9e de lecture estim\u00e9e":"2 minutes"},"schema":{"@context":"https:\/\/schema.org","@graph":[{"@type":"Article","@id":"https:\/\/planete-meteo.com\/blog\/2022\/06\/15\/lever-de-la-super-lune-des-fraises\/#article","isPartOf":{"@id":"https:\/\/planete-meteo.com\/blog\/2022\/06\/15\/lever-de-la-super-lune-des-fraises\/"},"author":{"name":"Benji","@id":"https:\/\/planete-meteo.com\/blog\/#\/schema\/person\/9f8b4184457873e167f52653d6a2b9c4"},"headline":"Lever de la Super lune des Fraises","datePublished":"2022-06-15T18:32:42+00:00","dateModified":"2022-08-16T12:01:00+00:00","mainEntityOfPage":{"@id":"https:\/\/planete-meteo.com\/blog\/2022\/06\/15\/lever-de-la-super-lune-des-fraises\/"},"wordCount":175,"commentCount":0,"publisher":{"@id":"https:\/\/planete-meteo.com\/blog\/#organization"},"image":{"@id":"https:\/\/planete-meteo.com\/blog\/2022\/06\/15\/lever-de-la-super-lune-des-fraises\/#primaryimage"},"thumbnailUrl":"https:\/\/planete-meteo.com\/blog\/wp-content\/uploads\/2022\/06\/DSC04916_redim-1024x683.jpg","articleSection":["Uncategorized"],"inLanguage":"fr-FR","potentialAction":[{"@type":"CommentAction","name":"Comment","target":["https:\/\/planete-meteo.com\/blog\/2022\/06\/15\/lever-de-la-super-lune-des-fraises\/#respond"]}]},{"@type":"WebPage","@id":"https:\/\/planete-meteo.com\/blog\/2022\/06\/15\/lever-de-la-super-lune-des-fraises\/","url":"https:\/\/planete-meteo.com\/blog\/2022\/06\/15\/lever-de-la-super-lune-des-fraises\/","name":"Lever de la Super lune des Fraises - Plan\u00e8te M\u00e9t\u00e9o Blog","isPartOf":{"@id":"https:\/\/planete-meteo.com\/blog\/#website"},"primaryImageOfPage":{"@id":"https:\/\/planete-meteo.com\/blog\/2022\/06\/15\/lever-de-la-super-lune-des-fraises\/#primaryimage"},"image":{"@id":"https:\/\/planete-meteo.com\/blog\/2022\/06\/15\/lever-de-la-super-lune-des-fraises\/#primaryimage"},"thumbnailUrl":"https:\/\/planete-meteo.com\/blog\/wp-content\/uploads\/2022\/06\/DSC04916_redim-1024x683.jpg","datePublished":"2022-06-15T18:32:42+00:00","dateModified":"2022-08-16T12:01:00+00:00","breadcrumb":{"@id":"https:\/\/planete-meteo.com\/blog\/2022\/06\/15\/lever-de-la-super-lune-des-fraises\/#breadcrumb"},"inLanguage":"fr-FR","potentialAction":[{"@type":"ReadAction","target":["https:\/\/planete-meteo.com\/blog\/2022\/06\/15\/lever-de-la-super-lune-des-fraises\/"]}]},{"@type":"ImageObject","inLanguage":"fr-FR","@id":"https:\/\/planete-meteo.com\/blog\/2022\/06\/15\/lever-de-la-super-lune-des-fraises\/#primaryimage","url":"https:\/\/planete-meteo.com\/blog\/wp-content\/uploads\/2022\/06\/DSC04916_redim.jpg","contentUrl":"https:\/\/planete-meteo.com\/blog\/wp-content\/uploads\/2022\/06\/DSC04916_redim.jpg","width":1920,"height":1281},{"@type":"BreadcrumbList","@id":"https:\/\/planete-meteo.com\/blog\/2022\/06\/15\/lever-de-la-super-lune-des-fraises\/#breadcrumb","itemListElement":[{"@type":"ListItem","position":1,"name":"Accueil","item":"https:\/\/planete-meteo.com\/blog\/"},{"@type":"ListItem","position":2,"name":"Lever de la Super lune des Fraises"}]},{"@type":"WebSite","@id":"https:\/\/planete-meteo.com\/blog\/#website","url":"https:\/\/planete-meteo.com\/blog\/","name":"Plan\u00e8te M\u00e9t\u00e9o Blog","description":"Fil d&#039;actualit\u00e9 m\u00e9t\u00e9o, pr\u00e9visions, observations pour l&#039;Ain","publisher":{"@id":"https:\/\/planete-meteo.com\/blog\/#organization"},"potentialAction":[{"@type":"SearchAction","target":{"@type":"EntryPoint","urlTemplate":"https:\/\/planete-meteo.com\/blog\/?s={search_term_string}"},"query-input":"required name=search_term_string"}],"inLanguage":"fr-FR"},{"@type":"Organization","@id":"https:\/\/planete-meteo.com\/blog\/#organization","name":"Plan\u00e8te M\u00e9t\u00e9o Blog","url":"https:\/\/planete-meteo.com\/blog\/","logo":{"@type":"ImageObject","inLanguage":"fr-FR","@id":"https:\/\/planete-meteo.com\/blog\/#\/schema\/logo\/image\/","url":"https:\/\/planete-meteo.com\/blog\/wp-content\/uploads\/2021\/05\/cropped-cropped-logoPlanete-meteo_rond_500.png","contentUrl":"https:\/\/planete-meteo.com\/blog\/wp-content\/uploads\/2021\/05\/cropped-cropped-logoPlanete-meteo_rond_500.png","width":248,"height":248,"caption":"Plan\u00e8te M\u00e9t\u00e9o Blog"},"image":{"@id":"https:\/\/planete-meteo.com\/blog\/#\/schema\/logo\/image\/"}},{"@type":"Person","@id":"https:\/\/planete-meteo.com\/blog\/#\/schema\/person\/9f8b4184457873e167f52653d6a2b9c4","name":"Benji","image":{"@type":"ImageObject","inLanguage":"fr-FR","@id":"https:\/\/planete-meteo.com\/blog\/#\/schema\/person\/image\/","url":"https:\/\/secure.gravatar.com\/avatar\/57bb786c89649ee5e336c8f53eff444c49ed4a158048c7edf8895080b80d27a1?s=96&d=retro&r=g","contentUrl":"https:\/\/secure.gravatar.com\/avatar\/57bb786c89649ee5e336c8f53eff444c49ed4a158048c7edf8895080b80d27a1?s=96&d=retro&r=g","caption":"Benji"},"sameAs":["http:\/\/planete-meteo.com\/blog"],"url":"https:\/\/planete-meteo.com\/blog\/author\/benji\/"}]}},"_links":{"self":[{"href":"https:\/\/planete-meteo.com\/blog\/wp-json\/wp\/v2\/posts\/396","targetHints":{"allow":["GET"]}}],"collection":[{"href":"https:\/\/planete-meteo.com\/blog\/wp-json\/wp\/v2\/posts"}],"about":[{"href":"https:\/\/planete-meteo.com\/blog\/wp-json\/wp\/v2\/types\/post"}],"author":[{"embeddable":true,"href":"https:\/\/planete-meteo.com\/blog\/wp-json\/wp\/v2\/users\/1"}],"replies":[{"embeddable":true,"href":"https:\/\/planete-meteo.com\/blog\/wp-json\/wp\/v2\/comments?post=396"}],"version-history":[{"count":2,"href":"https:\/\/planete-meteo.com\/blog\/wp-json\/wp\/v2\/posts\/396\/revisions"}],"predecessor-version":[{"id":400,"href":"https:\/\/planete-meteo.com\/blog\/wp-json\/wp\/v2\/posts\/396\/revisions\/400"}],"wp:attachment":[{"href":"https:\/\/planete-meteo.com\/blog\/wp-json\/wp\/v2\/media?parent=396"}],"wp:term":[{"taxonomy":"category","embeddable":true,"href":"https:\/\/planete-meteo.com\/blog\/wp-json\/wp\/v2\/categories?post=396"},{"taxonomy":"post_tag","embeddable":true,"href":"https:\/\/planete-meteo.com\/blog\/wp-json\/wp\/v2\/tags?post=396"}],"curies":[{"name":"wp","href":"https:\/\/api.w.org\/{rel}","templated":true}]}}