{"id":404,"date":"2022-08-15T23:33:01","date_gmt":"2022-08-15T21:33:01","guid":{"rendered":"https:\/\/planete-meteo.com\/blog\/?p=404"},"modified":"2022-08-17T14:35:16","modified_gmt":"2022-08-17T12:35:16","slug":"pluies-importantes-attendues-mercredi-17-et-jeudi-18-aout","status":"publish","type":"post","link":"https:\/\/planete-meteo.com\/blog\/2022\/08\/15\/pluies-importantes-attendues-mercredi-17-et-jeudi-18-aout\/","title":{"rendered":"Pluies importantes attendues mercredi 17 et jeudi 18 ao\u00fbt"},"content":{"rendered":"\n<h4 class=\"wp-block-heading\">Mise \u00e0 jour 17 ao\u00fbt 2022<\/h4>\n\n\n\n<p>Les derni\u00e8res pr\u00e9visions sont tr\u00e8s compliqu\u00e9es, la premi\u00e8re perturbation est pass\u00e9 ce matin , mais un peu ridicule par rapport \u00e0 ce qui \u00e9tait pr\u00e9vu, voyez vous l&rsquo;image radar \u00e0 7h ce matin ci-dessous.<br>Seulement 4.8 mm \u00e0 ma station \u00e0 <a href=\"https:\/\/planete-meteo.com\/observations.php\" target=\"_blank\" rel=\"noreferrer noopener\">Bourg en Bresse<\/a>, 4 mm \u00e0 <a href=\"https:\/\/www.meteo-viriat.fr\/\" target=\"_blank\" rel=\"noreferrer noopener\">Viriat<\/a>, 2.2 mm \u00e0 <a href=\"https:\/\/www.meteociel.fr\/temps-reel\/obs_villes.php?code2=1235001\" target=\"_blank\" rel=\"noreferrer noopener\">Marlieux <\/a>et le reste tr\u00e8s faible souvent sous les 2 mm voire rien du tout&#8230; Ridicule quoi tr\u00e8s loin de ce qui \u00e9tait escompt\u00e9e.<\/p>\n\n\n\n<figure class=\"wp-block-image size-full\"><img loading=\"lazy\" decoding=\"async\" width=\"768\" height=\"768\" src=\"https:\/\/planete-meteo.com\/blog\/wp-content\/uploads\/2022\/08\/image-2.png\" alt=\"\" class=\"wp-image-421\" srcset=\"https:\/\/planete-meteo.com\/blog\/wp-content\/uploads\/2022\/08\/image-2.png 768w, https:\/\/planete-meteo.com\/blog\/wp-content\/uploads\/2022\/08\/image-2-300x300.png 300w, https:\/\/planete-meteo.com\/blog\/wp-content\/uploads\/2022\/08\/image-2-150x150.png 150w\" sizes=\"auto, (max-width: 768px) 100vw, 768px\" \/><figcaption>Radar pr\u00e9cipitation 7h &#8211; meteociel.fr<\/figcaption><\/figure>\n\n\n\n<p>Pour les prochaines heures la 2nd ligne orageuse devrait faire un passage dans l&rsquo;Ain.<br>Mais l\u00e0 aussi les pr\u00e9visions sont tr\u00e8s volatiles, assez compliqu\u00e9 \u00e0 cerner.<br>Voici une pr\u00e9vision qui me semble sera la plus proche de ce qu&rsquo;on pourrait observer:<\/p>\n\n\n\n<p><br>Des orages se forment <a href=\"https:\/\/www.meteociel.fr\/observations-meteo\/radarzoom.php?x=7009.86&amp;y=7134.45&amp;ech=9&amp;zoom=2.9\">actuellement <\/a>sur l&rsquo;est du Massif central et vont transiter vers l&rsquo;est entre la r\u00e9gion Lyonnaise et la Suisse dans l&rsquo;apr\u00e8s-midi. C&rsquo;est sur cet axe que les orages seront les plus forts. D&rsquo;autres orages pourront tout de m\u00eame se d\u00e9velopper plus au nord mais plus on se d\u00e9cale vers le nord-ouest du d\u00e9partement plus les averses orageuses seront limit\u00e9es.<br>Ces orages les plus fort seront accompagn\u00e9s de gr\u00eale et d&rsquo;importantes lame d&rsquo;eau pouvant atteindre pr\u00e8s de 40 \u00e0 50 mm en 1h ! Le risque d&rsquo;inondations locales sera important.<\/p>\n\n\n\n<p>Par la suite d&rsquo;autres pluies se formeront dans la nuit et la journ\u00e9e de jeudi sur l&rsquo;est du d\u00e9partement augmentant le cumul avec un risque de pr\u00e8s de 70 mm sur les zones en pointill\u00e9s sur les 48 prochaines heures (d&rsquo;ici vendredi matin).<\/p>\n\n\n\n<figure class=\"wp-block-image size-full\"><img loading=\"lazy\" decoding=\"async\" width=\"957\" height=\"877\" src=\"https:\/\/planete-meteo.com\/blog\/wp-content\/uploads\/2022\/08\/17aout.png\" alt=\"\" class=\"wp-image-422\" srcset=\"https:\/\/planete-meteo.com\/blog\/wp-content\/uploads\/2022\/08\/17aout.png 957w, https:\/\/planete-meteo.com\/blog\/wp-content\/uploads\/2022\/08\/17aout-300x275.png 300w, https:\/\/planete-meteo.com\/blog\/wp-content\/uploads\/2022\/08\/17aout-768x704.png 768w\" sizes=\"auto, (max-width: 957px) 100vw, 957px\" \/><figcaption>Pr\u00e9visions 17\/18 aout 2022<\/figcaption><\/figure>\n\n\n\n<p>Au vu des derni\u00e8res observations, de la ligne orageuse ce matin il n&rsquo;est sans risque que d&rsquo;autres orages se forment localement forts dans les zones les moins \u00e0 risque, ou \u00e0 l&rsquo;inverse que les orages forts attendus soient bien plus faibles que pr\u00e9vu, \u00e0 suivre en direct.<\/p>\n\n\n\n<h4 class=\"wp-block-heading\">Mise \u00e0 jour du 16 ao\u00fbt 2022<\/h4>\n\n\n\n<p>Quelques petits changement ces derni\u00e8res 24h pour la pr\u00e9vision des perturbations pluvio-orageuses attendues mercredi et jeudi.<br>Dans un premier temps quelques changements dans la temporalit\u00e9 des 2 lignes pr\u00e9vues.<br>La premi\u00e8re d\u00e9gradation pluvieuse attendue pour la nuit de mardi \u00e0 mercredi s&rsquo;est d\u00e9cal\u00e9 sur la matin\u00e9e de mercredi et concernera principalement l&rsquo;ouest de l&rsquo;Ain. <br>La seconde qui \u00e9tait attendue pour la nuit de mercredi \u00e0 jeudi cette fois-ci avanc\u00e9e \u00e0 l&rsquo;apr\u00e8s-midi de mercredi avec des orages virulents avec des lames d&rsquo;eau pouvant atteindre les 30 \u00e0 40 mm en 1h les orages les plus forts sont attendus sur une bonne moiti\u00e9 est du d\u00e9partement de l&rsquo;Ain pouvant d\u00e9border un peu sur la Bresse.<\/p>\n\n\n\n<p>Les cumuls attendu sont l\u00e9g\u00e8rement en baisse par rapport au premier passage moins actif, mais pourront \u00eatre localement tr\u00e8s importants en 24h. Le rail des plus fortes pr\u00e9cipitations est attendus entre la C\u00f4ti\u00e8re et le Haut Jura avec 20 \u00e0 50 mm en moyenne, mais il persiste un risque non n\u00e9gligeable d&rsquo;atteindre les 100mm en fonction des orages de mercredi soir. <br>Le risque d&rsquo;inondation sera tr\u00e8s \u00e9lev\u00e9e sous ces orages avec des sols qui vont avoir du mal \u00e0 absorber autant de pluie en quelques minutes. Un risque de gr\u00eale n&rsquo;est pas \u00e0 exclure surtout de la petite gr\u00eale, mais qui peut \u00eatre en importante quantit\u00e9.<\/p>\n\n\n\n<figure class=\"wp-block-image size-full\"><img loading=\"lazy\" decoding=\"async\" width=\"1020\" height=\"878\" src=\"https:\/\/planete-meteo.com\/blog\/wp-content\/uploads\/2022\/08\/probaain.png\" alt=\"\" class=\"wp-image-414\" srcset=\"https:\/\/planete-meteo.com\/blog\/wp-content\/uploads\/2022\/08\/probaain.png 1020w, https:\/\/planete-meteo.com\/blog\/wp-content\/uploads\/2022\/08\/probaain-300x258.png 300w, https:\/\/planete-meteo.com\/blog\/wp-content\/uploads\/2022\/08\/probaain-768x661.png 768w\" sizes=\"auto, (max-width: 1020px) 100vw, 1020px\" \/><figcaption>Probabilit\u00e9 pr\u00e9cipitation du 17 au 18 aout 2022<\/figcaption><\/figure>\n\n\n\n<p>Ces cumuls ne prennent pas en compte les averses orageuses attendues dans l&rsquo;apr\u00e8s-midi de jeudi pouvant faire augmenter les cumuls de plusieurs dizaines de mm sous celles-ci.<\/p>\n\n\n\n<h4 class=\"wp-block-heading\">Article original <\/h4>\n\n\n\n<p>Apr\u00e8s un mois de juillet et un d\u00e9but du mois d&rsquo;ao\u00fbt extr\u00eamement sec sur le d\u00e9partement de l&rsquo;Ain quelques orages ont \u00e9t\u00e9 la bienvenue dimanche dernier pour d\u00e9poser les premi\u00e8res gouttes de pluie depuis de nombreux jours, h\u00e9las certaines zones du d\u00e9partement n&rsquo;ont presque rien eu, par exemple le Pays de Gex n&rsquo;a re\u00e7u qu&rsquo;en moyenne 5 mm, une dizaine pour le Nord-Ouest du d\u00e9partement.<\/p>\n\n\n<div class=\"wp-block-image\">\n<figure class=\"aligncenter size-full\"><img loading=\"lazy\" decoding=\"async\" width=\"392\" height=\"367\" src=\"https:\/\/planete-meteo.com\/blog\/wp-content\/uploads\/2022\/08\/image.png\" alt=\"\" class=\"wp-image-405\" srcset=\"https:\/\/planete-meteo.com\/blog\/wp-content\/uploads\/2022\/08\/image.png 392w, https:\/\/planete-meteo.com\/blog\/wp-content\/uploads\/2022\/08\/image-300x281.png 300w\" sizes=\"auto, (max-width: 392px) 100vw, 392px\" \/><figcaption>Cumuls de pluie mois de juillet 2022 sur certaines stations de l&rsquo;Ain &#8211; meteociel.fr<\/figcaption><\/figure><\/div>\n\n\n<p>Cette situation devrait temporairement s&rsquo;am\u00e9liorer cette semaine avec des \u00e9pisodes de pluie localement cons\u00e9quent.<\/p>\n\n\n\n<p>Mardi soir l&rsquo;arriv\u00e9e d&rsquo;une d\u00e9pression (Talweg pour les passionn\u00e9s) apportera un air plus froid de l&rsquo;ouest, et de notre cot\u00e9 fera remonter un air maritime tropical tr\u00e8s humide qui se confrontera \u00e0 cet air plus froid arrivant de l&rsquo;ouest.<\/p>\n\n\n\n<figure class=\"wp-block-image size-full\"><img loading=\"lazy\" decoding=\"async\" width=\"768\" height=\"768\" src=\"https:\/\/planete-meteo.com\/blog\/wp-content\/uploads\/2022\/08\/iconeu_euw-33-26-0.png\" alt=\"\" class=\"wp-image-406\" srcset=\"https:\/\/planete-meteo.com\/blog\/wp-content\/uploads\/2022\/08\/iconeu_euw-33-26-0.png 768w, https:\/\/planete-meteo.com\/blog\/wp-content\/uploads\/2022\/08\/iconeu_euw-33-26-0-300x300.png 300w, https:\/\/planete-meteo.com\/blog\/wp-content\/uploads\/2022\/08\/iconeu_euw-33-26-0-150x150.png 150w\" sizes=\"auto, (max-width: 768px) 100vw, 768px\" \/><figcaption>Carte des vents mardi soir ICON-EU<\/figcaption><\/figure>\n\n\n\n<p>Cet air tropical maritime aura comme premi\u00e8re particularit\u00e9 d&rsquo;\u00eatre charg\u00e9e en humidit\u00e9, une mer chaude actuellement renfor\u00e7ant ce param\u00e8tre, Cela n&rsquo;est pas une carte des pr\u00e9cipitations qu&rsquo;il y aura au sol mais une carte d&rsquo;indice des pr\u00e9cipitations contenues dans l&rsquo;atmosph\u00e8re.<\/p>\n\n\n\n<figure class=\"wp-block-image size-full\"><img loading=\"lazy\" decoding=\"async\" width=\"768\" height=\"768\" src=\"https:\/\/planete-meteo.com\/blog\/wp-content\/uploads\/2022\/08\/ecmwffr-26-36.png\" alt=\"\" class=\"wp-image-409\" srcset=\"https:\/\/planete-meteo.com\/blog\/wp-content\/uploads\/2022\/08\/ecmwffr-26-36.png 768w, https:\/\/planete-meteo.com\/blog\/wp-content\/uploads\/2022\/08\/ecmwffr-26-36-300x300.png 300w, https:\/\/planete-meteo.com\/blog\/wp-content\/uploads\/2022\/08\/ecmwffr-26-36-150x150.png 150w\" sizes=\"auto, (max-width: 768px) 100vw, 768px\" \/><figcaption>Carte Eau pr\u00e9cipitable &#8211; ECMWF<\/figcaption><\/figure>\n\n\n\n<p>Avec cet air maritime tropical c&rsquo;est une instabilit\u00e9 qui sera aussi apport\u00e9e de la M\u00e9diterran\u00e9e \u00e0 la Suisse rendant ces pluies orageuses avec donc des intensit\u00e9s de pluie parfois fortes. <\/p>\n\n\n\n<figure class=\"wp-block-image size-full\"><img loading=\"lazy\" decoding=\"async\" width=\"768\" height=\"768\" src=\"https:\/\/planete-meteo.com\/blog\/wp-content\/uploads\/2022\/08\/iconeu-28-30-0.png\" alt=\"\" class=\"wp-image-408\" srcset=\"https:\/\/planete-meteo.com\/blog\/wp-content\/uploads\/2022\/08\/iconeu-28-30-0.png 768w, https:\/\/planete-meteo.com\/blog\/wp-content\/uploads\/2022\/08\/iconeu-28-30-0-300x300.png 300w, https:\/\/planete-meteo.com\/blog\/wp-content\/uploads\/2022\/08\/iconeu-28-30-0-150x150.png 150w\" sizes=\"auto, (max-width: 768px) 100vw, 768px\" \/><figcaption>Carte MLCAPE &#8211; ECMWF <\/figcaption><\/figure>\n\n\n\n<p>La conjoncture du ph\u00e9nom\u00e8ne de remont\u00e9e d&rsquo;air tropical maritime plus le passage de fronts froid issue de la d\u00e9pression \u00e0 l&rsquo;ouest de la France d\u00e9clenchera le d\u00e9veloppement d&rsquo;orages tr\u00e8s pluvieux de la m\u00e9diterran\u00e9e (\u00e9pisode m\u00e9diterran\u00e9en) et remontera la vall\u00e9e du Rh\u00f4ne jusqu&rsquo;\u00e0 notre d\u00e9partement.<br>Les orages les plus forts et les plus pluvieux seront particuli\u00e8rement sur la basse vall\u00e9e du Rh\u00f4ne et m\u00e9diterran\u00e9e, plus au nord ces pluies seront plus faibles avec un peu moins d&rsquo;\u00e9nergie.<\/p>\n\n\n\n<p>La situation reste plut\u00f4t bien cal\u00e9e avec 2 passage de front froid c&rsquo;est a dire 2 \u00e9pisodes coups sur coup un premier entre le milieu de nuit de mercredi et mercredi matin, un passage bref. Un second dans la nuit de mercredi \u00e0 jeudi qui pourrait \u00eatre un peu plus durable et surtout un peu plus actif niveau orageux et des pr\u00e9cipitations tr\u00e8s intenses en quelques minutes\/heures.<\/p>\n\n\n\n<h4 class=\"wp-block-heading\">Concr\u00e8tement \u00e0 quoi devons nous s&rsquo;attendre en cumul ?<\/h4>\n\n\n\n<p>Maintenant viens la question la plus compliqu\u00e9 pour ces \u00e9pisodes, combien de pluie attendons nous ? <br>C&rsquo;est une question qui reste encore difficile \u00e0 r\u00e9pondre facilement, en effet dans un premier temps le d\u00e9calage de quelques dizaine\/100aine de kilom\u00e8tre de la d\u00e9pression \u00e0 l&rsquo;ouest change l&rsquo;axe des pr\u00e9cipitations qui remontent de la vall\u00e9e du Rh\u00f4ne, donc peux jouer un r\u00f4le important pour la disparit\u00e9s entre l&rsquo;ouest du d\u00e9partement et l&rsquo;est.<br>Le second point qui est compliqu\u00e9 c&rsquo;est que les mod\u00e8les r\u00e9put\u00e9s fiable en temps normal on une tr\u00e8s mal gestion de ces \u00e9pisodes et des reliefs, certain les voient mais sont encore minoritaire et cela reste des orages donc \u00e0 quelques kilom\u00e8tres pr\u00e8s on passe de 30 mm \u00e0 rien.<\/p>\n\n\n\n<p>Aujourd&rsquo;hui, ce qu&rsquo;on peut conclure, c&rsquo;est que l&rsquo;est du d\u00e9partement semble \u00eatre le plus favoris\u00e9 avec un axe des plus fortes pr\u00e9cipitations situ\u00e9 entre la m\u00e9diterran\u00e9e et la Suisse en passant la les Savoie. Avec donc seulement 10\/20 mm sur l&rsquo;ouest de l&rsquo;Ain et plus de 50 mm dans l&rsquo;est. Mais il s&rsquo;est av\u00e9r\u00e9 dans le pass\u00e9 que cet axe \u00e0 moins de 48h de l&rsquo;\u00e9pisode peut encore changer et le risque d&rsquo;un cumul plus fort sur l&rsquo;ouest du d\u00e9partement est encore possible.<\/p>\n\n\n\n<figure class=\"wp-block-image size-full\"><img loading=\"lazy\" decoding=\"async\" width=\"768\" height=\"768\" src=\"https:\/\/planete-meteo.com\/blog\/wp-content\/uploads\/2022\/08\/ukmohd-25-75-0.png\" alt=\"\" class=\"wp-image-411\" srcset=\"https:\/\/planete-meteo.com\/blog\/wp-content\/uploads\/2022\/08\/ukmohd-25-75-0.png 768w, https:\/\/planete-meteo.com\/blog\/wp-content\/uploads\/2022\/08\/ukmohd-25-75-0-300x300.png 300w, https:\/\/planete-meteo.com\/blog\/wp-content\/uploads\/2022\/08\/ukmohd-25-75-0-150x150.png 150w\" sizes=\"auto, (max-width: 768px) 100vw, 768px\" \/><\/figure>\n\n\n\n<p><\/p>\n\n\n\n<h4 class=\"wp-block-heading\">Et apr\u00e8s tout ca encore de la pluie ?<\/h4>\n\n\n\n<p>Il est bien possible que l&rsquo;\u00e9pisode se prolonge jeudi soir et vendredi sur l&rsquo;est du d\u00e9partement avec le passage de la goutte froide, des cumuls tr\u00e8s importants sont possibles avec certains mod\u00e8les indiquant 100 \u00e0 150 mm suppl\u00e9mentaires, mais cela reste encore un risque faible. a suivre.<\/p>\n\n\n\n<p><\/p>\n\n\n\n<p><\/p>\n","protected":false},"excerpt":{"rendered":"<p>Mise \u00e0 jour 17 ao\u00fbt 2022 Les derni\u00e8res pr\u00e9visions sont tr\u00e8s compliqu\u00e9es, la premi\u00e8re perturbation est pass\u00e9 ce matin , mais un peu ridicule par rapport \u00e0 ce qui \u00e9tait pr\u00e9vu, voyez vous l&rsquo;image radar \u00e0 7h ce matin ci-dessous.Seulement 4.8 mm \u00e0 ma station \u00e0 Bourg en Bresse, 4 mm \u00e0 Viriat, 2.2 mm &hellip; <a href=\"https:\/\/planete-meteo.com\/blog\/2022\/08\/15\/pluies-importantes-attendues-mercredi-17-et-jeudi-18-aout\/\" class=\"more-link\">Continuer la lecture de <span class=\"screen-reader-text\">Pluies importantes attendues mercredi 17 et jeudi 18 ao\u00fbt<\/span><\/a><\/p>\n","protected":false},"author":1,"featured_media":406,"comment_status":"open","ping_status":"open","sticky":false,"template":"","format":"standard","meta":{"footnotes":""},"categories":[8,9],"tags":[],"class_list":["post-404","post","type-post","status-publish","format-standard","has-post-thumbnail","hentry","category-orages","category-previsions"],"yoast_head":"<!-- This site is optimized with the Yoast SEO plugin v22.8 - https:\/\/yoast.com\/wordpress\/plugins\/seo\/ -->\n<title>Pluies importantes attendues mercredi 17 et jeudi 18 ao\u00fbt - Plan\u00e8te M\u00e9t\u00e9o Blog<\/title>\n<meta name=\"robots\" content=\"index, follow, max-snippet:-1, max-image-preview:large, max-video-preview:-1\" \/>\n<link rel=\"canonical\" href=\"https:\/\/planete-meteo.com\/blog\/2022\/08\/15\/pluies-importantes-attendues-mercredi-17-et-jeudi-18-aout\/\" \/>\n<meta property=\"og:locale\" content=\"fr_FR\" \/>\n<meta property=\"og:type\" content=\"article\" \/>\n<meta property=\"og:title\" content=\"Pluies importantes attendues mercredi 17 et jeudi 18 ao\u00fbt\" \/>\n<meta property=\"og:description\" content=\"Pluies importantes attendues mercredi 17 et jeudi 18 ao\u00fbt\" \/>\n<meta property=\"og:url\" content=\"https:\/\/planete-meteo.com\/blog\/2022\/08\/15\/pluies-importantes-attendues-mercredi-17-et-jeudi-18-aout\/\" \/>\n<meta property=\"og:site_name\" content=\"Plan\u00e8te M\u00e9t\u00e9o Blog\" \/>\n<meta property=\"article:published_time\" content=\"2022-08-15T21:33:01+00:00\" \/>\n<meta property=\"article:modified_time\" content=\"2022-08-17T12:35:16+00:00\" \/>\n<meta property=\"og:image\" content=\"https:\/\/planete-meteo.com\/blog\/wp-content\/uploads\/2022\/08\/probaain.png\" \/>\n\t<meta property=\"og:image:width\" content=\"1020\" \/>\n\t<meta property=\"og:image:height\" content=\"878\" \/>\n\t<meta property=\"og:image:type\" content=\"image\/png\" \/>\n<meta name=\"author\" content=\"Benji\" \/>\n<meta name=\"twitter:card\" content=\"summary_large_image\" \/>\n<meta name=\"twitter:title\" content=\"Pluies importantes attendues mercredi 17 et jeudi 18 ao\u00fbt\" \/>\n<meta name=\"twitter:description\" content=\"Pluies importantes attendues mercredi 17 et jeudi 18 ao\u00fbt\" \/>\n<meta name=\"twitter:image\" content=\"https:\/\/planete-meteo.com\/blog\/wp-content\/uploads\/2022\/08\/iconeu_euw-33-26-0.png\" \/>\n<meta name=\"twitter:label1\" content=\"\u00c9crit par\" \/>\n\t<meta name=\"twitter:data1\" content=\"Benji\" \/>\n\t<meta name=\"twitter:label2\" content=\"Dur\u00e9e de lecture estim\u00e9e\" \/>\n\t<meta name=\"twitter:data2\" content=\"8 minutes\" \/>\n<script type=\"application\/ld+json\" class=\"yoast-schema-graph\">{\"@context\":\"https:\/\/schema.org\",\"@graph\":[{\"@type\":\"Article\",\"@id\":\"https:\/\/planete-meteo.com\/blog\/2022\/08\/15\/pluies-importantes-attendues-mercredi-17-et-jeudi-18-aout\/#article\",\"isPartOf\":{\"@id\":\"https:\/\/planete-meteo.com\/blog\/2022\/08\/15\/pluies-importantes-attendues-mercredi-17-et-jeudi-18-aout\/\"},\"author\":{\"name\":\"Benji\",\"@id\":\"https:\/\/planete-meteo.com\/blog\/#\/schema\/person\/9f8b4184457873e167f52653d6a2b9c4\"},\"headline\":\"Pluies importantes attendues mercredi 17 et jeudi 18 ao\u00fbt\",\"datePublished\":\"2022-08-15T21:33:01+00:00\",\"dateModified\":\"2022-08-17T12:35:16+00:00\",\"mainEntityOfPage\":{\"@id\":\"https:\/\/planete-meteo.com\/blog\/2022\/08\/15\/pluies-importantes-attendues-mercredi-17-et-jeudi-18-aout\/\"},\"wordCount\":1289,\"commentCount\":0,\"publisher\":{\"@id\":\"https:\/\/planete-meteo.com\/blog\/#organization\"},\"image\":{\"@id\":\"https:\/\/planete-meteo.com\/blog\/2022\/08\/15\/pluies-importantes-attendues-mercredi-17-et-jeudi-18-aout\/#primaryimage\"},\"thumbnailUrl\":\"https:\/\/planete-meteo.com\/blog\/wp-content\/uploads\/2022\/08\/iconeu_euw-33-26-0.png\",\"articleSection\":[\"Orages\",\"Pr\u00e9visions\"],\"inLanguage\":\"fr-FR\",\"potentialAction\":[{\"@type\":\"CommentAction\",\"name\":\"Comment\",\"target\":[\"https:\/\/planete-meteo.com\/blog\/2022\/08\/15\/pluies-importantes-attendues-mercredi-17-et-jeudi-18-aout\/#respond\"]}]},{\"@type\":\"WebPage\",\"@id\":\"https:\/\/planete-meteo.com\/blog\/2022\/08\/15\/pluies-importantes-attendues-mercredi-17-et-jeudi-18-aout\/\",\"url\":\"https:\/\/planete-meteo.com\/blog\/2022\/08\/15\/pluies-importantes-attendues-mercredi-17-et-jeudi-18-aout\/\",\"name\":\"Pluies importantes attendues mercredi 17 et jeudi 18 ao\u00fbt - Plan\u00e8te M\u00e9t\u00e9o Blog\",\"isPartOf\":{\"@id\":\"https:\/\/planete-meteo.com\/blog\/#website\"},\"primaryImageOfPage\":{\"@id\":\"https:\/\/planete-meteo.com\/blog\/2022\/08\/15\/pluies-importantes-attendues-mercredi-17-et-jeudi-18-aout\/#primaryimage\"},\"image\":{\"@id\":\"https:\/\/planete-meteo.com\/blog\/2022\/08\/15\/pluies-importantes-attendues-mercredi-17-et-jeudi-18-aout\/#primaryimage\"},\"thumbnailUrl\":\"https:\/\/planete-meteo.com\/blog\/wp-content\/uploads\/2022\/08\/iconeu_euw-33-26-0.png\",\"datePublished\":\"2022-08-15T21:33:01+00:00\",\"dateModified\":\"2022-08-17T12:35:16+00:00\",\"breadcrumb\":{\"@id\":\"https:\/\/planete-meteo.com\/blog\/2022\/08\/15\/pluies-importantes-attendues-mercredi-17-et-jeudi-18-aout\/#breadcrumb\"},\"inLanguage\":\"fr-FR\",\"potentialAction\":[{\"@type\":\"ReadAction\",\"target\":[\"https:\/\/planete-meteo.com\/blog\/2022\/08\/15\/pluies-importantes-attendues-mercredi-17-et-jeudi-18-aout\/\"]}]},{\"@type\":\"ImageObject\",\"inLanguage\":\"fr-FR\",\"@id\":\"https:\/\/planete-meteo.com\/blog\/2022\/08\/15\/pluies-importantes-attendues-mercredi-17-et-jeudi-18-aout\/#primaryimage\",\"url\":\"https:\/\/planete-meteo.com\/blog\/wp-content\/uploads\/2022\/08\/iconeu_euw-33-26-0.png\",\"contentUrl\":\"https:\/\/planete-meteo.com\/blog\/wp-content\/uploads\/2022\/08\/iconeu_euw-33-26-0.png\",\"width\":768,\"height\":768},{\"@type\":\"BreadcrumbList\",\"@id\":\"https:\/\/planete-meteo.com\/blog\/2022\/08\/15\/pluies-importantes-attendues-mercredi-17-et-jeudi-18-aout\/#breadcrumb\",\"itemListElement\":[{\"@type\":\"ListItem\",\"position\":1,\"name\":\"Accueil\",\"item\":\"https:\/\/planete-meteo.com\/blog\/\"},{\"@type\":\"ListItem\",\"position\":2,\"name\":\"Pluies importantes attendues mercredi 17 et jeudi 18 ao\u00fbt\"}]},{\"@type\":\"WebSite\",\"@id\":\"https:\/\/planete-meteo.com\/blog\/#website\",\"url\":\"https:\/\/planete-meteo.com\/blog\/\",\"name\":\"Plan\u00e8te M\u00e9t\u00e9o Blog\",\"description\":\"Fil d&#039;actualit\u00e9 m\u00e9t\u00e9o, pr\u00e9visions, observations pour l&#039;Ain\",\"publisher\":{\"@id\":\"https:\/\/planete-meteo.com\/blog\/#organization\"},\"potentialAction\":[{\"@type\":\"SearchAction\",\"target\":{\"@type\":\"EntryPoint\",\"urlTemplate\":\"https:\/\/planete-meteo.com\/blog\/?s={search_term_string}\"},\"query-input\":\"required name=search_term_string\"}],\"inLanguage\":\"fr-FR\"},{\"@type\":\"Organization\",\"@id\":\"https:\/\/planete-meteo.com\/blog\/#organization\",\"name\":\"Plan\u00e8te M\u00e9t\u00e9o Blog\",\"url\":\"https:\/\/planete-meteo.com\/blog\/\",\"logo\":{\"@type\":\"ImageObject\",\"inLanguage\":\"fr-FR\",\"@id\":\"https:\/\/planete-meteo.com\/blog\/#\/schema\/logo\/image\/\",\"url\":\"https:\/\/planete-meteo.com\/blog\/wp-content\/uploads\/2021\/05\/cropped-cropped-logoPlanete-meteo_rond_500.png\",\"contentUrl\":\"https:\/\/planete-meteo.com\/blog\/wp-content\/uploads\/2021\/05\/cropped-cropped-logoPlanete-meteo_rond_500.png\",\"width\":248,\"height\":248,\"caption\":\"Plan\u00e8te M\u00e9t\u00e9o Blog\"},\"image\":{\"@id\":\"https:\/\/planete-meteo.com\/blog\/#\/schema\/logo\/image\/\"}},{\"@type\":\"Person\",\"@id\":\"https:\/\/planete-meteo.com\/blog\/#\/schema\/person\/9f8b4184457873e167f52653d6a2b9c4\",\"name\":\"Benji\",\"image\":{\"@type\":\"ImageObject\",\"inLanguage\":\"fr-FR\",\"@id\":\"https:\/\/planete-meteo.com\/blog\/#\/schema\/person\/image\/\",\"url\":\"https:\/\/secure.gravatar.com\/avatar\/57bb786c89649ee5e336c8f53eff444c49ed4a158048c7edf8895080b80d27a1?s=96&d=retro&r=g\",\"contentUrl\":\"https:\/\/secure.gravatar.com\/avatar\/57bb786c89649ee5e336c8f53eff444c49ed4a158048c7edf8895080b80d27a1?s=96&d=retro&r=g\",\"caption\":\"Benji\"},\"sameAs\":[\"http:\/\/planete-meteo.com\/blog\"],\"url\":\"https:\/\/planete-meteo.com\/blog\/author\/benji\/\"}]}<\/script>\n<!-- \/ Yoast SEO plugin. -->","yoast_head_json":{"title":"Pluies importantes attendues mercredi 17 et jeudi 18 ao\u00fbt - Plan\u00e8te M\u00e9t\u00e9o Blog","robots":{"index":"index","follow":"follow","max-snippet":"max-snippet:-1","max-image-preview":"max-image-preview:large","max-video-preview":"max-video-preview:-1"},"canonical":"https:\/\/planete-meteo.com\/blog\/2022\/08\/15\/pluies-importantes-attendues-mercredi-17-et-jeudi-18-aout\/","og_locale":"fr_FR","og_type":"article","og_title":"Pluies importantes attendues mercredi 17 et jeudi 18 ao\u00fbt","og_description":"Pluies importantes attendues mercredi 17 et jeudi 18 ao\u00fbt","og_url":"https:\/\/planete-meteo.com\/blog\/2022\/08\/15\/pluies-importantes-attendues-mercredi-17-et-jeudi-18-aout\/","og_site_name":"Plan\u00e8te M\u00e9t\u00e9o Blog","article_published_time":"2022-08-15T21:33:01+00:00","article_modified_time":"2022-08-17T12:35:16+00:00","og_image":[{"width":1020,"height":878,"url":"https:\/\/planete-meteo.com\/blog\/wp-content\/uploads\/2022\/08\/probaain.png","type":"image\/png"}],"author":"Benji","twitter_card":"summary_large_image","twitter_title":"Pluies importantes attendues mercredi 17 et jeudi 18 ao\u00fbt","twitter_description":"Pluies importantes attendues mercredi 17 et jeudi 18 ao\u00fbt","twitter_image":"https:\/\/planete-meteo.com\/blog\/wp-content\/uploads\/2022\/08\/iconeu_euw-33-26-0.png","twitter_misc":{"\u00c9crit par":"Benji","Dur\u00e9e de lecture estim\u00e9e":"8 minutes"},"schema":{"@context":"https:\/\/schema.org","@graph":[{"@type":"Article","@id":"https:\/\/planete-meteo.com\/blog\/2022\/08\/15\/pluies-importantes-attendues-mercredi-17-et-jeudi-18-aout\/#article","isPartOf":{"@id":"https:\/\/planete-meteo.com\/blog\/2022\/08\/15\/pluies-importantes-attendues-mercredi-17-et-jeudi-18-aout\/"},"author":{"name":"Benji","@id":"https:\/\/planete-meteo.com\/blog\/#\/schema\/person\/9f8b4184457873e167f52653d6a2b9c4"},"headline":"Pluies importantes attendues mercredi 17 et jeudi 18 ao\u00fbt","datePublished":"2022-08-15T21:33:01+00:00","dateModified":"2022-08-17T12:35:16+00:00","mainEntityOfPage":{"@id":"https:\/\/planete-meteo.com\/blog\/2022\/08\/15\/pluies-importantes-attendues-mercredi-17-et-jeudi-18-aout\/"},"wordCount":1289,"commentCount":0,"publisher":{"@id":"https:\/\/planete-meteo.com\/blog\/#organization"},"image":{"@id":"https:\/\/planete-meteo.com\/blog\/2022\/08\/15\/pluies-importantes-attendues-mercredi-17-et-jeudi-18-aout\/#primaryimage"},"thumbnailUrl":"https:\/\/planete-meteo.com\/blog\/wp-content\/uploads\/2022\/08\/iconeu_euw-33-26-0.png","articleSection":["Orages","Pr\u00e9visions"],"inLanguage":"fr-FR","potentialAction":[{"@type":"CommentAction","name":"Comment","target":["https:\/\/planete-meteo.com\/blog\/2022\/08\/15\/pluies-importantes-attendues-mercredi-17-et-jeudi-18-aout\/#respond"]}]},{"@type":"WebPage","@id":"https:\/\/planete-meteo.com\/blog\/2022\/08\/15\/pluies-importantes-attendues-mercredi-17-et-jeudi-18-aout\/","url":"https:\/\/planete-meteo.com\/blog\/2022\/08\/15\/pluies-importantes-attendues-mercredi-17-et-jeudi-18-aout\/","name":"Pluies importantes attendues mercredi 17 et jeudi 18 ao\u00fbt - Plan\u00e8te M\u00e9t\u00e9o Blog","isPartOf":{"@id":"https:\/\/planete-meteo.com\/blog\/#website"},"primaryImageOfPage":{"@id":"https:\/\/planete-meteo.com\/blog\/2022\/08\/15\/pluies-importantes-attendues-mercredi-17-et-jeudi-18-aout\/#primaryimage"},"image":{"@id":"https:\/\/planete-meteo.com\/blog\/2022\/08\/15\/pluies-importantes-attendues-mercredi-17-et-jeudi-18-aout\/#primaryimage"},"thumbnailUrl":"https:\/\/planete-meteo.com\/blog\/wp-content\/uploads\/2022\/08\/iconeu_euw-33-26-0.png","datePublished":"2022-08-15T21:33:01+00:00","dateModified":"2022-08-17T12:35:16+00:00","breadcrumb":{"@id":"https:\/\/planete-meteo.com\/blog\/2022\/08\/15\/pluies-importantes-attendues-mercredi-17-et-jeudi-18-aout\/#breadcrumb"},"inLanguage":"fr-FR","potentialAction":[{"@type":"ReadAction","target":["https:\/\/planete-meteo.com\/blog\/2022\/08\/15\/pluies-importantes-attendues-mercredi-17-et-jeudi-18-aout\/"]}]},{"@type":"ImageObject","inLanguage":"fr-FR","@id":"https:\/\/planete-meteo.com\/blog\/2022\/08\/15\/pluies-importantes-attendues-mercredi-17-et-jeudi-18-aout\/#primaryimage","url":"https:\/\/planete-meteo.com\/blog\/wp-content\/uploads\/2022\/08\/iconeu_euw-33-26-0.png","contentUrl":"https:\/\/planete-meteo.com\/blog\/wp-content\/uploads\/2022\/08\/iconeu_euw-33-26-0.png","width":768,"height":768},{"@type":"BreadcrumbList","@id":"https:\/\/planete-meteo.com\/blog\/2022\/08\/15\/pluies-importantes-attendues-mercredi-17-et-jeudi-18-aout\/#breadcrumb","itemListElement":[{"@type":"ListItem","position":1,"name":"Accueil","item":"https:\/\/planete-meteo.com\/blog\/"},{"@type":"ListItem","position":2,"name":"Pluies importantes attendues mercredi 17 et jeudi 18 ao\u00fbt"}]},{"@type":"WebSite","@id":"https:\/\/planete-meteo.com\/blog\/#website","url":"https:\/\/planete-meteo.com\/blog\/","name":"Plan\u00e8te M\u00e9t\u00e9o Blog","description":"Fil d&#039;actualit\u00e9 m\u00e9t\u00e9o, pr\u00e9visions, observations pour l&#039;Ain","publisher":{"@id":"https:\/\/planete-meteo.com\/blog\/#organization"},"potentialAction":[{"@type":"SearchAction","target":{"@type":"EntryPoint","urlTemplate":"https:\/\/planete-meteo.com\/blog\/?s={search_term_string}"},"query-input":"required name=search_term_string"}],"inLanguage":"fr-FR"},{"@type":"Organization","@id":"https:\/\/planete-meteo.com\/blog\/#organization","name":"Plan\u00e8te M\u00e9t\u00e9o Blog","url":"https:\/\/planete-meteo.com\/blog\/","logo":{"@type":"ImageObject","inLanguage":"fr-FR","@id":"https:\/\/planete-meteo.com\/blog\/#\/schema\/logo\/image\/","url":"https:\/\/planete-meteo.com\/blog\/wp-content\/uploads\/2021\/05\/cropped-cropped-logoPlanete-meteo_rond_500.png","contentUrl":"https:\/\/planete-meteo.com\/blog\/wp-content\/uploads\/2021\/05\/cropped-cropped-logoPlanete-meteo_rond_500.png","width":248,"height":248,"caption":"Plan\u00e8te M\u00e9t\u00e9o Blog"},"image":{"@id":"https:\/\/planete-meteo.com\/blog\/#\/schema\/logo\/image\/"}},{"@type":"Person","@id":"https:\/\/planete-meteo.com\/blog\/#\/schema\/person\/9f8b4184457873e167f52653d6a2b9c4","name":"Benji","image":{"@type":"ImageObject","inLanguage":"fr-FR","@id":"https:\/\/planete-meteo.com\/blog\/#\/schema\/person\/image\/","url":"https:\/\/secure.gravatar.com\/avatar\/57bb786c89649ee5e336c8f53eff444c49ed4a158048c7edf8895080b80d27a1?s=96&d=retro&r=g","contentUrl":"https:\/\/secure.gravatar.com\/avatar\/57bb786c89649ee5e336c8f53eff444c49ed4a158048c7edf8895080b80d27a1?s=96&d=retro&r=g","caption":"Benji"},"sameAs":["http:\/\/planete-meteo.com\/blog"],"url":"https:\/\/planete-meteo.com\/blog\/author\/benji\/"}]}},"_links":{"self":[{"href":"https:\/\/planete-meteo.com\/blog\/wp-json\/wp\/v2\/posts\/404","targetHints":{"allow":["GET"]}}],"collection":[{"href":"https:\/\/planete-meteo.com\/blog\/wp-json\/wp\/v2\/posts"}],"about":[{"href":"https:\/\/planete-meteo.com\/blog\/wp-json\/wp\/v2\/types\/post"}],"author":[{"embeddable":true,"href":"https:\/\/planete-meteo.com\/blog\/wp-json\/wp\/v2\/users\/1"}],"replies":[{"embeddable":true,"href":"https:\/\/planete-meteo.com\/blog\/wp-json\/wp\/v2\/comments?post=404"}],"version-history":[{"count":8,"href":"https:\/\/planete-meteo.com\/blog\/wp-json\/wp\/v2\/posts\/404\/revisions"}],"predecessor-version":[{"id":429,"href":"https:\/\/planete-meteo.com\/blog\/wp-json\/wp\/v2\/posts\/404\/revisions\/429"}],"wp:featuredmedia":[{"embeddable":true,"href":"https:\/\/planete-meteo.com\/blog\/wp-json\/wp\/v2\/media\/406"}],"wp:attachment":[{"href":"https:\/\/planete-meteo.com\/blog\/wp-json\/wp\/v2\/media?parent=404"}],"wp:term":[{"taxonomy":"category","embeddable":true,"href":"https:\/\/planete-meteo.com\/blog\/wp-json\/wp\/v2\/categories?post=404"},{"taxonomy":"post_tag","embeddable":true,"href":"https:\/\/planete-meteo.com\/blog\/wp-json\/wp\/v2\/tags?post=404"}],"curies":[{"name":"wp","href":"https:\/\/api.w.org\/{rel}","templated":true}]}}