{"id":497,"date":"2023-01-03T15:37:15","date_gmt":"2023-01-03T13:37:15","guid":{"rendered":"https:\/\/planete-meteo.com\/blog\/?p=497"},"modified":"2023-01-03T15:37:15","modified_gmt":"2023-01-03T13:37:15","slug":"2022-en-chiffres","status":"publish","type":"post","link":"https:\/\/planete-meteo.com\/blog\/2023\/01\/03\/2022-en-chiffres\/","title":{"rendered":"2022 en chiffres"},"content":{"rendered":"\n<p>Nous voil\u00e0 en 2023 c&rsquo;est donc le moment de voir l&rsquo;<strong>ann\u00e9e 2022<\/strong> en chiffres pour <a href=\"https:\/\/planete-meteo.com\/presentation.php\" target=\"_blank\" rel=\"noreferrer noopener\">ma station m\u00e9t\u00e9o<\/a> install\u00e9e au Nord-Est de <strong>Bourg-en-Bresse<\/strong>.<\/p>\n\n\n\n<figure class=\"wp-block-image size-full\"><img loading=\"lazy\" decoding=\"async\" width=\"842\" height=\"381\" src=\"https:\/\/planete-meteo.com\/blog\/wp-content\/uploads\/2023\/01\/image-8.png\" alt=\"\" class=\"wp-image-506\" srcset=\"https:\/\/planete-meteo.com\/blog\/wp-content\/uploads\/2023\/01\/image-8.png 842w, https:\/\/planete-meteo.com\/blog\/wp-content\/uploads\/2023\/01\/image-8-300x136.png 300w, https:\/\/planete-meteo.com\/blog\/wp-content\/uploads\/2023\/01\/image-8-768x348.png 768w\" sizes=\"auto, (max-width: 842px) 100vw, 842px\" \/><\/figure>\n\n\n\n<h2 class=\"wp-block-heading\">Temp\u00e9ratures :<\/h2>\n\n\n\n<p>Dans tout le reste de cet article les comparaisons aux normes font r\u00e9f\u00e9rences aux <strong>normes 1991-2020<\/strong><\/p>\n\n\n\n<figure class=\"wp-block-image size-full\"><img loading=\"lazy\" decoding=\"async\" width=\"905\" height=\"502\" src=\"https:\/\/planete-meteo.com\/blog\/wp-content\/uploads\/2023\/01\/image-1.png\" alt=\"\" class=\"wp-image-499\" srcset=\"https:\/\/planete-meteo.com\/blog\/wp-content\/uploads\/2023\/01\/image-1.png 905w, https:\/\/planete-meteo.com\/blog\/wp-content\/uploads\/2023\/01\/image-1-300x166.png 300w, https:\/\/planete-meteo.com\/blog\/wp-content\/uploads\/2023\/01\/image-1-768x426.png 768w\" sizes=\"auto, (max-width: 905px) 100vw, 905px\" \/><\/figure>\n\n\n\n<p>En 2022 la temp\u00e9rature moyenne a \u00e9t\u00e9 de <strong><mark style=\"background-color:rgba(0, 0, 0, 0)\" class=\"has-inline-color has-medium-pink-color\">13.4\u00b0C<\/mark><\/strong>, pour une norme de <strong>12\u00b0C<\/strong>, elle a donc \u00e9t\u00e9 plus douce de <strong><mark style=\"background-color:rgba(0, 0, 0, 0)\" class=\"has-inline-color has-medium-pink-color\">+1.4\u00b0C<\/mark><\/strong>.<br>Comme de nombreuses stations du d\u00e9partement cette ann\u00e9e 2022 a \u00e9t\u00e9 donc <strong>la plus chaude jamais mesur\u00e9e<\/strong> d\u00e9passant 2020 avec 13.2\u00b0C.<\/p>\n\n\n\n<figure class=\"wp-block-image size-full\"><img loading=\"lazy\" decoding=\"async\" width=\"900\" height=\"503\" src=\"https:\/\/planete-meteo.com\/blog\/wp-content\/uploads\/2023\/01\/image.png\" alt=\"\" class=\"wp-image-498\" srcset=\"https:\/\/planete-meteo.com\/blog\/wp-content\/uploads\/2023\/01\/image.png 900w, https:\/\/planete-meteo.com\/blog\/wp-content\/uploads\/2023\/01\/image-300x168.png 300w, https:\/\/planete-meteo.com\/blog\/wp-content\/uploads\/2023\/01\/image-768x429.png 768w\" sizes=\"auto, (max-width: 900px) 100vw, 900px\" \/><\/figure>\n\n\n\n<p>Seulement <strong>3<\/strong> mois sur les <strong>12<\/strong> ont \u00e9t\u00e9 sous les normes, parfois de tr\u00e8s peu comme le mois de <strong>septembre <\/strong>qui aura \u00e9t\u00e9 seulement de <strong><mark style=\"background-color:rgba(0, 0, 0, 0)\" class=\"has-inline-color has-bright-blue-color\">-0.2\u00b0C<\/mark><\/strong> et <strong>avril <\/strong>de <strong><mark style=\"background-color:rgba(0, 0, 0, 0)\" class=\"has-inline-color has-bright-blue-color\">-0.5\u00b0C<\/mark><\/strong>.<br>Le mois le plus frais aura \u00e9t\u00e9 <strong>janvier <\/strong>avec <strong><mark style=\"background-color:rgba(0, 0, 0, 0)\" class=\"has-inline-color has-bright-blue-color\">-1.8\u00b0C<\/mark><\/strong> sous les normes, au contraire le plus doux et de tr\u00e8s loin, le mois <strong>d&rsquo;octobre <\/strong>record avec <strong><mark style=\"background-color:rgba(0, 0, 0, 0)\" class=\"has-inline-color has-medium-pink-color\">+4.6\u00b0C<\/mark><\/strong> au-dessus des normes.<br>5 mois ont \u00e9t\u00e9 au-dessus des 2\u00b0C\/normes ce qui continue de dire que cette ann\u00e9e 2022 aura journ\u00e9e presque toute l&rsquo;ann\u00e9e dans l&rsquo;exceptionnel.<br>M\u00eame le mois de <strong>d\u00e9cembre <\/strong>qui aura commenc\u00e9 avec 18 jours sous les normes, la douceur exceptionnelle des derniers jours auront fait monter l&rsquo;anomalie \u00e0 <strong>+1.3\u00b0C<\/strong>.<\/p>\n\n\n\n<div class=\"wp-block-media-text alignwide is-stacked-on-mobile\"><figure class=\"wp-block-media-text__media\"><img loading=\"lazy\" decoding=\"async\" width=\"888\" height=\"499\" src=\"https:\/\/planete-meteo.com\/blog\/wp-content\/uploads\/2023\/01\/image-2.png\" alt=\"\" class=\"wp-image-500 size-full\" srcset=\"https:\/\/planete-meteo.com\/blog\/wp-content\/uploads\/2023\/01\/image-2.png 888w, https:\/\/planete-meteo.com\/blog\/wp-content\/uploads\/2023\/01\/image-2-300x169.png 300w, https:\/\/planete-meteo.com\/blog\/wp-content\/uploads\/2023\/01\/image-2-768x432.png 768w\" sizes=\"auto, (max-width: 888px) 100vw, 888px\" \/><\/figure><div class=\"wp-block-media-text__content\">\n<p>En titre de comparaison \u00e0 gauche le m\u00eame graphique mais cette fois-ci avec les anciennes <strong>normes 1981-2010<\/strong>. le bilan est beaucoup plus doux, seul janvier r\u00e9siste \u00e0 la fraicheur avec -1.3\u00b0C sous les normes, mars et septembre repassent dans le positif cr\u00e9ant une s\u00e9rie de <strong>11 mois dans le positif<\/strong>.<\/p>\n<\/div><\/div>\n\n\n\n<figure class=\"wp-block-image size-full\"><img loading=\"lazy\" decoding=\"async\" width=\"882\" height=\"503\" src=\"https:\/\/planete-meteo.com\/blog\/wp-content\/uploads\/2023\/01\/image-3.png\" alt=\"\" class=\"wp-image-501\" srcset=\"https:\/\/planete-meteo.com\/blog\/wp-content\/uploads\/2023\/01\/image-3.png 882w, https:\/\/planete-meteo.com\/blog\/wp-content\/uploads\/2023\/01\/image-3-300x171.png 300w, https:\/\/planete-meteo.com\/blog\/wp-content\/uploads\/2023\/01\/image-3-768x438.png 768w\" sizes=\"auto, (max-width: 882px) 100vw, 882px\" \/><\/figure>\n\n\n\n<p>En cette fin d&rsquo;ann\u00e9e j&rsquo;ai ajout\u00e9 la colorisation d&rsquo;un graphique d\u00e9j\u00e0 existant sur le site pour permettre de mettre plus en valeur les coups de chaud\/coup de froid durant cette ann\u00e9e 2022.<br>Les coups de froid ont \u00e9t\u00e9 minimes, on a la p\u00e9riode en janvier, une autre avec les gels d&rsquo;avril, de la fraicheur fin septembre et le coup de frais d\u00e9but d\u00e9cembre. Pour tout le reste ce sont des coups de chaud, voire canicules.<\/p>\n\n\n\n<p>R\u00e9cap en quelques chiffres : <br><strong>&#8211; Temp\u00e9rature moyenne :<\/strong> <strong>13.4\u00b0C<\/strong><br><strong>&#8211; Mois le plus chaud :<\/strong> Aout avec <strong><mark style=\"background-color:rgba(0, 0, 0, 0)\" class=\"has-inline-color has-medium-pink-color\">22.9\u00b0C<\/mark><\/strong><br><strong>&#8211; Mois le plus froid :<\/strong> Janvier avec <strong><mark style=\"background-color:rgba(0, 0, 0, 0)\" class=\"has-inline-color has-bright-blue-color\">1.3\u00b0C<\/mark><\/strong><br><strong>&#8211; Temp\u00e9rature la plus chaude :<\/strong> <strong><mark style=\"background-color:rgba(0, 0, 0, 0)\" class=\"has-inline-color has-medium-pink-color\">38.9\u00b0C<\/mark><\/strong> le 4 aout<br><strong>&#8211; Temp\u00e9rature la plus froide :<\/strong> <strong><mark style=\"background-color:rgba(0, 0, 0, 0)\" class=\"has-inline-color has-bright-blue-color\">-6.4\u00b0C<\/mark><\/strong> le 14 janvier<br><strong>&#8211; Jour le plus chaud :<\/strong> 4 ao\u00fbt avec <strong><mark style=\"background-color:rgba(0, 0, 0, 0)\" class=\"has-inline-color has-medium-pink-color\">30.8\u00b0C<\/mark><\/strong> de T moyenne<br><strong>&#8211; Jour le plus froid :<\/strong> 14 janvier avec <strong><mark style=\"background-color:rgba(0, 0, 0, 0)\" class=\"has-inline-color has-bright-blue-color\">-3.5 \u00b0C<\/mark><\/strong> de T moyenne<br>&#8211;<strong> Jour anormalement le + chaud :<\/strong> 28 octobre avec <mark style=\"background-color:rgba(0, 0, 0, 0)\" class=\"has-inline-color has-medium-pink-color\"><strong>+11.3\u00b0C<\/strong><\/mark> au dessus des normes<br><strong>&#8211; Jour anormalement le + froid :<\/strong> 2 avril avec <strong><mark style=\"background-color:rgba(0, 0, 0, 0)\" class=\"has-inline-color has-bright-blue-color\">-8.5\u00b0C<\/mark><\/strong> sous les normes<\/p>\n\n\n\n<h2 class=\"wp-block-heading\">Pr\u00e9cipitations :<\/h2>\n\n\n\n<figure class=\"wp-block-image size-full\"><img loading=\"lazy\" decoding=\"async\" width=\"895\" height=\"503\" src=\"https:\/\/planete-meteo.com\/blog\/wp-content\/uploads\/2023\/01\/image-4.png\" alt=\"\" class=\"wp-image-502\" srcset=\"https:\/\/planete-meteo.com\/blog\/wp-content\/uploads\/2023\/01\/image-4.png 895w, https:\/\/planete-meteo.com\/blog\/wp-content\/uploads\/2023\/01\/image-4-300x169.png 300w, https:\/\/planete-meteo.com\/blog\/wp-content\/uploads\/2023\/01\/image-4-768x432.png 768w\" sizes=\"auto, (max-width: 895px) 100vw, 895px\" \/><\/figure>\n\n\n\n<p>Le cumul total de l&rsquo;ann\u00e9e 2022 a \u00e9t\u00e9 de <strong>780.2 mm<\/strong> une ann\u00e9e rythm\u00e9e par les s\u00e9cheresses alors que les normes sont proches des <strong>1050 mm \/ annuel<\/strong>.<br>Les mois les plus sec ont \u00e9t\u00e9 respectivement <strong>mai <\/strong>avec <strong><mark style=\"background-color:rgba(0, 0, 0, 0)\" class=\"has-inline-color has-yellow-color\">12.6 mm<\/mark><\/strong> <strong>juillet <\/strong>avec <strong><mark style=\"background-color:rgba(0, 0, 0, 0)\" class=\"has-inline-color has-yellow-color\">16.2 mm<\/mark><\/strong> et <strong>octobre <\/strong>avec <mark style=\"background-color:rgba(0, 0, 0, 0)\" class=\"has-inline-color has-yellow-color\"><strong>26.2 mm<\/strong><\/mark>.<br>Les plus humides sont respectivement <strong>novembre <\/strong>avec <strong><mark style=\"background-color:rgba(0, 0, 0, 0)\" class=\"has-inline-color has-bright-blue-color\">118.2 mm<\/mark><\/strong>, <strong>juin <\/strong>avec <strong><mark style=\"background-color:rgba(0, 0, 0, 0)\" class=\"has-inline-color has-bright-blue-color\">113.6 mm<\/mark><\/strong> et s<strong>eptembre <\/strong>avec <strong><mark style=\"background-color:rgba(0, 0, 0, 0)\" class=\"has-inline-color has-bright-blue-color\">109 mm<\/mark><\/strong>.<\/p>\n\n\n\n<p>R\u00e9cap en quelques chiffres :<br><strong>&#8211; Cumul annuel :<\/strong> <strong>780.2 mm<\/strong><br><strong>&#8211; Mois le plus pluvieux :<\/strong> Novembre avec <strong><mark style=\"background-color:rgba(0, 0, 0, 0)\" class=\"has-inline-color has-bright-blue-color\">118.2 mm<\/mark><\/strong><br><strong>&#8211; Mois le moins pluvieux :<\/strong> Mai avec <strong><mark style=\"background-color:rgba(0, 0, 0, 0)\" class=\"has-inline-color has-yellow-color\">12.6 mm<\/mark><\/strong><br><strong>&#8211; Jour le plus pluvieux :<\/strong> 19 aout avec <strong><mark style=\"background-color:rgba(0, 0, 0, 0)\" class=\"has-inline-color has-bright-blue-color\">34 mm<\/mark><\/strong><\/p>\n\n\n\n<h2 class=\"wp-block-heading\">Vent :<\/h2>\n\n\n\n<figure class=\"wp-block-image size-full\"><img loading=\"lazy\" decoding=\"async\" width=\"895\" height=\"504\" src=\"https:\/\/planete-meteo.com\/blog\/wp-content\/uploads\/2023\/01\/image-5.png\" alt=\"\" class=\"wp-image-503\" srcset=\"https:\/\/planete-meteo.com\/blog\/wp-content\/uploads\/2023\/01\/image-5.png 895w, https:\/\/planete-meteo.com\/blog\/wp-content\/uploads\/2023\/01\/image-5-300x169.png 300w, https:\/\/planete-meteo.com\/blog\/wp-content\/uploads\/2023\/01\/image-5-768x432.png 768w\" sizes=\"auto, (max-width: 895px) 100vw, 895px\" \/><\/figure>\n\n\n\n<p>Comme \u00e0 son habitude dans le d\u00e9partement les vents dominants restent entre le vent de <strong>Nord-Nord Ouest et Sud Sud Est.<\/strong><br>Sur l&rsquo;ann\u00e9e enti\u00e8re les vents ont \u00e9t\u00e9 en moyenne de <strong>6.9 km\/h<\/strong> c&rsquo;est l\u00e9g\u00e8rement plus que <strong>2021 <\/strong>avec <strong>6.6 km\/h<\/strong> mais moins que <strong>2020 <\/strong>avec <strong>7.1 km\/h<\/strong><br>La rafale la plus forte a \u00e9t\u00e9 mesur\u00e9e 2 fois avec <strong>66 km\/h<\/strong> le 8 avril et le 20 mai.<\/p>\n\n\n\n<div class=\"wp-block-media-text alignwide is-stacked-on-mobile\"><figure class=\"wp-block-media-text__media\"><img loading=\"lazy\" decoding=\"async\" width=\"436\" height=\"454\" src=\"https:\/\/planete-meteo.com\/blog\/wp-content\/uploads\/2023\/01\/image-7.png\" alt=\"\" class=\"wp-image-505 size-full\" srcset=\"https:\/\/planete-meteo.com\/blog\/wp-content\/uploads\/2023\/01\/image-7.png 436w, https:\/\/planete-meteo.com\/blog\/wp-content\/uploads\/2023\/01\/image-7-288x300.png 288w\" sizes=\"auto, (max-width: 436px) 100vw, 436px\" \/><\/figure><div class=\"wp-block-media-text__content\">\n<p>Le mois de <strong>mai <\/strong>sera le + vent\u00e9e avec une moyenne de <strong>8 km\/h<\/strong> et un vent de <strong>nord <\/strong>dominant.<\/p>\n<\/div><\/div>\n\n\n\n<p><br>R\u00e9cap en quelques chiffres :<br><strong>&#8211; Moyenne annuelle :<\/strong> <strong>6.9 km\/h<\/strong><br><strong>&#8211; Mois le plus venteux :<\/strong> Mai avec <strong>8 km\/h<\/strong><br><strong>&#8211; Mois le moins venteux :<\/strong> Ao\u00fbt avec <strong>5.5 km\/h<\/strong> <br><strong>&#8211; Rafale la plus forte :<\/strong> <strong>66 km\/h<\/strong> le 8 avril et 20 mai<\/p>\n","protected":false},"excerpt":{"rendered":"<p>Nous voil\u00e0 en 2023 c&rsquo;est donc le moment de voir l&rsquo;ann\u00e9e 2022 en chiffres pour ma station m\u00e9t\u00e9o install\u00e9e au Nord-Est de Bourg-en-Bresse. Temp\u00e9ratures : Dans tout le reste de cet article les comparaisons aux normes font r\u00e9f\u00e9rences aux normes 1991-2020 En 2022 la temp\u00e9rature moyenne a \u00e9t\u00e9 de 13.4\u00b0C, pour une norme de 12\u00b0C, &hellip; <a href=\"https:\/\/planete-meteo.com\/blog\/2023\/01\/03\/2022-en-chiffres\/\" class=\"more-link\">Continuer la lecture de <span class=\"screen-reader-text\">2022 en chiffres<\/span><\/a><\/p>\n","protected":false},"author":1,"featured_media":0,"comment_status":"open","ping_status":"open","sticky":false,"template":"","format":"standard","meta":{"footnotes":""},"categories":[7,11],"tags":[],"class_list":["post-497","post","type-post","status-publish","format-standard","hentry","category-climatologie","category-observation"],"yoast_head":"<!-- This site is optimized with the Yoast SEO plugin v22.8 - https:\/\/yoast.com\/wordpress\/plugins\/seo\/ -->\n<title>2022 en chiffres - Plan\u00e8te M\u00e9t\u00e9o Blog<\/title>\n<meta name=\"robots\" content=\"index, follow, max-snippet:-1, max-image-preview:large, max-video-preview:-1\" \/>\n<link rel=\"canonical\" href=\"https:\/\/planete-meteo.com\/blog\/2023\/01\/03\/2022-en-chiffres\/\" \/>\n<meta property=\"og:locale\" content=\"fr_FR\" \/>\n<meta property=\"og:type\" content=\"article\" \/>\n<meta property=\"og:title\" content=\"2022 en chiffres - Plan\u00e8te M\u00e9t\u00e9o Blog\" \/>\n<meta property=\"og:description\" content=\"Nous voil\u00e0 en 2023 c&rsquo;est donc le moment de voir l&rsquo;ann\u00e9e 2022 en chiffres pour ma station m\u00e9t\u00e9o install\u00e9e au Nord-Est de Bourg-en-Bresse. Temp\u00e9ratures : Dans tout le reste de cet article les comparaisons aux normes font r\u00e9f\u00e9rences aux normes 1991-2020 En 2022 la temp\u00e9rature moyenne a \u00e9t\u00e9 de 13.4\u00b0C, pour une norme de 12\u00b0C, &hellip; Continuer la lecture de 2022 en chiffres\" \/>\n<meta property=\"og:url\" content=\"https:\/\/planete-meteo.com\/blog\/2023\/01\/03\/2022-en-chiffres\/\" \/>\n<meta property=\"og:site_name\" content=\"Plan\u00e8te M\u00e9t\u00e9o Blog\" \/>\n<meta property=\"article:published_time\" content=\"2023-01-03T13:37:15+00:00\" \/>\n<meta property=\"og:image\" content=\"https:\/\/planete-meteo.com\/blog\/wp-content\/uploads\/2023\/01\/image-8.png\" \/>\n<meta name=\"author\" content=\"Benji\" \/>\n<meta name=\"twitter:card\" content=\"summary_large_image\" \/>\n<meta name=\"twitter:label1\" content=\"\u00c9crit par\" \/>\n\t<meta name=\"twitter:data1\" content=\"Benji\" \/>\n\t<meta name=\"twitter:label2\" content=\"Dur\u00e9e de lecture estim\u00e9e\" \/>\n\t<meta name=\"twitter:data2\" content=\"5 minutes\" \/>\n<script type=\"application\/ld+json\" class=\"yoast-schema-graph\">{\"@context\":\"https:\/\/schema.org\",\"@graph\":[{\"@type\":\"Article\",\"@id\":\"https:\/\/planete-meteo.com\/blog\/2023\/01\/03\/2022-en-chiffres\/#article\",\"isPartOf\":{\"@id\":\"https:\/\/planete-meteo.com\/blog\/2023\/01\/03\/2022-en-chiffres\/\"},\"author\":{\"name\":\"Benji\",\"@id\":\"https:\/\/planete-meteo.com\/blog\/#\/schema\/person\/9f8b4184457873e167f52653d6a2b9c4\"},\"headline\":\"2022 en chiffres\",\"datePublished\":\"2023-01-03T13:37:15+00:00\",\"dateModified\":\"2023-01-03T13:37:15+00:00\",\"mainEntityOfPage\":{\"@id\":\"https:\/\/planete-meteo.com\/blog\/2023\/01\/03\/2022-en-chiffres\/\"},\"wordCount\":657,\"commentCount\":0,\"publisher\":{\"@id\":\"https:\/\/planete-meteo.com\/blog\/#organization\"},\"image\":{\"@id\":\"https:\/\/planete-meteo.com\/blog\/2023\/01\/03\/2022-en-chiffres\/#primaryimage\"},\"thumbnailUrl\":\"https:\/\/planete-meteo.com\/blog\/wp-content\/uploads\/2023\/01\/image-8.png\",\"articleSection\":[\"Climatologie\",\"Observation\"],\"inLanguage\":\"fr-FR\",\"potentialAction\":[{\"@type\":\"CommentAction\",\"name\":\"Comment\",\"target\":[\"https:\/\/planete-meteo.com\/blog\/2023\/01\/03\/2022-en-chiffres\/#respond\"]}]},{\"@type\":\"WebPage\",\"@id\":\"https:\/\/planete-meteo.com\/blog\/2023\/01\/03\/2022-en-chiffres\/\",\"url\":\"https:\/\/planete-meteo.com\/blog\/2023\/01\/03\/2022-en-chiffres\/\",\"name\":\"2022 en chiffres - Plan\u00e8te M\u00e9t\u00e9o Blog\",\"isPartOf\":{\"@id\":\"https:\/\/planete-meteo.com\/blog\/#website\"},\"primaryImageOfPage\":{\"@id\":\"https:\/\/planete-meteo.com\/blog\/2023\/01\/03\/2022-en-chiffres\/#primaryimage\"},\"image\":{\"@id\":\"https:\/\/planete-meteo.com\/blog\/2023\/01\/03\/2022-en-chiffres\/#primaryimage\"},\"thumbnailUrl\":\"https:\/\/planete-meteo.com\/blog\/wp-content\/uploads\/2023\/01\/image-8.png\",\"datePublished\":\"2023-01-03T13:37:15+00:00\",\"dateModified\":\"2023-01-03T13:37:15+00:00\",\"breadcrumb\":{\"@id\":\"https:\/\/planete-meteo.com\/blog\/2023\/01\/03\/2022-en-chiffres\/#breadcrumb\"},\"inLanguage\":\"fr-FR\",\"potentialAction\":[{\"@type\":\"ReadAction\",\"target\":[\"https:\/\/planete-meteo.com\/blog\/2023\/01\/03\/2022-en-chiffres\/\"]}]},{\"@type\":\"ImageObject\",\"inLanguage\":\"fr-FR\",\"@id\":\"https:\/\/planete-meteo.com\/blog\/2023\/01\/03\/2022-en-chiffres\/#primaryimage\",\"url\":\"https:\/\/planete-meteo.com\/blog\/wp-content\/uploads\/2023\/01\/image-8.png\",\"contentUrl\":\"https:\/\/planete-meteo.com\/blog\/wp-content\/uploads\/2023\/01\/image-8.png\",\"width\":842,\"height\":381},{\"@type\":\"BreadcrumbList\",\"@id\":\"https:\/\/planete-meteo.com\/blog\/2023\/01\/03\/2022-en-chiffres\/#breadcrumb\",\"itemListElement\":[{\"@type\":\"ListItem\",\"position\":1,\"name\":\"Accueil\",\"item\":\"https:\/\/planete-meteo.com\/blog\/\"},{\"@type\":\"ListItem\",\"position\":2,\"name\":\"2022 en chiffres\"}]},{\"@type\":\"WebSite\",\"@id\":\"https:\/\/planete-meteo.com\/blog\/#website\",\"url\":\"https:\/\/planete-meteo.com\/blog\/\",\"name\":\"Plan\u00e8te M\u00e9t\u00e9o Blog\",\"description\":\"Fil d&#039;actualit\u00e9 m\u00e9t\u00e9o, pr\u00e9visions, observations pour l&#039;Ain\",\"publisher\":{\"@id\":\"https:\/\/planete-meteo.com\/blog\/#organization\"},\"potentialAction\":[{\"@type\":\"SearchAction\",\"target\":{\"@type\":\"EntryPoint\",\"urlTemplate\":\"https:\/\/planete-meteo.com\/blog\/?s={search_term_string}\"},\"query-input\":\"required name=search_term_string\"}],\"inLanguage\":\"fr-FR\"},{\"@type\":\"Organization\",\"@id\":\"https:\/\/planete-meteo.com\/blog\/#organization\",\"name\":\"Plan\u00e8te M\u00e9t\u00e9o Blog\",\"url\":\"https:\/\/planete-meteo.com\/blog\/\",\"logo\":{\"@type\":\"ImageObject\",\"inLanguage\":\"fr-FR\",\"@id\":\"https:\/\/planete-meteo.com\/blog\/#\/schema\/logo\/image\/\",\"url\":\"https:\/\/planete-meteo.com\/blog\/wp-content\/uploads\/2021\/05\/cropped-cropped-logoPlanete-meteo_rond_500.png\",\"contentUrl\":\"https:\/\/planete-meteo.com\/blog\/wp-content\/uploads\/2021\/05\/cropped-cropped-logoPlanete-meteo_rond_500.png\",\"width\":248,\"height\":248,\"caption\":\"Plan\u00e8te M\u00e9t\u00e9o Blog\"},\"image\":{\"@id\":\"https:\/\/planete-meteo.com\/blog\/#\/schema\/logo\/image\/\"}},{\"@type\":\"Person\",\"@id\":\"https:\/\/planete-meteo.com\/blog\/#\/schema\/person\/9f8b4184457873e167f52653d6a2b9c4\",\"name\":\"Benji\",\"image\":{\"@type\":\"ImageObject\",\"inLanguage\":\"fr-FR\",\"@id\":\"https:\/\/planete-meteo.com\/blog\/#\/schema\/person\/image\/\",\"url\":\"https:\/\/secure.gravatar.com\/avatar\/57bb786c89649ee5e336c8f53eff444c49ed4a158048c7edf8895080b80d27a1?s=96&d=retro&r=g\",\"contentUrl\":\"https:\/\/secure.gravatar.com\/avatar\/57bb786c89649ee5e336c8f53eff444c49ed4a158048c7edf8895080b80d27a1?s=96&d=retro&r=g\",\"caption\":\"Benji\"},\"sameAs\":[\"http:\/\/planete-meteo.com\/blog\"],\"url\":\"https:\/\/planete-meteo.com\/blog\/author\/benji\/\"}]}<\/script>\n<!-- \/ Yoast SEO plugin. -->","yoast_head_json":{"title":"2022 en chiffres - Plan\u00e8te M\u00e9t\u00e9o Blog","robots":{"index":"index","follow":"follow","max-snippet":"max-snippet:-1","max-image-preview":"max-image-preview:large","max-video-preview":"max-video-preview:-1"},"canonical":"https:\/\/planete-meteo.com\/blog\/2023\/01\/03\/2022-en-chiffres\/","og_locale":"fr_FR","og_type":"article","og_title":"2022 en chiffres - Plan\u00e8te M\u00e9t\u00e9o Blog","og_description":"Nous voil\u00e0 en 2023 c&rsquo;est donc le moment de voir l&rsquo;ann\u00e9e 2022 en chiffres pour ma station m\u00e9t\u00e9o install\u00e9e au Nord-Est de Bourg-en-Bresse. Temp\u00e9ratures : Dans tout le reste de cet article les comparaisons aux normes font r\u00e9f\u00e9rences aux normes 1991-2020 En 2022 la temp\u00e9rature moyenne a \u00e9t\u00e9 de 13.4\u00b0C, pour une norme de 12\u00b0C, &hellip; Continuer la lecture de 2022 en chiffres","og_url":"https:\/\/planete-meteo.com\/blog\/2023\/01\/03\/2022-en-chiffres\/","og_site_name":"Plan\u00e8te M\u00e9t\u00e9o Blog","article_published_time":"2023-01-03T13:37:15+00:00","og_image":[{"url":"https:\/\/planete-meteo.com\/blog\/wp-content\/uploads\/2023\/01\/image-8.png"}],"author":"Benji","twitter_card":"summary_large_image","twitter_misc":{"\u00c9crit par":"Benji","Dur\u00e9e de lecture estim\u00e9e":"5 minutes"},"schema":{"@context":"https:\/\/schema.org","@graph":[{"@type":"Article","@id":"https:\/\/planete-meteo.com\/blog\/2023\/01\/03\/2022-en-chiffres\/#article","isPartOf":{"@id":"https:\/\/planete-meteo.com\/blog\/2023\/01\/03\/2022-en-chiffres\/"},"author":{"name":"Benji","@id":"https:\/\/planete-meteo.com\/blog\/#\/schema\/person\/9f8b4184457873e167f52653d6a2b9c4"},"headline":"2022 en chiffres","datePublished":"2023-01-03T13:37:15+00:00","dateModified":"2023-01-03T13:37:15+00:00","mainEntityOfPage":{"@id":"https:\/\/planete-meteo.com\/blog\/2023\/01\/03\/2022-en-chiffres\/"},"wordCount":657,"commentCount":0,"publisher":{"@id":"https:\/\/planete-meteo.com\/blog\/#organization"},"image":{"@id":"https:\/\/planete-meteo.com\/blog\/2023\/01\/03\/2022-en-chiffres\/#primaryimage"},"thumbnailUrl":"https:\/\/planete-meteo.com\/blog\/wp-content\/uploads\/2023\/01\/image-8.png","articleSection":["Climatologie","Observation"],"inLanguage":"fr-FR","potentialAction":[{"@type":"CommentAction","name":"Comment","target":["https:\/\/planete-meteo.com\/blog\/2023\/01\/03\/2022-en-chiffres\/#respond"]}]},{"@type":"WebPage","@id":"https:\/\/planete-meteo.com\/blog\/2023\/01\/03\/2022-en-chiffres\/","url":"https:\/\/planete-meteo.com\/blog\/2023\/01\/03\/2022-en-chiffres\/","name":"2022 en chiffres - Plan\u00e8te M\u00e9t\u00e9o Blog","isPartOf":{"@id":"https:\/\/planete-meteo.com\/blog\/#website"},"primaryImageOfPage":{"@id":"https:\/\/planete-meteo.com\/blog\/2023\/01\/03\/2022-en-chiffres\/#primaryimage"},"image":{"@id":"https:\/\/planete-meteo.com\/blog\/2023\/01\/03\/2022-en-chiffres\/#primaryimage"},"thumbnailUrl":"https:\/\/planete-meteo.com\/blog\/wp-content\/uploads\/2023\/01\/image-8.png","datePublished":"2023-01-03T13:37:15+00:00","dateModified":"2023-01-03T13:37:15+00:00","breadcrumb":{"@id":"https:\/\/planete-meteo.com\/blog\/2023\/01\/03\/2022-en-chiffres\/#breadcrumb"},"inLanguage":"fr-FR","potentialAction":[{"@type":"ReadAction","target":["https:\/\/planete-meteo.com\/blog\/2023\/01\/03\/2022-en-chiffres\/"]}]},{"@type":"ImageObject","inLanguage":"fr-FR","@id":"https:\/\/planete-meteo.com\/blog\/2023\/01\/03\/2022-en-chiffres\/#primaryimage","url":"https:\/\/planete-meteo.com\/blog\/wp-content\/uploads\/2023\/01\/image-8.png","contentUrl":"https:\/\/planete-meteo.com\/blog\/wp-content\/uploads\/2023\/01\/image-8.png","width":842,"height":381},{"@type":"BreadcrumbList","@id":"https:\/\/planete-meteo.com\/blog\/2023\/01\/03\/2022-en-chiffres\/#breadcrumb","itemListElement":[{"@type":"ListItem","position":1,"name":"Accueil","item":"https:\/\/planete-meteo.com\/blog\/"},{"@type":"ListItem","position":2,"name":"2022 en chiffres"}]},{"@type":"WebSite","@id":"https:\/\/planete-meteo.com\/blog\/#website","url":"https:\/\/planete-meteo.com\/blog\/","name":"Plan\u00e8te M\u00e9t\u00e9o Blog","description":"Fil d&#039;actualit\u00e9 m\u00e9t\u00e9o, pr\u00e9visions, observations pour l&#039;Ain","publisher":{"@id":"https:\/\/planete-meteo.com\/blog\/#organization"},"potentialAction":[{"@type":"SearchAction","target":{"@type":"EntryPoint","urlTemplate":"https:\/\/planete-meteo.com\/blog\/?s={search_term_string}"},"query-input":"required name=search_term_string"}],"inLanguage":"fr-FR"},{"@type":"Organization","@id":"https:\/\/planete-meteo.com\/blog\/#organization","name":"Plan\u00e8te M\u00e9t\u00e9o Blog","url":"https:\/\/planete-meteo.com\/blog\/","logo":{"@type":"ImageObject","inLanguage":"fr-FR","@id":"https:\/\/planete-meteo.com\/blog\/#\/schema\/logo\/image\/","url":"https:\/\/planete-meteo.com\/blog\/wp-content\/uploads\/2021\/05\/cropped-cropped-logoPlanete-meteo_rond_500.png","contentUrl":"https:\/\/planete-meteo.com\/blog\/wp-content\/uploads\/2021\/05\/cropped-cropped-logoPlanete-meteo_rond_500.png","width":248,"height":248,"caption":"Plan\u00e8te M\u00e9t\u00e9o Blog"},"image":{"@id":"https:\/\/planete-meteo.com\/blog\/#\/schema\/logo\/image\/"}},{"@type":"Person","@id":"https:\/\/planete-meteo.com\/blog\/#\/schema\/person\/9f8b4184457873e167f52653d6a2b9c4","name":"Benji","image":{"@type":"ImageObject","inLanguage":"fr-FR","@id":"https:\/\/planete-meteo.com\/blog\/#\/schema\/person\/image\/","url":"https:\/\/secure.gravatar.com\/avatar\/57bb786c89649ee5e336c8f53eff444c49ed4a158048c7edf8895080b80d27a1?s=96&d=retro&r=g","contentUrl":"https:\/\/secure.gravatar.com\/avatar\/57bb786c89649ee5e336c8f53eff444c49ed4a158048c7edf8895080b80d27a1?s=96&d=retro&r=g","caption":"Benji"},"sameAs":["http:\/\/planete-meteo.com\/blog"],"url":"https:\/\/planete-meteo.com\/blog\/author\/benji\/"}]}},"_links":{"self":[{"href":"https:\/\/planete-meteo.com\/blog\/wp-json\/wp\/v2\/posts\/497","targetHints":{"allow":["GET"]}}],"collection":[{"href":"https:\/\/planete-meteo.com\/blog\/wp-json\/wp\/v2\/posts"}],"about":[{"href":"https:\/\/planete-meteo.com\/blog\/wp-json\/wp\/v2\/types\/post"}],"author":[{"embeddable":true,"href":"https:\/\/planete-meteo.com\/blog\/wp-json\/wp\/v2\/users\/1"}],"replies":[{"embeddable":true,"href":"https:\/\/planete-meteo.com\/blog\/wp-json\/wp\/v2\/comments?post=497"}],"version-history":[{"count":4,"href":"https:\/\/planete-meteo.com\/blog\/wp-json\/wp\/v2\/posts\/497\/revisions"}],"predecessor-version":[{"id":511,"href":"https:\/\/planete-meteo.com\/blog\/wp-json\/wp\/v2\/posts\/497\/revisions\/511"}],"wp:attachment":[{"href":"https:\/\/planete-meteo.com\/blog\/wp-json\/wp\/v2\/media?parent=497"}],"wp:term":[{"taxonomy":"category","embeddable":true,"href":"https:\/\/planete-meteo.com\/blog\/wp-json\/wp\/v2\/categories?post=497"},{"taxonomy":"post_tag","embeddable":true,"href":"https:\/\/planete-meteo.com\/blog\/wp-json\/wp\/v2\/tags?post=497"}],"curies":[{"name":"wp","href":"https:\/\/api.w.org\/{rel}","templated":true}]}}