{"id":67,"date":"2021-05-25T20:29:25","date_gmt":"2021-05-25T18:29:25","guid":{"rendered":"https:\/\/planete-meteo.com\/blog\/?p=67"},"modified":"2021-05-25T20:29:26","modified_gmt":"2021-05-25T18:29:26","slug":"retour-des-beaux-jours-en-cette-fin-mai","status":"publish","type":"post","link":"https:\/\/planete-meteo.com\/blog\/2021\/05\/25\/retour-des-beaux-jours-en-cette-fin-mai\/","title":{"rendered":"Retour des beaux jours en cette fin mai"},"content":{"rendered":"\n<p>Ca y est, le moment est venu de vous annoncer le retour aux temp\u00e9ratures normales pour ces prochains jours ainsi que de commencer \u00e0 mettre au repos le parapluie.<\/p>\n\n\n\n<p>Alors que la neige \u00e9tait encore visible pas plus tard que ce matin d\u00e8s 1200 m sur les reliefs, les temp\u00e9ratures vont prendre en couleur tout du long de cette fin de semaine et d\u00e9but de semaine prochaine. Le ciel ne sera pas encore bleu azur du jour au lendemain, quelques nuages parfois nombreux seront encore pr\u00e9sent, mais au niveau des pr\u00e9cipitations la fin des grosses perturbations et des nombreuses averses semble acquises. Quelques averses pourront encore \u00eatre aper\u00e7u comme jeudi apr\u00e8s-midi dans le Pays de Gex et samedi soir pour le d\u00e9partement de l&rsquo;Ain mais celles ci resterons assez localis\u00e9s.<\/p>\n\n\n\n<figure class=\"wp-block-image size-large is-resized\"><img loading=\"lazy\" decoding=\"async\" src=\"https:\/\/planete-meteo.com\/blog\/wp-content\/uploads\/2021\/05\/4Nv0gzh.png\" alt=\"\" class=\"wp-image-68\" width=\"690\" height=\"337\" srcset=\"https:\/\/planete-meteo.com\/blog\/wp-content\/uploads\/2021\/05\/4Nv0gzh.png 842w, https:\/\/planete-meteo.com\/blog\/wp-content\/uploads\/2021\/05\/4Nv0gzh-300x147.png 300w, https:\/\/planete-meteo.com\/blog\/wp-content\/uploads\/2021\/05\/4Nv0gzh-768x376.png 768w\" sizes=\"auto, (max-width: 690px) 100vw, 690px\" \/><figcaption>Temp\u00e9ratures \u00e0 850 hPa<\/figcaption><\/figure>\n\n\n\n<p>Sur ce graphique on remarque bien la mont\u00e9e en temp\u00e9rature partant de 0\u00b0C vers 1500m d&rsquo;altitude \u00e0 pr\u00e8s de 10\u00b0C en quelques jours se rapprochant donc des normales. En plaine, les temp\u00e9ratures vont graduellement augmenter 17.2\u00b0C aujourd&rsquo;hui \u00e0 <a href=\"https:\/\/planete-meteo.com\/observations.php\" data-type=\"URL\" data-id=\"https:\/\/planete-meteo.com\/observations.php\" target=\"_blank\" rel=\"noreferrer noopener\">Bourg en Bresse<\/a>, 18\u00b0C demain, 19\u00b0C jeudi, 21\u00b0C vendredi, 20\u00b0C samedi, 22\u00b0C dimanche.<\/p>\n\n\n\n<p>On remarque aussi sur ce graphique que cette retour aux normes ne semble pas encore totalement acquise pour la suite en d\u00e9but juin, l&rsquo;\u00e9cart-type des pr\u00e9visions est de plus en plus grande montrant une certaine ind\u00e9cidabilit\u00e9 \u00e0 l&rsquo;heure actuelle, il persiste encore une probabilit\u00e9 non n\u00e9gligeable de retrouver un temps perturb\u00e9 et frais. \u00e0 suivre&#8230;<\/p>\n\n\n\n<p><\/p>\n\n\n\n<p>Bonne soir\u00e9e.<\/p>\n","protected":false},"excerpt":{"rendered":"<p>Ca y est, le moment est venu de vous annoncer le retour aux temp\u00e9ratures normales pour ces prochains jours ainsi que de commencer \u00e0 mettre au repos le parapluie. Alors que la neige \u00e9tait encore visible pas plus tard que ce matin d\u00e8s 1200 m sur les reliefs, les temp\u00e9ratures vont prendre en couleur tout &hellip; <a href=\"https:\/\/planete-meteo.com\/blog\/2021\/05\/25\/retour-des-beaux-jours-en-cette-fin-mai\/\" class=\"more-link\">Continuer la lecture de <span class=\"screen-reader-text\">Retour des beaux jours en cette fin mai<\/span><\/a><\/p>\n","protected":false},"author":1,"featured_media":0,"comment_status":"open","ping_status":"open","sticky":false,"template":"","format":"standard","meta":{"footnotes":""},"categories":[1],"tags":[],"class_list":["post-67","post","type-post","status-publish","format-standard","hentry","category-uncategorized"],"yoast_head":"<!-- This site is optimized with the Yoast SEO plugin v22.8 - https:\/\/yoast.com\/wordpress\/plugins\/seo\/ -->\n<title>Retour des beaux jours en cette fin mai - Plan\u00e8te M\u00e9t\u00e9o Blog<\/title>\n<meta name=\"robots\" content=\"index, follow, max-snippet:-1, max-image-preview:large, max-video-preview:-1\" \/>\n<link rel=\"canonical\" href=\"https:\/\/planete-meteo.com\/blog\/2021\/05\/25\/retour-des-beaux-jours-en-cette-fin-mai\/\" \/>\n<meta property=\"og:locale\" content=\"fr_FR\" \/>\n<meta property=\"og:type\" content=\"article\" \/>\n<meta property=\"og:title\" content=\"Retour des beaux jours en cette fin mai - Plan\u00e8te M\u00e9t\u00e9o Blog\" \/>\n<meta property=\"og:description\" content=\"Ca y est, le moment est venu de vous annoncer le retour aux temp\u00e9ratures normales pour ces prochains jours ainsi que de commencer \u00e0 mettre au repos le parapluie. Alors que la neige \u00e9tait encore visible pas plus tard que ce matin d\u00e8s 1200 m sur les reliefs, les temp\u00e9ratures vont prendre en couleur tout &hellip; Continuer la lecture de Retour des beaux jours en cette fin mai\" \/>\n<meta property=\"og:url\" content=\"https:\/\/planete-meteo.com\/blog\/2021\/05\/25\/retour-des-beaux-jours-en-cette-fin-mai\/\" \/>\n<meta property=\"og:site_name\" content=\"Plan\u00e8te M\u00e9t\u00e9o Blog\" \/>\n<meta property=\"article:published_time\" content=\"2021-05-25T18:29:25+00:00\" \/>\n<meta property=\"article:modified_time\" content=\"2021-05-25T18:29:26+00:00\" \/>\n<meta property=\"og:image\" content=\"https:\/\/planete-meteo.com\/blog\/wp-content\/uploads\/2021\/05\/4Nv0gzh.png\" \/>\n<meta name=\"author\" content=\"Benji\" \/>\n<meta name=\"twitter:card\" content=\"summary_large_image\" \/>\n<meta name=\"twitter:label1\" content=\"\u00c9crit par\" \/>\n\t<meta name=\"twitter:data1\" content=\"Benji\" \/>\n\t<meta name=\"twitter:label2\" content=\"Dur\u00e9e de lecture estim\u00e9e\" \/>\n\t<meta name=\"twitter:data2\" content=\"1 minute\" \/>\n<script type=\"application\/ld+json\" class=\"yoast-schema-graph\">{\"@context\":\"https:\/\/schema.org\",\"@graph\":[{\"@type\":\"Article\",\"@id\":\"https:\/\/planete-meteo.com\/blog\/2021\/05\/25\/retour-des-beaux-jours-en-cette-fin-mai\/#article\",\"isPartOf\":{\"@id\":\"https:\/\/planete-meteo.com\/blog\/2021\/05\/25\/retour-des-beaux-jours-en-cette-fin-mai\/\"},\"author\":{\"name\":\"Benji\",\"@id\":\"https:\/\/planete-meteo.com\/blog\/#\/schema\/person\/9f8b4184457873e167f52653d6a2b9c4\"},\"headline\":\"Retour des beaux jours en cette fin mai\",\"datePublished\":\"2021-05-25T18:29:25+00:00\",\"dateModified\":\"2021-05-25T18:29:26+00:00\",\"mainEntityOfPage\":{\"@id\":\"https:\/\/planete-meteo.com\/blog\/2021\/05\/25\/retour-des-beaux-jours-en-cette-fin-mai\/\"},\"wordCount\":263,\"commentCount\":0,\"publisher\":{\"@id\":\"https:\/\/planete-meteo.com\/blog\/#organization\"},\"image\":{\"@id\":\"https:\/\/planete-meteo.com\/blog\/2021\/05\/25\/retour-des-beaux-jours-en-cette-fin-mai\/#primaryimage\"},\"thumbnailUrl\":\"https:\/\/planete-meteo.com\/blog\/wp-content\/uploads\/2021\/05\/4Nv0gzh.png\",\"articleSection\":[\"Uncategorized\"],\"inLanguage\":\"fr-FR\",\"potentialAction\":[{\"@type\":\"CommentAction\",\"name\":\"Comment\",\"target\":[\"https:\/\/planete-meteo.com\/blog\/2021\/05\/25\/retour-des-beaux-jours-en-cette-fin-mai\/#respond\"]}]},{\"@type\":\"WebPage\",\"@id\":\"https:\/\/planete-meteo.com\/blog\/2021\/05\/25\/retour-des-beaux-jours-en-cette-fin-mai\/\",\"url\":\"https:\/\/planete-meteo.com\/blog\/2021\/05\/25\/retour-des-beaux-jours-en-cette-fin-mai\/\",\"name\":\"Retour des beaux jours en cette fin mai - Plan\u00e8te M\u00e9t\u00e9o Blog\",\"isPartOf\":{\"@id\":\"https:\/\/planete-meteo.com\/blog\/#website\"},\"primaryImageOfPage\":{\"@id\":\"https:\/\/planete-meteo.com\/blog\/2021\/05\/25\/retour-des-beaux-jours-en-cette-fin-mai\/#primaryimage\"},\"image\":{\"@id\":\"https:\/\/planete-meteo.com\/blog\/2021\/05\/25\/retour-des-beaux-jours-en-cette-fin-mai\/#primaryimage\"},\"thumbnailUrl\":\"https:\/\/planete-meteo.com\/blog\/wp-content\/uploads\/2021\/05\/4Nv0gzh.png\",\"datePublished\":\"2021-05-25T18:29:25+00:00\",\"dateModified\":\"2021-05-25T18:29:26+00:00\",\"breadcrumb\":{\"@id\":\"https:\/\/planete-meteo.com\/blog\/2021\/05\/25\/retour-des-beaux-jours-en-cette-fin-mai\/#breadcrumb\"},\"inLanguage\":\"fr-FR\",\"potentialAction\":[{\"@type\":\"ReadAction\",\"target\":[\"https:\/\/planete-meteo.com\/blog\/2021\/05\/25\/retour-des-beaux-jours-en-cette-fin-mai\/\"]}]},{\"@type\":\"ImageObject\",\"inLanguage\":\"fr-FR\",\"@id\":\"https:\/\/planete-meteo.com\/blog\/2021\/05\/25\/retour-des-beaux-jours-en-cette-fin-mai\/#primaryimage\",\"url\":\"https:\/\/planete-meteo.com\/blog\/wp-content\/uploads\/2021\/05\/4Nv0gzh.png\",\"contentUrl\":\"https:\/\/planete-meteo.com\/blog\/wp-content\/uploads\/2021\/05\/4Nv0gzh.png\",\"width\":842,\"height\":412},{\"@type\":\"BreadcrumbList\",\"@id\":\"https:\/\/planete-meteo.com\/blog\/2021\/05\/25\/retour-des-beaux-jours-en-cette-fin-mai\/#breadcrumb\",\"itemListElement\":[{\"@type\":\"ListItem\",\"position\":1,\"name\":\"Accueil\",\"item\":\"https:\/\/planete-meteo.com\/blog\/\"},{\"@type\":\"ListItem\",\"position\":2,\"name\":\"Retour des beaux jours en cette fin mai\"}]},{\"@type\":\"WebSite\",\"@id\":\"https:\/\/planete-meteo.com\/blog\/#website\",\"url\":\"https:\/\/planete-meteo.com\/blog\/\",\"name\":\"Plan\u00e8te M\u00e9t\u00e9o Blog\",\"description\":\"Fil d&#039;actualit\u00e9 m\u00e9t\u00e9o, pr\u00e9visions, observations pour l&#039;Ain\",\"publisher\":{\"@id\":\"https:\/\/planete-meteo.com\/blog\/#organization\"},\"potentialAction\":[{\"@type\":\"SearchAction\",\"target\":{\"@type\":\"EntryPoint\",\"urlTemplate\":\"https:\/\/planete-meteo.com\/blog\/?s={search_term_string}\"},\"query-input\":\"required name=search_term_string\"}],\"inLanguage\":\"fr-FR\"},{\"@type\":\"Organization\",\"@id\":\"https:\/\/planete-meteo.com\/blog\/#organization\",\"name\":\"Plan\u00e8te M\u00e9t\u00e9o Blog\",\"url\":\"https:\/\/planete-meteo.com\/blog\/\",\"logo\":{\"@type\":\"ImageObject\",\"inLanguage\":\"fr-FR\",\"@id\":\"https:\/\/planete-meteo.com\/blog\/#\/schema\/logo\/image\/\",\"url\":\"https:\/\/planete-meteo.com\/blog\/wp-content\/uploads\/2021\/05\/cropped-cropped-logoPlanete-meteo_rond_500.png\",\"contentUrl\":\"https:\/\/planete-meteo.com\/blog\/wp-content\/uploads\/2021\/05\/cropped-cropped-logoPlanete-meteo_rond_500.png\",\"width\":248,\"height\":248,\"caption\":\"Plan\u00e8te M\u00e9t\u00e9o Blog\"},\"image\":{\"@id\":\"https:\/\/planete-meteo.com\/blog\/#\/schema\/logo\/image\/\"}},{\"@type\":\"Person\",\"@id\":\"https:\/\/planete-meteo.com\/blog\/#\/schema\/person\/9f8b4184457873e167f52653d6a2b9c4\",\"name\":\"Benji\",\"image\":{\"@type\":\"ImageObject\",\"inLanguage\":\"fr-FR\",\"@id\":\"https:\/\/planete-meteo.com\/blog\/#\/schema\/person\/image\/\",\"url\":\"https:\/\/secure.gravatar.com\/avatar\/57bb786c89649ee5e336c8f53eff444c49ed4a158048c7edf8895080b80d27a1?s=96&d=retro&r=g\",\"contentUrl\":\"https:\/\/secure.gravatar.com\/avatar\/57bb786c89649ee5e336c8f53eff444c49ed4a158048c7edf8895080b80d27a1?s=96&d=retro&r=g\",\"caption\":\"Benji\"},\"sameAs\":[\"http:\/\/planete-meteo.com\/blog\"],\"url\":\"https:\/\/planete-meteo.com\/blog\/author\/benji\/\"}]}<\/script>\n<!-- \/ Yoast SEO plugin. -->","yoast_head_json":{"title":"Retour des beaux jours en cette fin mai - Plan\u00e8te M\u00e9t\u00e9o Blog","robots":{"index":"index","follow":"follow","max-snippet":"max-snippet:-1","max-image-preview":"max-image-preview:large","max-video-preview":"max-video-preview:-1"},"canonical":"https:\/\/planete-meteo.com\/blog\/2021\/05\/25\/retour-des-beaux-jours-en-cette-fin-mai\/","og_locale":"fr_FR","og_type":"article","og_title":"Retour des beaux jours en cette fin mai - Plan\u00e8te M\u00e9t\u00e9o Blog","og_description":"Ca y est, le moment est venu de vous annoncer le retour aux temp\u00e9ratures normales pour ces prochains jours ainsi que de commencer \u00e0 mettre au repos le parapluie. Alors que la neige \u00e9tait encore visible pas plus tard que ce matin d\u00e8s 1200 m sur les reliefs, les temp\u00e9ratures vont prendre en couleur tout &hellip; Continuer la lecture de Retour des beaux jours en cette fin mai","og_url":"https:\/\/planete-meteo.com\/blog\/2021\/05\/25\/retour-des-beaux-jours-en-cette-fin-mai\/","og_site_name":"Plan\u00e8te M\u00e9t\u00e9o Blog","article_published_time":"2021-05-25T18:29:25+00:00","article_modified_time":"2021-05-25T18:29:26+00:00","og_image":[{"url":"https:\/\/planete-meteo.com\/blog\/wp-content\/uploads\/2021\/05\/4Nv0gzh.png"}],"author":"Benji","twitter_card":"summary_large_image","twitter_misc":{"\u00c9crit par":"Benji","Dur\u00e9e de lecture estim\u00e9e":"1 minute"},"schema":{"@context":"https:\/\/schema.org","@graph":[{"@type":"Article","@id":"https:\/\/planete-meteo.com\/blog\/2021\/05\/25\/retour-des-beaux-jours-en-cette-fin-mai\/#article","isPartOf":{"@id":"https:\/\/planete-meteo.com\/blog\/2021\/05\/25\/retour-des-beaux-jours-en-cette-fin-mai\/"},"author":{"name":"Benji","@id":"https:\/\/planete-meteo.com\/blog\/#\/schema\/person\/9f8b4184457873e167f52653d6a2b9c4"},"headline":"Retour des beaux jours en cette fin mai","datePublished":"2021-05-25T18:29:25+00:00","dateModified":"2021-05-25T18:29:26+00:00","mainEntityOfPage":{"@id":"https:\/\/planete-meteo.com\/blog\/2021\/05\/25\/retour-des-beaux-jours-en-cette-fin-mai\/"},"wordCount":263,"commentCount":0,"publisher":{"@id":"https:\/\/planete-meteo.com\/blog\/#organization"},"image":{"@id":"https:\/\/planete-meteo.com\/blog\/2021\/05\/25\/retour-des-beaux-jours-en-cette-fin-mai\/#primaryimage"},"thumbnailUrl":"https:\/\/planete-meteo.com\/blog\/wp-content\/uploads\/2021\/05\/4Nv0gzh.png","articleSection":["Uncategorized"],"inLanguage":"fr-FR","potentialAction":[{"@type":"CommentAction","name":"Comment","target":["https:\/\/planete-meteo.com\/blog\/2021\/05\/25\/retour-des-beaux-jours-en-cette-fin-mai\/#respond"]}]},{"@type":"WebPage","@id":"https:\/\/planete-meteo.com\/blog\/2021\/05\/25\/retour-des-beaux-jours-en-cette-fin-mai\/","url":"https:\/\/planete-meteo.com\/blog\/2021\/05\/25\/retour-des-beaux-jours-en-cette-fin-mai\/","name":"Retour des beaux jours en cette fin mai - Plan\u00e8te M\u00e9t\u00e9o Blog","isPartOf":{"@id":"https:\/\/planete-meteo.com\/blog\/#website"},"primaryImageOfPage":{"@id":"https:\/\/planete-meteo.com\/blog\/2021\/05\/25\/retour-des-beaux-jours-en-cette-fin-mai\/#primaryimage"},"image":{"@id":"https:\/\/planete-meteo.com\/blog\/2021\/05\/25\/retour-des-beaux-jours-en-cette-fin-mai\/#primaryimage"},"thumbnailUrl":"https:\/\/planete-meteo.com\/blog\/wp-content\/uploads\/2021\/05\/4Nv0gzh.png","datePublished":"2021-05-25T18:29:25+00:00","dateModified":"2021-05-25T18:29:26+00:00","breadcrumb":{"@id":"https:\/\/planete-meteo.com\/blog\/2021\/05\/25\/retour-des-beaux-jours-en-cette-fin-mai\/#breadcrumb"},"inLanguage":"fr-FR","potentialAction":[{"@type":"ReadAction","target":["https:\/\/planete-meteo.com\/blog\/2021\/05\/25\/retour-des-beaux-jours-en-cette-fin-mai\/"]}]},{"@type":"ImageObject","inLanguage":"fr-FR","@id":"https:\/\/planete-meteo.com\/blog\/2021\/05\/25\/retour-des-beaux-jours-en-cette-fin-mai\/#primaryimage","url":"https:\/\/planete-meteo.com\/blog\/wp-content\/uploads\/2021\/05\/4Nv0gzh.png","contentUrl":"https:\/\/planete-meteo.com\/blog\/wp-content\/uploads\/2021\/05\/4Nv0gzh.png","width":842,"height":412},{"@type":"BreadcrumbList","@id":"https:\/\/planete-meteo.com\/blog\/2021\/05\/25\/retour-des-beaux-jours-en-cette-fin-mai\/#breadcrumb","itemListElement":[{"@type":"ListItem","position":1,"name":"Accueil","item":"https:\/\/planete-meteo.com\/blog\/"},{"@type":"ListItem","position":2,"name":"Retour des beaux jours en cette fin mai"}]},{"@type":"WebSite","@id":"https:\/\/planete-meteo.com\/blog\/#website","url":"https:\/\/planete-meteo.com\/blog\/","name":"Plan\u00e8te M\u00e9t\u00e9o Blog","description":"Fil d&#039;actualit\u00e9 m\u00e9t\u00e9o, pr\u00e9visions, observations pour l&#039;Ain","publisher":{"@id":"https:\/\/planete-meteo.com\/blog\/#organization"},"potentialAction":[{"@type":"SearchAction","target":{"@type":"EntryPoint","urlTemplate":"https:\/\/planete-meteo.com\/blog\/?s={search_term_string}"},"query-input":"required name=search_term_string"}],"inLanguage":"fr-FR"},{"@type":"Organization","@id":"https:\/\/planete-meteo.com\/blog\/#organization","name":"Plan\u00e8te M\u00e9t\u00e9o Blog","url":"https:\/\/planete-meteo.com\/blog\/","logo":{"@type":"ImageObject","inLanguage":"fr-FR","@id":"https:\/\/planete-meteo.com\/blog\/#\/schema\/logo\/image\/","url":"https:\/\/planete-meteo.com\/blog\/wp-content\/uploads\/2021\/05\/cropped-cropped-logoPlanete-meteo_rond_500.png","contentUrl":"https:\/\/planete-meteo.com\/blog\/wp-content\/uploads\/2021\/05\/cropped-cropped-logoPlanete-meteo_rond_500.png","width":248,"height":248,"caption":"Plan\u00e8te M\u00e9t\u00e9o Blog"},"image":{"@id":"https:\/\/planete-meteo.com\/blog\/#\/schema\/logo\/image\/"}},{"@type":"Person","@id":"https:\/\/planete-meteo.com\/blog\/#\/schema\/person\/9f8b4184457873e167f52653d6a2b9c4","name":"Benji","image":{"@type":"ImageObject","inLanguage":"fr-FR","@id":"https:\/\/planete-meteo.com\/blog\/#\/schema\/person\/image\/","url":"https:\/\/secure.gravatar.com\/avatar\/57bb786c89649ee5e336c8f53eff444c49ed4a158048c7edf8895080b80d27a1?s=96&d=retro&r=g","contentUrl":"https:\/\/secure.gravatar.com\/avatar\/57bb786c89649ee5e336c8f53eff444c49ed4a158048c7edf8895080b80d27a1?s=96&d=retro&r=g","caption":"Benji"},"sameAs":["http:\/\/planete-meteo.com\/blog"],"url":"https:\/\/planete-meteo.com\/blog\/author\/benji\/"}]}},"_links":{"self":[{"href":"https:\/\/planete-meteo.com\/blog\/wp-json\/wp\/v2\/posts\/67","targetHints":{"allow":["GET"]}}],"collection":[{"href":"https:\/\/planete-meteo.com\/blog\/wp-json\/wp\/v2\/posts"}],"about":[{"href":"https:\/\/planete-meteo.com\/blog\/wp-json\/wp\/v2\/types\/post"}],"author":[{"embeddable":true,"href":"https:\/\/planete-meteo.com\/blog\/wp-json\/wp\/v2\/users\/1"}],"replies":[{"embeddable":true,"href":"https:\/\/planete-meteo.com\/blog\/wp-json\/wp\/v2\/comments?post=67"}],"version-history":[{"count":1,"href":"https:\/\/planete-meteo.com\/blog\/wp-json\/wp\/v2\/posts\/67\/revisions"}],"predecessor-version":[{"id":69,"href":"https:\/\/planete-meteo.com\/blog\/wp-json\/wp\/v2\/posts\/67\/revisions\/69"}],"wp:attachment":[{"href":"https:\/\/planete-meteo.com\/blog\/wp-json\/wp\/v2\/media?parent=67"}],"wp:term":[{"taxonomy":"category","embeddable":true,"href":"https:\/\/planete-meteo.com\/blog\/wp-json\/wp\/v2\/categories?post=67"},{"taxonomy":"post_tag","embeddable":true,"href":"https:\/\/planete-meteo.com\/blog\/wp-json\/wp\/v2\/tags?post=67"}],"curies":[{"name":"wp","href":"https:\/\/api.w.org\/{rel}","templated":true}]}}