{"id":80,"date":"2021-06-01T15:14:11","date_gmt":"2021-06-01T13:14:11","guid":{"rendered":"https:\/\/planete-meteo.com\/blog\/?p=80"},"modified":"2021-06-01T15:18:11","modified_gmt":"2021-06-01T13:18:11","slug":"un-mois-de-mai-frais-et-humide-synthese-climatologique","status":"publish","type":"post","link":"https:\/\/planete-meteo.com\/blog\/2021\/06\/01\/un-mois-de-mai-frais-et-humide-synthese-climatologique\/","title":{"rendered":"Un mois de mai frais et humide, synth\u00e8se climatologique"},"content":{"rendered":"\n<p>Comme vous avez probablement d\u00fb le remarquer ce mois de mai a \u00e9t\u00e9 frais et humide, et les chiffres le prouvent. Ce mois de mai \u00e0 Bourg en Bresse la temp\u00e9rature moyenne a \u00e9t\u00e9 de 12.8\u00b0C , alors que la moyenne sur 30 ans 1981\/2010 est de 14.6\u00b0C, ce qui fait une anomalie n\u00e9gative de 1.8\u00b0C, soit la plus forte anomalie n\u00e9gative de l&rsquo;ann\u00e9e.<\/p>\n\n\n\n<p>Un ph\u00e9nom\u00e8ne qui s&rsquo;est fait rare ces derni\u00e8res ann\u00e9es, alors que la tendance sont \u00e0 des temp\u00e9ratures de plus en plus chaudes avec des mois au dessus des normes. Mieux vaut en profiter, donc, on retrouve temporairement des temp\u00e9ratures normales d&rsquo;il y a plusieurs d\u00e9cennies. <\/p>\n\n\n\n<figure class=\"wp-block-image size-large\"><img loading=\"lazy\" decoding=\"async\" width=\"903\" height=\"521\" src=\"https:\/\/planete-meteo.com\/blog\/wp-content\/uploads\/2021\/06\/pU4RRBt.png\" alt=\"\" class=\"wp-image-81\" srcset=\"https:\/\/planete-meteo.com\/blog\/wp-content\/uploads\/2021\/06\/pU4RRBt.png 903w, https:\/\/planete-meteo.com\/blog\/wp-content\/uploads\/2021\/06\/pU4RRBt-300x173.png 300w, https:\/\/planete-meteo.com\/blog\/wp-content\/uploads\/2021\/06\/pU4RRBt-768x443.png 768w\" sizes=\"auto, (max-width: 903px) 100vw, 903px\" \/><figcaption>Graphique des anomalies temp\u00e9rature mai 2021<\/figcaption><\/figure>\n\n\n\n<p>La temp\u00e9rature maximale du mois est de 26.6\u00b0C pour le dernier jour alors que la minimale la plus basse a \u00e9t\u00e9 proche des gel\u00e9s avec 0.8\u00b0C le 3. Pour la plus forte anomalie journali\u00e8re, m\u00eame si le mois est globalement frais, c&rsquo;est le 9 mai qui remporte la palme avec 6.6\u00b0C d&rsquo;anomalie (journ\u00e9e tr\u00e8s chaude pour la saison, fort vent de sud avec 14.6\u00b0C de Tn et 26.3\u00b0C de Tx) en seconde place ce sont le 1er et le 15 mai avec -4.4\u00b0C d&rsquo;anomalie.<\/p>\n\n\n\n<p>Au niveau de la France m\u00eame constat, un mois de mai frais, le mois de mai le plus froid depuis 2013 et se classant en 3\u00e8me place depuis 1990.<\/p>\n\n\n\n<figure class=\"wp-block-image size-large\"><img loading=\"lazy\" decoding=\"async\" width=\"1024\" height=\"576\" src=\"https:\/\/planete-meteo.com\/blog\/wp-content\/uploads\/2021\/06\/E2e8L1rXEAUbiM7-1024x576.jpg\" alt=\"\" class=\"wp-image-82\" srcset=\"https:\/\/planete-meteo.com\/blog\/wp-content\/uploads\/2021\/06\/E2e8L1rXEAUbiM7-1024x576.jpg 1024w, https:\/\/planete-meteo.com\/blog\/wp-content\/uploads\/2021\/06\/E2e8L1rXEAUbiM7-300x169.jpg 300w, https:\/\/planete-meteo.com\/blog\/wp-content\/uploads\/2021\/06\/E2e8L1rXEAUbiM7-768x432.jpg 768w, https:\/\/planete-meteo.com\/blog\/wp-content\/uploads\/2021\/06\/E2e8L1rXEAUbiM7-1536x864.jpg 1536w, https:\/\/planete-meteo.com\/blog\/wp-content\/uploads\/2021\/06\/E2e8L1rXEAUbiM7.jpg 1600w\" sizes=\"auto, (max-width: 1024px) 100vw, 1024px\" \/><figcaption>Mois de mai en France source Meteo France.<\/figcaption><\/figure>\n\n\n\n<p>Une des causes de ce mois frais est un flux de nord-ouest qui aura perdur\u00e9 la majeure partie du temps avec des descentes d&rsquo;air froid en altitude sur notre r\u00e9gion, il aura aussi apport\u00e9 beaucoup de pr\u00e9cipitations, 223 mm mesur\u00e9s \u00e0 Bourg en Bresse soit plus du double de la moyenne, une aubaine pour la v\u00e9g\u00e9tation et les nappes phr\u00e9atiques en souffrance depuis de nombreux mois et un bon point de d\u00e9part pour s&rsquo;attaquer \u00e0 l&rsquo;\u00e9t\u00e9 qui sont de plus en plus sec ces derni\u00e8res ann\u00e9es. Un record pour ma station ressente (- de 10 ans) qui rel\u00e8ve pour sa premi\u00e8re fois 200 mm en 1 mois, tout mois confondu. <\/p>\n\n\n\n<figure class=\"wp-block-image size-large\"><img loading=\"lazy\" decoding=\"async\" width=\"920\" height=\"517\" src=\"https:\/\/planete-meteo.com\/blog\/wp-content\/uploads\/2021\/06\/wFxhI7O.png\" alt=\"\" class=\"wp-image-83\" srcset=\"https:\/\/planete-meteo.com\/blog\/wp-content\/uploads\/2021\/06\/wFxhI7O.png 920w, https:\/\/planete-meteo.com\/blog\/wp-content\/uploads\/2021\/06\/wFxhI7O-300x169.png 300w, https:\/\/planete-meteo.com\/blog\/wp-content\/uploads\/2021\/06\/wFxhI7O-768x432.png 768w\" sizes=\"auto, (max-width: 920px) 100vw, 920px\" \/><figcaption>Cumul de pluie \u00e0 Bourg en Bresse mai 2021<\/figcaption><\/figure>\n\n\n\n<p>Le jour le plus pluvieux du mois \u00e0 Bourg en Bresse mais aussi globalement sur tout le d\u00e9partement de l&rsquo;Ain a \u00e9t\u00e9 le 10 mai avec 73.6 mm pour Bourg en Bresse et m\u00eame 98.1 mm \u00e0 Amb\u00e9rieu en Bugey battant l&rsquo;ancien record d\u00e9partemental mensuel de pluie sur 24h (l&rsquo;ancien \u00e9tait d\u00e9tenu par Arbent avec 87 mm le 31 mai 2007). Une situation typique des \u00e9pisodes c\u00e9venols, avec une remont\u00e9e d&rsquo;air doux et humide par le sud le long de la vall\u00e9e du Rh\u00f4ne et un air plus frais en altitude arrivant par le Nord-Ouest , cette confrontation des 2 masses d&rsquo;air aura dur\u00e9 pr\u00e8s de 24h. Hors d\u00e9partement il est tomb\u00e9 pr\u00e8s de 300 mm sur les c\u00e9vennes ard\u00e9choises pendant ce temps.<\/p>\n\n\n\n<figure class=\"wp-block-image size-large\"><img loading=\"lazy\" decoding=\"async\" width=\"768\" height=\"768\" src=\"https:\/\/planete-meteo.com\/blog\/wp-content\/uploads\/2021\/06\/E1FiATyXMAEnyQe.png\" alt=\"\" class=\"wp-image-85\" srcset=\"https:\/\/planete-meteo.com\/blog\/wp-content\/uploads\/2021\/06\/E1FiATyXMAEnyQe.png 768w, https:\/\/planete-meteo.com\/blog\/wp-content\/uploads\/2021\/06\/E1FiATyXMAEnyQe-300x300.png 300w, https:\/\/planete-meteo.com\/blog\/wp-content\/uploads\/2021\/06\/E1FiATyXMAEnyQe-150x150.png 150w\" sizes=\"auto, (max-width: 768px) 100vw, 768px\" \/><figcaption>Cumuls sur 24h \u00e9pisode du 10 au 11 mai 2021<\/figcaption><\/figure>\n\n\n\n<p>Pour dire un dernier mot, ce printemps 2021 marque la fin d&rsquo;une s\u00e9rie de 19 saisons m\u00e9t\u00e9o cons\u00e9cutives plus chaudes que la normale, c&rsquo;est \u00e0 dire que depuis l&rsquo;\u00e9t\u00e9 2016 toutes les saisons que nous avions connues : \u00e9t\u00e9, automne, hiver, printemps, avaient \u00e9t\u00e9 plus chaudes que la normale, avec les 3 mois de printemps 2021 (mars,avril,mai) nous avons enfin un moment de r\u00e9pits avec un peu plus de frais.<\/p>\n\n\n\n<p> <\/p>\n","protected":false},"excerpt":{"rendered":"<p>Comme vous avez probablement d\u00fb le remarquer ce mois de mai a \u00e9t\u00e9 frais et humide, et les chiffres le prouvent. Ce mois de mai \u00e0 Bourg en Bresse la temp\u00e9rature moyenne a \u00e9t\u00e9 de 12.8\u00b0C , alors que la moyenne sur 30 ans 1981\/2010 est de 14.6\u00b0C, ce qui fait une anomalie n\u00e9gative de &hellip; <a href=\"https:\/\/planete-meteo.com\/blog\/2021\/06\/01\/un-mois-de-mai-frais-et-humide-synthese-climatologique\/\" class=\"more-link\">Continuer la lecture de <span class=\"screen-reader-text\">Un mois de mai frais et humide, synth\u00e8se climatologique<\/span><\/a><\/p>\n","protected":false},"author":1,"featured_media":0,"comment_status":"open","ping_status":"open","sticky":false,"template":"","format":"standard","meta":{"footnotes":""},"categories":[7],"tags":[],"class_list":["post-80","post","type-post","status-publish","format-standard","hentry","category-climatologie"],"yoast_head":"<!-- This site is optimized with the Yoast SEO plugin v22.8 - https:\/\/yoast.com\/wordpress\/plugins\/seo\/ -->\n<title>Un mois de mai frais et humide, synth\u00e8se climatologique - Plan\u00e8te M\u00e9t\u00e9o Blog<\/title>\n<meta name=\"robots\" content=\"index, follow, max-snippet:-1, max-image-preview:large, max-video-preview:-1\" \/>\n<link rel=\"canonical\" href=\"https:\/\/planete-meteo.com\/blog\/2021\/06\/01\/un-mois-de-mai-frais-et-humide-synthese-climatologique\/\" \/>\n<meta property=\"og:locale\" content=\"fr_FR\" \/>\n<meta property=\"og:type\" content=\"article\" \/>\n<meta property=\"og:title\" content=\"Un mois de mai frais et humide, synth\u00e8se climatologique - Plan\u00e8te M\u00e9t\u00e9o Blog\" \/>\n<meta property=\"og:description\" content=\"Comme vous avez probablement d\u00fb le remarquer ce mois de mai a \u00e9t\u00e9 frais et humide, et les chiffres le prouvent. Ce mois de mai \u00e0 Bourg en Bresse la temp\u00e9rature moyenne a \u00e9t\u00e9 de 12.8\u00b0C , alors que la moyenne sur 30 ans 1981\/2010 est de 14.6\u00b0C, ce qui fait une anomalie n\u00e9gative de &hellip; Continuer la lecture de Un mois de mai frais et humide, synth\u00e8se climatologique\" \/>\n<meta property=\"og:url\" content=\"https:\/\/planete-meteo.com\/blog\/2021\/06\/01\/un-mois-de-mai-frais-et-humide-synthese-climatologique\/\" \/>\n<meta property=\"og:site_name\" content=\"Plan\u00e8te M\u00e9t\u00e9o Blog\" \/>\n<meta property=\"article:published_time\" content=\"2021-06-01T13:14:11+00:00\" \/>\n<meta property=\"article:modified_time\" content=\"2021-06-01T13:18:11+00:00\" \/>\n<meta property=\"og:image\" content=\"https:\/\/planete-meteo.com\/blog\/wp-content\/uploads\/2021\/06\/pU4RRBt.png\" \/>\n<meta name=\"author\" content=\"Benji\" \/>\n<meta name=\"twitter:card\" content=\"summary_large_image\" \/>\n<meta name=\"twitter:label1\" content=\"\u00c9crit par\" \/>\n\t<meta name=\"twitter:data1\" content=\"Benji\" \/>\n\t<meta name=\"twitter:label2\" content=\"Dur\u00e9e de lecture estim\u00e9e\" \/>\n\t<meta name=\"twitter:data2\" content=\"3 minutes\" \/>\n<script type=\"application\/ld+json\" class=\"yoast-schema-graph\">{\"@context\":\"https:\/\/schema.org\",\"@graph\":[{\"@type\":\"Article\",\"@id\":\"https:\/\/planete-meteo.com\/blog\/2021\/06\/01\/un-mois-de-mai-frais-et-humide-synthese-climatologique\/#article\",\"isPartOf\":{\"@id\":\"https:\/\/planete-meteo.com\/blog\/2021\/06\/01\/un-mois-de-mai-frais-et-humide-synthese-climatologique\/\"},\"author\":{\"name\":\"Benji\",\"@id\":\"https:\/\/planete-meteo.com\/blog\/#\/schema\/person\/9f8b4184457873e167f52653d6a2b9c4\"},\"headline\":\"Un mois de mai frais et humide, synth\u00e8se climatologique\",\"datePublished\":\"2021-06-01T13:14:11+00:00\",\"dateModified\":\"2021-06-01T13:18:11+00:00\",\"mainEntityOfPage\":{\"@id\":\"https:\/\/planete-meteo.com\/blog\/2021\/06\/01\/un-mois-de-mai-frais-et-humide-synthese-climatologique\/\"},\"wordCount\":582,\"commentCount\":0,\"publisher\":{\"@id\":\"https:\/\/planete-meteo.com\/blog\/#organization\"},\"image\":{\"@id\":\"https:\/\/planete-meteo.com\/blog\/2021\/06\/01\/un-mois-de-mai-frais-et-humide-synthese-climatologique\/#primaryimage\"},\"thumbnailUrl\":\"https:\/\/planete-meteo.com\/blog\/wp-content\/uploads\/2021\/06\/pU4RRBt.png\",\"articleSection\":[\"Climatologie\"],\"inLanguage\":\"fr-FR\",\"potentialAction\":[{\"@type\":\"CommentAction\",\"name\":\"Comment\",\"target\":[\"https:\/\/planete-meteo.com\/blog\/2021\/06\/01\/un-mois-de-mai-frais-et-humide-synthese-climatologique\/#respond\"]}]},{\"@type\":\"WebPage\",\"@id\":\"https:\/\/planete-meteo.com\/blog\/2021\/06\/01\/un-mois-de-mai-frais-et-humide-synthese-climatologique\/\",\"url\":\"https:\/\/planete-meteo.com\/blog\/2021\/06\/01\/un-mois-de-mai-frais-et-humide-synthese-climatologique\/\",\"name\":\"Un mois de mai frais et humide, synth\u00e8se climatologique - Plan\u00e8te M\u00e9t\u00e9o Blog\",\"isPartOf\":{\"@id\":\"https:\/\/planete-meteo.com\/blog\/#website\"},\"primaryImageOfPage\":{\"@id\":\"https:\/\/planete-meteo.com\/blog\/2021\/06\/01\/un-mois-de-mai-frais-et-humide-synthese-climatologique\/#primaryimage\"},\"image\":{\"@id\":\"https:\/\/planete-meteo.com\/blog\/2021\/06\/01\/un-mois-de-mai-frais-et-humide-synthese-climatologique\/#primaryimage\"},\"thumbnailUrl\":\"https:\/\/planete-meteo.com\/blog\/wp-content\/uploads\/2021\/06\/pU4RRBt.png\",\"datePublished\":\"2021-06-01T13:14:11+00:00\",\"dateModified\":\"2021-06-01T13:18:11+00:00\",\"breadcrumb\":{\"@id\":\"https:\/\/planete-meteo.com\/blog\/2021\/06\/01\/un-mois-de-mai-frais-et-humide-synthese-climatologique\/#breadcrumb\"},\"inLanguage\":\"fr-FR\",\"potentialAction\":[{\"@type\":\"ReadAction\",\"target\":[\"https:\/\/planete-meteo.com\/blog\/2021\/06\/01\/un-mois-de-mai-frais-et-humide-synthese-climatologique\/\"]}]},{\"@type\":\"ImageObject\",\"inLanguage\":\"fr-FR\",\"@id\":\"https:\/\/planete-meteo.com\/blog\/2021\/06\/01\/un-mois-de-mai-frais-et-humide-synthese-climatologique\/#primaryimage\",\"url\":\"https:\/\/planete-meteo.com\/blog\/wp-content\/uploads\/2021\/06\/pU4RRBt.png\",\"contentUrl\":\"https:\/\/planete-meteo.com\/blog\/wp-content\/uploads\/2021\/06\/pU4RRBt.png\",\"width\":903,\"height\":521},{\"@type\":\"BreadcrumbList\",\"@id\":\"https:\/\/planete-meteo.com\/blog\/2021\/06\/01\/un-mois-de-mai-frais-et-humide-synthese-climatologique\/#breadcrumb\",\"itemListElement\":[{\"@type\":\"ListItem\",\"position\":1,\"name\":\"Accueil\",\"item\":\"https:\/\/planete-meteo.com\/blog\/\"},{\"@type\":\"ListItem\",\"position\":2,\"name\":\"Un mois de mai frais et humide, synth\u00e8se climatologique\"}]},{\"@type\":\"WebSite\",\"@id\":\"https:\/\/planete-meteo.com\/blog\/#website\",\"url\":\"https:\/\/planete-meteo.com\/blog\/\",\"name\":\"Plan\u00e8te M\u00e9t\u00e9o Blog\",\"description\":\"Fil d&#039;actualit\u00e9 m\u00e9t\u00e9o, pr\u00e9visions, observations pour l&#039;Ain\",\"publisher\":{\"@id\":\"https:\/\/planete-meteo.com\/blog\/#organization\"},\"potentialAction\":[{\"@type\":\"SearchAction\",\"target\":{\"@type\":\"EntryPoint\",\"urlTemplate\":\"https:\/\/planete-meteo.com\/blog\/?s={search_term_string}\"},\"query-input\":\"required name=search_term_string\"}],\"inLanguage\":\"fr-FR\"},{\"@type\":\"Organization\",\"@id\":\"https:\/\/planete-meteo.com\/blog\/#organization\",\"name\":\"Plan\u00e8te M\u00e9t\u00e9o Blog\",\"url\":\"https:\/\/planete-meteo.com\/blog\/\",\"logo\":{\"@type\":\"ImageObject\",\"inLanguage\":\"fr-FR\",\"@id\":\"https:\/\/planete-meteo.com\/blog\/#\/schema\/logo\/image\/\",\"url\":\"https:\/\/planete-meteo.com\/blog\/wp-content\/uploads\/2021\/05\/cropped-cropped-logoPlanete-meteo_rond_500.png\",\"contentUrl\":\"https:\/\/planete-meteo.com\/blog\/wp-content\/uploads\/2021\/05\/cropped-cropped-logoPlanete-meteo_rond_500.png\",\"width\":248,\"height\":248,\"caption\":\"Plan\u00e8te M\u00e9t\u00e9o Blog\"},\"image\":{\"@id\":\"https:\/\/planete-meteo.com\/blog\/#\/schema\/logo\/image\/\"}},{\"@type\":\"Person\",\"@id\":\"https:\/\/planete-meteo.com\/blog\/#\/schema\/person\/9f8b4184457873e167f52653d6a2b9c4\",\"name\":\"Benji\",\"image\":{\"@type\":\"ImageObject\",\"inLanguage\":\"fr-FR\",\"@id\":\"https:\/\/planete-meteo.com\/blog\/#\/schema\/person\/image\/\",\"url\":\"https:\/\/secure.gravatar.com\/avatar\/57bb786c89649ee5e336c8f53eff444c49ed4a158048c7edf8895080b80d27a1?s=96&d=retro&r=g\",\"contentUrl\":\"https:\/\/secure.gravatar.com\/avatar\/57bb786c89649ee5e336c8f53eff444c49ed4a158048c7edf8895080b80d27a1?s=96&d=retro&r=g\",\"caption\":\"Benji\"},\"sameAs\":[\"http:\/\/planete-meteo.com\/blog\"],\"url\":\"https:\/\/planete-meteo.com\/blog\/author\/benji\/\"}]}<\/script>\n<!-- \/ Yoast SEO plugin. -->","yoast_head_json":{"title":"Un mois de mai frais et humide, synth\u00e8se climatologique - Plan\u00e8te M\u00e9t\u00e9o Blog","robots":{"index":"index","follow":"follow","max-snippet":"max-snippet:-1","max-image-preview":"max-image-preview:large","max-video-preview":"max-video-preview:-1"},"canonical":"https:\/\/planete-meteo.com\/blog\/2021\/06\/01\/un-mois-de-mai-frais-et-humide-synthese-climatologique\/","og_locale":"fr_FR","og_type":"article","og_title":"Un mois de mai frais et humide, synth\u00e8se climatologique - Plan\u00e8te M\u00e9t\u00e9o Blog","og_description":"Comme vous avez probablement d\u00fb le remarquer ce mois de mai a \u00e9t\u00e9 frais et humide, et les chiffres le prouvent. Ce mois de mai \u00e0 Bourg en Bresse la temp\u00e9rature moyenne a \u00e9t\u00e9 de 12.8\u00b0C , alors que la moyenne sur 30 ans 1981\/2010 est de 14.6\u00b0C, ce qui fait une anomalie n\u00e9gative de &hellip; Continuer la lecture de Un mois de mai frais et humide, synth\u00e8se climatologique","og_url":"https:\/\/planete-meteo.com\/blog\/2021\/06\/01\/un-mois-de-mai-frais-et-humide-synthese-climatologique\/","og_site_name":"Plan\u00e8te M\u00e9t\u00e9o Blog","article_published_time":"2021-06-01T13:14:11+00:00","article_modified_time":"2021-06-01T13:18:11+00:00","og_image":[{"url":"https:\/\/planete-meteo.com\/blog\/wp-content\/uploads\/2021\/06\/pU4RRBt.png"}],"author":"Benji","twitter_card":"summary_large_image","twitter_misc":{"\u00c9crit par":"Benji","Dur\u00e9e de lecture estim\u00e9e":"3 minutes"},"schema":{"@context":"https:\/\/schema.org","@graph":[{"@type":"Article","@id":"https:\/\/planete-meteo.com\/blog\/2021\/06\/01\/un-mois-de-mai-frais-et-humide-synthese-climatologique\/#article","isPartOf":{"@id":"https:\/\/planete-meteo.com\/blog\/2021\/06\/01\/un-mois-de-mai-frais-et-humide-synthese-climatologique\/"},"author":{"name":"Benji","@id":"https:\/\/planete-meteo.com\/blog\/#\/schema\/person\/9f8b4184457873e167f52653d6a2b9c4"},"headline":"Un mois de mai frais et humide, synth\u00e8se climatologique","datePublished":"2021-06-01T13:14:11+00:00","dateModified":"2021-06-01T13:18:11+00:00","mainEntityOfPage":{"@id":"https:\/\/planete-meteo.com\/blog\/2021\/06\/01\/un-mois-de-mai-frais-et-humide-synthese-climatologique\/"},"wordCount":582,"commentCount":0,"publisher":{"@id":"https:\/\/planete-meteo.com\/blog\/#organization"},"image":{"@id":"https:\/\/planete-meteo.com\/blog\/2021\/06\/01\/un-mois-de-mai-frais-et-humide-synthese-climatologique\/#primaryimage"},"thumbnailUrl":"https:\/\/planete-meteo.com\/blog\/wp-content\/uploads\/2021\/06\/pU4RRBt.png","articleSection":["Climatologie"],"inLanguage":"fr-FR","potentialAction":[{"@type":"CommentAction","name":"Comment","target":["https:\/\/planete-meteo.com\/blog\/2021\/06\/01\/un-mois-de-mai-frais-et-humide-synthese-climatologique\/#respond"]}]},{"@type":"WebPage","@id":"https:\/\/planete-meteo.com\/blog\/2021\/06\/01\/un-mois-de-mai-frais-et-humide-synthese-climatologique\/","url":"https:\/\/planete-meteo.com\/blog\/2021\/06\/01\/un-mois-de-mai-frais-et-humide-synthese-climatologique\/","name":"Un mois de mai frais et humide, synth\u00e8se climatologique - Plan\u00e8te M\u00e9t\u00e9o Blog","isPartOf":{"@id":"https:\/\/planete-meteo.com\/blog\/#website"},"primaryImageOfPage":{"@id":"https:\/\/planete-meteo.com\/blog\/2021\/06\/01\/un-mois-de-mai-frais-et-humide-synthese-climatologique\/#primaryimage"},"image":{"@id":"https:\/\/planete-meteo.com\/blog\/2021\/06\/01\/un-mois-de-mai-frais-et-humide-synthese-climatologique\/#primaryimage"},"thumbnailUrl":"https:\/\/planete-meteo.com\/blog\/wp-content\/uploads\/2021\/06\/pU4RRBt.png","datePublished":"2021-06-01T13:14:11+00:00","dateModified":"2021-06-01T13:18:11+00:00","breadcrumb":{"@id":"https:\/\/planete-meteo.com\/blog\/2021\/06\/01\/un-mois-de-mai-frais-et-humide-synthese-climatologique\/#breadcrumb"},"inLanguage":"fr-FR","potentialAction":[{"@type":"ReadAction","target":["https:\/\/planete-meteo.com\/blog\/2021\/06\/01\/un-mois-de-mai-frais-et-humide-synthese-climatologique\/"]}]},{"@type":"ImageObject","inLanguage":"fr-FR","@id":"https:\/\/planete-meteo.com\/blog\/2021\/06\/01\/un-mois-de-mai-frais-et-humide-synthese-climatologique\/#primaryimage","url":"https:\/\/planete-meteo.com\/blog\/wp-content\/uploads\/2021\/06\/pU4RRBt.png","contentUrl":"https:\/\/planete-meteo.com\/blog\/wp-content\/uploads\/2021\/06\/pU4RRBt.png","width":903,"height":521},{"@type":"BreadcrumbList","@id":"https:\/\/planete-meteo.com\/blog\/2021\/06\/01\/un-mois-de-mai-frais-et-humide-synthese-climatologique\/#breadcrumb","itemListElement":[{"@type":"ListItem","position":1,"name":"Accueil","item":"https:\/\/planete-meteo.com\/blog\/"},{"@type":"ListItem","position":2,"name":"Un mois de mai frais et humide, synth\u00e8se climatologique"}]},{"@type":"WebSite","@id":"https:\/\/planete-meteo.com\/blog\/#website","url":"https:\/\/planete-meteo.com\/blog\/","name":"Plan\u00e8te M\u00e9t\u00e9o Blog","description":"Fil d&#039;actualit\u00e9 m\u00e9t\u00e9o, pr\u00e9visions, observations pour l&#039;Ain","publisher":{"@id":"https:\/\/planete-meteo.com\/blog\/#organization"},"potentialAction":[{"@type":"SearchAction","target":{"@type":"EntryPoint","urlTemplate":"https:\/\/planete-meteo.com\/blog\/?s={search_term_string}"},"query-input":"required name=search_term_string"}],"inLanguage":"fr-FR"},{"@type":"Organization","@id":"https:\/\/planete-meteo.com\/blog\/#organization","name":"Plan\u00e8te M\u00e9t\u00e9o Blog","url":"https:\/\/planete-meteo.com\/blog\/","logo":{"@type":"ImageObject","inLanguage":"fr-FR","@id":"https:\/\/planete-meteo.com\/blog\/#\/schema\/logo\/image\/","url":"https:\/\/planete-meteo.com\/blog\/wp-content\/uploads\/2021\/05\/cropped-cropped-logoPlanete-meteo_rond_500.png","contentUrl":"https:\/\/planete-meteo.com\/blog\/wp-content\/uploads\/2021\/05\/cropped-cropped-logoPlanete-meteo_rond_500.png","width":248,"height":248,"caption":"Plan\u00e8te M\u00e9t\u00e9o Blog"},"image":{"@id":"https:\/\/planete-meteo.com\/blog\/#\/schema\/logo\/image\/"}},{"@type":"Person","@id":"https:\/\/planete-meteo.com\/blog\/#\/schema\/person\/9f8b4184457873e167f52653d6a2b9c4","name":"Benji","image":{"@type":"ImageObject","inLanguage":"fr-FR","@id":"https:\/\/planete-meteo.com\/blog\/#\/schema\/person\/image\/","url":"https:\/\/secure.gravatar.com\/avatar\/57bb786c89649ee5e336c8f53eff444c49ed4a158048c7edf8895080b80d27a1?s=96&d=retro&r=g","contentUrl":"https:\/\/secure.gravatar.com\/avatar\/57bb786c89649ee5e336c8f53eff444c49ed4a158048c7edf8895080b80d27a1?s=96&d=retro&r=g","caption":"Benji"},"sameAs":["http:\/\/planete-meteo.com\/blog"],"url":"https:\/\/planete-meteo.com\/blog\/author\/benji\/"}]}},"_links":{"self":[{"href":"https:\/\/planete-meteo.com\/blog\/wp-json\/wp\/v2\/posts\/80","targetHints":{"allow":["GET"]}}],"collection":[{"href":"https:\/\/planete-meteo.com\/blog\/wp-json\/wp\/v2\/posts"}],"about":[{"href":"https:\/\/planete-meteo.com\/blog\/wp-json\/wp\/v2\/types\/post"}],"author":[{"embeddable":true,"href":"https:\/\/planete-meteo.com\/blog\/wp-json\/wp\/v2\/users\/1"}],"replies":[{"embeddable":true,"href":"https:\/\/planete-meteo.com\/blog\/wp-json\/wp\/v2\/comments?post=80"}],"version-history":[{"count":2,"href":"https:\/\/planete-meteo.com\/blog\/wp-json\/wp\/v2\/posts\/80\/revisions"}],"predecessor-version":[{"id":86,"href":"https:\/\/planete-meteo.com\/blog\/wp-json\/wp\/v2\/posts\/80\/revisions\/86"}],"wp:attachment":[{"href":"https:\/\/planete-meteo.com\/blog\/wp-json\/wp\/v2\/media?parent=80"}],"wp:term":[{"taxonomy":"category","embeddable":true,"href":"https:\/\/planete-meteo.com\/blog\/wp-json\/wp\/v2\/categories?post=80"},{"taxonomy":"post_tag","embeddable":true,"href":"https:\/\/planete-meteo.com\/blog\/wp-json\/wp\/v2\/tags?post=80"}],"curies":[{"name":"wp","href":"https:\/\/api.w.org\/{rel}","templated":true}]}}