{"id":87,"date":"2021-06-02T21:50:19","date_gmt":"2021-06-02T19:50:19","guid":{"rendered":"https:\/\/planete-meteo.com\/blog\/?p=87"},"modified":"2021-06-02T21:50:19","modified_gmt":"2021-06-02T19:50:19","slug":"orages-du-1er-juin-pour-marquer-le-debut-de-lete","status":"publish","type":"post","link":"https:\/\/planete-meteo.com\/blog\/2021\/06\/02\/orages-du-1er-juin-pour-marquer-le-debut-de-lete\/","title":{"rendered":"Orages du 1er juin pour marquer le d\u00e9but de l&rsquo;\u00e9t\u00e9"},"content":{"rendered":"\n<p>En ce premier jour d&rsquo;\u00e9t\u00e9 m\u00e9t\u00e9orologique quelques orages orographiques se sont d\u00e9velopp\u00e9s, un premier pr\u00e8s d&rsquo;Oyonnax cr\u00e9ant localement des inondations temporaires sur les routes<\/p>\n\n\n\n<figure class=\"wp-block-image size-large\"><img loading=\"lazy\" decoding=\"async\" width=\"768\" height=\"768\" src=\"https:\/\/planete-meteo.com\/blog\/wp-content\/uploads\/2021\/06\/telechargement-2.png\" alt=\"\" class=\"wp-image-88\" srcset=\"https:\/\/planete-meteo.com\/blog\/wp-content\/uploads\/2021\/06\/telechargement-2.png 768w, https:\/\/planete-meteo.com\/blog\/wp-content\/uploads\/2021\/06\/telechargement-2-300x300.png 300w, https:\/\/planete-meteo.com\/blog\/wp-content\/uploads\/2021\/06\/telechargement-2-150x150.png 150w\" sizes=\"auto, (max-width: 768px) 100vw, 768px\" \/><figcaption>Orage se d\u00e9veloppant pr\u00e8s d&rsquo;Oyonnax \u00e0 19h<\/figcaption><\/figure>\n\n\n\n<p>Un peu plus tard c&rsquo;est un autre orage qui se d\u00e9veloppe cette fois-ci en face du Pays de Gex en Haute-Savoie sur le mont Sal\u00e8ve et arrive m\u00eame a descendre jusqu&rsquo;en plaine en se rapprochant de Geneve.<\/p>\n\n\n\n<figure class=\"wp-block-image size-large\"><img loading=\"lazy\" decoding=\"async\" width=\"768\" height=\"768\" src=\"https:\/\/planete-meteo.com\/blog\/wp-content\/uploads\/2021\/06\/animkra4.gif\" alt=\"\" class=\"wp-image-89\"\/><figcaption>D\u00e9veloppement orageux apr\u00e8s 20h sur la Haute Savoie<\/figcaption><\/figure>\n\n\n\n<p>Je me place donc face \u00e0 cet orage pour tenter de faire quelques photos depuis le Pays de Gex, la cellule g\u00e9n\u00e8rera de nombreux \u00e9clairs souvent noy\u00e9 dans la masse de pluie mais quelques beau sp\u00e9cimens arrivent \u00e0 sortir de la masse pluvieuse.<\/p>\n\n\n\n<figure class=\"wp-block-image size-large\"><img loading=\"lazy\" decoding=\"async\" width=\"1024\" height=\"658\" src=\"https:\/\/planete-meteo.com\/blog\/wp-content\/uploads\/2021\/06\/DSC01429-2_redimensionner-1024x658.jpg\" alt=\"\" class=\"wp-image-90\" srcset=\"https:\/\/planete-meteo.com\/blog\/wp-content\/uploads\/2021\/06\/DSC01429-2_redimensionner-1024x658.jpg 1024w, https:\/\/planete-meteo.com\/blog\/wp-content\/uploads\/2021\/06\/DSC01429-2_redimensionner-300x193.jpg 300w, https:\/\/planete-meteo.com\/blog\/wp-content\/uploads\/2021\/06\/DSC01429-2_redimensionner-768x493.jpg 768w, https:\/\/planete-meteo.com\/blog\/wp-content\/uploads\/2021\/06\/DSC01429-2_redimensionner-1536x986.jpg 1536w, https:\/\/planete-meteo.com\/blog\/wp-content\/uploads\/2021\/06\/DSC01429-2_redimensionner.jpg 1920w\" sizes=\"auto, (max-width: 1024px) 100vw, 1024px\" \/><figcaption>Impact de foudre au dessus de Gen\u00e8ve<\/figcaption><\/figure>\n\n\n\n<p>Au coucher du soleil l&rsquo;orage change de couleur et devient orange probablement par r\u00e9flexion de la lumi\u00e8re dans les gouttelettes d&rsquo;eau alors que le soleil \u00e9claire le haut du cumulonimbus. Cela cr\u00e9e une ambiance tr\u00e8s particuli\u00e8re avec un \u00ab\u00a0puis\u00a0\u00bb de lumi\u00e8re sous l&rsquo;orage.<\/p>\n\n\n\n<figure class=\"wp-block-image size-large\"><img loading=\"lazy\" decoding=\"async\" width=\"1024\" height=\"423\" src=\"https:\/\/planete-meteo.com\/blog\/wp-content\/uploads\/2021\/06\/Panorama-sans-titre-1_redimensionner2-1024x423.jpg\" alt=\"\" class=\"wp-image-91\" srcset=\"https:\/\/planete-meteo.com\/blog\/wp-content\/uploads\/2021\/06\/Panorama-sans-titre-1_redimensionner2-1024x423.jpg 1024w, https:\/\/planete-meteo.com\/blog\/wp-content\/uploads\/2021\/06\/Panorama-sans-titre-1_redimensionner2-300x124.jpg 300w, https:\/\/planete-meteo.com\/blog\/wp-content\/uploads\/2021\/06\/Panorama-sans-titre-1_redimensionner2-768x317.jpg 768w, https:\/\/planete-meteo.com\/blog\/wp-content\/uploads\/2021\/06\/Panorama-sans-titre-1_redimensionner2-1536x635.jpg 1536w, https:\/\/planete-meteo.com\/blog\/wp-content\/uploads\/2021\/06\/Panorama-sans-titre-1_redimensionner2-2048x846.jpg 2048w\" sizes=\"auto, (max-width: 1024px) 100vw, 1024px\" \/><figcaption>Panorama de l&rsquo;orage<\/figcaption><\/figure>\n\n\n\n<p> <\/p>\n\n\n\n<p>Des coups de foudre arrivent m\u00eame a \u00eatre visible \u00e0 travers les trombes d&rsquo;eau et le coucher de soleil qui donne cette magnifique ambiance color\u00e9e.<\/p>\n\n\n\n<figure class=\"wp-block-image size-large\"><img loading=\"lazy\" decoding=\"async\" width=\"1024\" height=\"683\" src=\"https:\/\/planete-meteo.com\/blog\/wp-content\/uploads\/2021\/06\/DSC01581-2_redimensionner-1024x683.jpg\" alt=\"\" class=\"wp-image-92\" srcset=\"https:\/\/planete-meteo.com\/blog\/wp-content\/uploads\/2021\/06\/DSC01581-2_redimensionner-1024x683.jpg 1024w, https:\/\/planete-meteo.com\/blog\/wp-content\/uploads\/2021\/06\/DSC01581-2_redimensionner-300x200.jpg 300w, https:\/\/planete-meteo.com\/blog\/wp-content\/uploads\/2021\/06\/DSC01581-2_redimensionner-768x512.jpg 768w, https:\/\/planete-meteo.com\/blog\/wp-content\/uploads\/2021\/06\/DSC01581-2_redimensionner-1536x1025.jpg 1536w, https:\/\/planete-meteo.com\/blog\/wp-content\/uploads\/2021\/06\/DSC01581-2_redimensionner.jpg 1920w\" sizes=\"auto, (max-width: 1024px) 100vw, 1024px\" \/><\/figure>\n\n\n\n<p><\/p>\n\n\n\n<p>L&rsquo;orage aura dur\u00e9 pr\u00e8s d&rsquo;1h30 avant de devenir une averse de pluie qui prendra la direction de l&rsquo;est dans la nuit.<\/p>\n","protected":false},"excerpt":{"rendered":"<p>En ce premier jour d&rsquo;\u00e9t\u00e9 m\u00e9t\u00e9orologique quelques orages orographiques se sont d\u00e9velopp\u00e9s, un premier pr\u00e8s d&rsquo;Oyonnax cr\u00e9ant localement des inondations temporaires sur les routes Un peu plus tard c&rsquo;est un autre orage qui se d\u00e9veloppe cette fois-ci en face du Pays de Gex en Haute-Savoie sur le mont Sal\u00e8ve et arrive m\u00eame a descendre jusqu&rsquo;en &hellip; <a href=\"https:\/\/planete-meteo.com\/blog\/2021\/06\/02\/orages-du-1er-juin-pour-marquer-le-debut-de-lete\/\" class=\"more-link\">Continuer la lecture de <span class=\"screen-reader-text\">Orages du 1er juin pour marquer le d\u00e9but de l&rsquo;\u00e9t\u00e9<\/span><\/a><\/p>\n","protected":false},"author":1,"featured_media":90,"comment_status":"open","ping_status":"open","sticky":false,"template":"","format":"standard","meta":{"footnotes":""},"categories":[8],"tags":[],"class_list":["post-87","post","type-post","status-publish","format-standard","has-post-thumbnail","hentry","category-orages"],"yoast_head":"<!-- This site is optimized with the Yoast SEO plugin v22.8 - https:\/\/yoast.com\/wordpress\/plugins\/seo\/ -->\n<title>Orages du 1er juin pour marquer le d\u00e9but de l&#039;\u00e9t\u00e9 - Plan\u00e8te M\u00e9t\u00e9o Blog<\/title>\n<meta name=\"robots\" content=\"index, follow, max-snippet:-1, max-image-preview:large, max-video-preview:-1\" \/>\n<link rel=\"canonical\" href=\"https:\/\/planete-meteo.com\/blog\/2021\/06\/02\/orages-du-1er-juin-pour-marquer-le-debut-de-lete\/\" \/>\n<meta property=\"og:locale\" content=\"fr_FR\" \/>\n<meta property=\"og:type\" content=\"article\" \/>\n<meta property=\"og:title\" content=\"Orages du 1er juin pour marquer le d\u00e9but de l&#039;\u00e9t\u00e9 - Plan\u00e8te M\u00e9t\u00e9o Blog\" \/>\n<meta property=\"og:description\" content=\"En ce premier jour d&rsquo;\u00e9t\u00e9 m\u00e9t\u00e9orologique quelques orages orographiques se sont d\u00e9velopp\u00e9s, un premier pr\u00e8s d&rsquo;Oyonnax cr\u00e9ant localement des inondations temporaires sur les routes Un peu plus tard c&rsquo;est un autre orage qui se d\u00e9veloppe cette fois-ci en face du Pays de Gex en Haute-Savoie sur le mont Sal\u00e8ve et arrive m\u00eame a descendre jusqu&rsquo;en &hellip; Continuer la lecture de Orages du 1er juin pour marquer le d\u00e9but de l&rsquo;\u00e9t\u00e9\" \/>\n<meta property=\"og:url\" content=\"https:\/\/planete-meteo.com\/blog\/2021\/06\/02\/orages-du-1er-juin-pour-marquer-le-debut-de-lete\/\" \/>\n<meta property=\"og:site_name\" content=\"Plan\u00e8te M\u00e9t\u00e9o Blog\" \/>\n<meta property=\"article:published_time\" content=\"2021-06-02T19:50:19+00:00\" \/>\n<meta property=\"og:image\" content=\"https:\/\/planete-meteo.com\/blog\/wp-content\/uploads\/2021\/06\/DSC01429-2_redimensionner.jpg\" \/>\n\t<meta property=\"og:image:width\" content=\"1920\" \/>\n\t<meta property=\"og:image:height\" content=\"1233\" \/>\n\t<meta property=\"og:image:type\" content=\"image\/jpeg\" \/>\n<meta name=\"author\" content=\"Benji\" \/>\n<meta name=\"twitter:card\" content=\"summary_large_image\" \/>\n<meta name=\"twitter:label1\" content=\"\u00c9crit par\" \/>\n\t<meta name=\"twitter:data1\" content=\"Benji\" \/>\n\t<meta name=\"twitter:label2\" content=\"Dur\u00e9e de lecture estim\u00e9e\" \/>\n\t<meta name=\"twitter:data2\" content=\"1 minute\" \/>\n<script type=\"application\/ld+json\" class=\"yoast-schema-graph\">{\"@context\":\"https:\/\/schema.org\",\"@graph\":[{\"@type\":\"Article\",\"@id\":\"https:\/\/planete-meteo.com\/blog\/2021\/06\/02\/orages-du-1er-juin-pour-marquer-le-debut-de-lete\/#article\",\"isPartOf\":{\"@id\":\"https:\/\/planete-meteo.com\/blog\/2021\/06\/02\/orages-du-1er-juin-pour-marquer-le-debut-de-lete\/\"},\"author\":{\"name\":\"Benji\",\"@id\":\"https:\/\/planete-meteo.com\/blog\/#\/schema\/person\/9f8b4184457873e167f52653d6a2b9c4\"},\"headline\":\"Orages du 1er juin pour marquer le d\u00e9but de l&rsquo;\u00e9t\u00e9\",\"datePublished\":\"2021-06-02T19:50:19+00:00\",\"dateModified\":\"2021-06-02T19:50:19+00:00\",\"mainEntityOfPage\":{\"@id\":\"https:\/\/planete-meteo.com\/blog\/2021\/06\/02\/orages-du-1er-juin-pour-marquer-le-debut-de-lete\/\"},\"wordCount\":254,\"commentCount\":0,\"publisher\":{\"@id\":\"https:\/\/planete-meteo.com\/blog\/#organization\"},\"image\":{\"@id\":\"https:\/\/planete-meteo.com\/blog\/2021\/06\/02\/orages-du-1er-juin-pour-marquer-le-debut-de-lete\/#primaryimage\"},\"thumbnailUrl\":\"https:\/\/planete-meteo.com\/blog\/wp-content\/uploads\/2021\/06\/DSC01429-2_redimensionner.jpg\",\"articleSection\":[\"Orages\"],\"inLanguage\":\"fr-FR\",\"potentialAction\":[{\"@type\":\"CommentAction\",\"name\":\"Comment\",\"target\":[\"https:\/\/planete-meteo.com\/blog\/2021\/06\/02\/orages-du-1er-juin-pour-marquer-le-debut-de-lete\/#respond\"]}]},{\"@type\":\"WebPage\",\"@id\":\"https:\/\/planete-meteo.com\/blog\/2021\/06\/02\/orages-du-1er-juin-pour-marquer-le-debut-de-lete\/\",\"url\":\"https:\/\/planete-meteo.com\/blog\/2021\/06\/02\/orages-du-1er-juin-pour-marquer-le-debut-de-lete\/\",\"name\":\"Orages du 1er juin pour marquer le d\u00e9but de l'\u00e9t\u00e9 - Plan\u00e8te M\u00e9t\u00e9o Blog\",\"isPartOf\":{\"@id\":\"https:\/\/planete-meteo.com\/blog\/#website\"},\"primaryImageOfPage\":{\"@id\":\"https:\/\/planete-meteo.com\/blog\/2021\/06\/02\/orages-du-1er-juin-pour-marquer-le-debut-de-lete\/#primaryimage\"},\"image\":{\"@id\":\"https:\/\/planete-meteo.com\/blog\/2021\/06\/02\/orages-du-1er-juin-pour-marquer-le-debut-de-lete\/#primaryimage\"},\"thumbnailUrl\":\"https:\/\/planete-meteo.com\/blog\/wp-content\/uploads\/2021\/06\/DSC01429-2_redimensionner.jpg\",\"datePublished\":\"2021-06-02T19:50:19+00:00\",\"dateModified\":\"2021-06-02T19:50:19+00:00\",\"breadcrumb\":{\"@id\":\"https:\/\/planete-meteo.com\/blog\/2021\/06\/02\/orages-du-1er-juin-pour-marquer-le-debut-de-lete\/#breadcrumb\"},\"inLanguage\":\"fr-FR\",\"potentialAction\":[{\"@type\":\"ReadAction\",\"target\":[\"https:\/\/planete-meteo.com\/blog\/2021\/06\/02\/orages-du-1er-juin-pour-marquer-le-debut-de-lete\/\"]}]},{\"@type\":\"ImageObject\",\"inLanguage\":\"fr-FR\",\"@id\":\"https:\/\/planete-meteo.com\/blog\/2021\/06\/02\/orages-du-1er-juin-pour-marquer-le-debut-de-lete\/#primaryimage\",\"url\":\"https:\/\/planete-meteo.com\/blog\/wp-content\/uploads\/2021\/06\/DSC01429-2_redimensionner.jpg\",\"contentUrl\":\"https:\/\/planete-meteo.com\/blog\/wp-content\/uploads\/2021\/06\/DSC01429-2_redimensionner.jpg\",\"width\":1920,\"height\":1233},{\"@type\":\"BreadcrumbList\",\"@id\":\"https:\/\/planete-meteo.com\/blog\/2021\/06\/02\/orages-du-1er-juin-pour-marquer-le-debut-de-lete\/#breadcrumb\",\"itemListElement\":[{\"@type\":\"ListItem\",\"position\":1,\"name\":\"Accueil\",\"item\":\"https:\/\/planete-meteo.com\/blog\/\"},{\"@type\":\"ListItem\",\"position\":2,\"name\":\"Orages du 1er juin pour marquer le d\u00e9but de l&#8217;\u00e9t\u00e9\"}]},{\"@type\":\"WebSite\",\"@id\":\"https:\/\/planete-meteo.com\/blog\/#website\",\"url\":\"https:\/\/planete-meteo.com\/blog\/\",\"name\":\"Plan\u00e8te M\u00e9t\u00e9o Blog\",\"description\":\"Fil d&#039;actualit\u00e9 m\u00e9t\u00e9o, pr\u00e9visions, observations pour l&#039;Ain\",\"publisher\":{\"@id\":\"https:\/\/planete-meteo.com\/blog\/#organization\"},\"potentialAction\":[{\"@type\":\"SearchAction\",\"target\":{\"@type\":\"EntryPoint\",\"urlTemplate\":\"https:\/\/planete-meteo.com\/blog\/?s={search_term_string}\"},\"query-input\":\"required name=search_term_string\"}],\"inLanguage\":\"fr-FR\"},{\"@type\":\"Organization\",\"@id\":\"https:\/\/planete-meteo.com\/blog\/#organization\",\"name\":\"Plan\u00e8te M\u00e9t\u00e9o Blog\",\"url\":\"https:\/\/planete-meteo.com\/blog\/\",\"logo\":{\"@type\":\"ImageObject\",\"inLanguage\":\"fr-FR\",\"@id\":\"https:\/\/planete-meteo.com\/blog\/#\/schema\/logo\/image\/\",\"url\":\"https:\/\/planete-meteo.com\/blog\/wp-content\/uploads\/2021\/05\/cropped-cropped-logoPlanete-meteo_rond_500.png\",\"contentUrl\":\"https:\/\/planete-meteo.com\/blog\/wp-content\/uploads\/2021\/05\/cropped-cropped-logoPlanete-meteo_rond_500.png\",\"width\":248,\"height\":248,\"caption\":\"Plan\u00e8te M\u00e9t\u00e9o Blog\"},\"image\":{\"@id\":\"https:\/\/planete-meteo.com\/blog\/#\/schema\/logo\/image\/\"}},{\"@type\":\"Person\",\"@id\":\"https:\/\/planete-meteo.com\/blog\/#\/schema\/person\/9f8b4184457873e167f52653d6a2b9c4\",\"name\":\"Benji\",\"image\":{\"@type\":\"ImageObject\",\"inLanguage\":\"fr-FR\",\"@id\":\"https:\/\/planete-meteo.com\/blog\/#\/schema\/person\/image\/\",\"url\":\"https:\/\/secure.gravatar.com\/avatar\/57bb786c89649ee5e336c8f53eff444c49ed4a158048c7edf8895080b80d27a1?s=96&d=retro&r=g\",\"contentUrl\":\"https:\/\/secure.gravatar.com\/avatar\/57bb786c89649ee5e336c8f53eff444c49ed4a158048c7edf8895080b80d27a1?s=96&d=retro&r=g\",\"caption\":\"Benji\"},\"sameAs\":[\"http:\/\/planete-meteo.com\/blog\"],\"url\":\"https:\/\/planete-meteo.com\/blog\/author\/benji\/\"}]}<\/script>\n<!-- \/ Yoast SEO plugin. -->","yoast_head_json":{"title":"Orages du 1er juin pour marquer le d\u00e9but de l'\u00e9t\u00e9 - Plan\u00e8te M\u00e9t\u00e9o Blog","robots":{"index":"index","follow":"follow","max-snippet":"max-snippet:-1","max-image-preview":"max-image-preview:large","max-video-preview":"max-video-preview:-1"},"canonical":"https:\/\/planete-meteo.com\/blog\/2021\/06\/02\/orages-du-1er-juin-pour-marquer-le-debut-de-lete\/","og_locale":"fr_FR","og_type":"article","og_title":"Orages du 1er juin pour marquer le d\u00e9but de l'\u00e9t\u00e9 - Plan\u00e8te M\u00e9t\u00e9o Blog","og_description":"En ce premier jour d&rsquo;\u00e9t\u00e9 m\u00e9t\u00e9orologique quelques orages orographiques se sont d\u00e9velopp\u00e9s, un premier pr\u00e8s d&rsquo;Oyonnax cr\u00e9ant localement des inondations temporaires sur les routes Un peu plus tard c&rsquo;est un autre orage qui se d\u00e9veloppe cette fois-ci en face du Pays de Gex en Haute-Savoie sur le mont Sal\u00e8ve et arrive m\u00eame a descendre jusqu&rsquo;en &hellip; Continuer la lecture de Orages du 1er juin pour marquer le d\u00e9but de l&rsquo;\u00e9t\u00e9","og_url":"https:\/\/planete-meteo.com\/blog\/2021\/06\/02\/orages-du-1er-juin-pour-marquer-le-debut-de-lete\/","og_site_name":"Plan\u00e8te M\u00e9t\u00e9o Blog","article_published_time":"2021-06-02T19:50:19+00:00","og_image":[{"width":1920,"height":1233,"url":"https:\/\/planete-meteo.com\/blog\/wp-content\/uploads\/2021\/06\/DSC01429-2_redimensionner.jpg","type":"image\/jpeg"}],"author":"Benji","twitter_card":"summary_large_image","twitter_misc":{"\u00c9crit par":"Benji","Dur\u00e9e de lecture estim\u00e9e":"1 minute"},"schema":{"@context":"https:\/\/schema.org","@graph":[{"@type":"Article","@id":"https:\/\/planete-meteo.com\/blog\/2021\/06\/02\/orages-du-1er-juin-pour-marquer-le-debut-de-lete\/#article","isPartOf":{"@id":"https:\/\/planete-meteo.com\/blog\/2021\/06\/02\/orages-du-1er-juin-pour-marquer-le-debut-de-lete\/"},"author":{"name":"Benji","@id":"https:\/\/planete-meteo.com\/blog\/#\/schema\/person\/9f8b4184457873e167f52653d6a2b9c4"},"headline":"Orages du 1er juin pour marquer le d\u00e9but de l&rsquo;\u00e9t\u00e9","datePublished":"2021-06-02T19:50:19+00:00","dateModified":"2021-06-02T19:50:19+00:00","mainEntityOfPage":{"@id":"https:\/\/planete-meteo.com\/blog\/2021\/06\/02\/orages-du-1er-juin-pour-marquer-le-debut-de-lete\/"},"wordCount":254,"commentCount":0,"publisher":{"@id":"https:\/\/planete-meteo.com\/blog\/#organization"},"image":{"@id":"https:\/\/planete-meteo.com\/blog\/2021\/06\/02\/orages-du-1er-juin-pour-marquer-le-debut-de-lete\/#primaryimage"},"thumbnailUrl":"https:\/\/planete-meteo.com\/blog\/wp-content\/uploads\/2021\/06\/DSC01429-2_redimensionner.jpg","articleSection":["Orages"],"inLanguage":"fr-FR","potentialAction":[{"@type":"CommentAction","name":"Comment","target":["https:\/\/planete-meteo.com\/blog\/2021\/06\/02\/orages-du-1er-juin-pour-marquer-le-debut-de-lete\/#respond"]}]},{"@type":"WebPage","@id":"https:\/\/planete-meteo.com\/blog\/2021\/06\/02\/orages-du-1er-juin-pour-marquer-le-debut-de-lete\/","url":"https:\/\/planete-meteo.com\/blog\/2021\/06\/02\/orages-du-1er-juin-pour-marquer-le-debut-de-lete\/","name":"Orages du 1er juin pour marquer le d\u00e9but de l'\u00e9t\u00e9 - Plan\u00e8te M\u00e9t\u00e9o Blog","isPartOf":{"@id":"https:\/\/planete-meteo.com\/blog\/#website"},"primaryImageOfPage":{"@id":"https:\/\/planete-meteo.com\/blog\/2021\/06\/02\/orages-du-1er-juin-pour-marquer-le-debut-de-lete\/#primaryimage"},"image":{"@id":"https:\/\/planete-meteo.com\/blog\/2021\/06\/02\/orages-du-1er-juin-pour-marquer-le-debut-de-lete\/#primaryimage"},"thumbnailUrl":"https:\/\/planete-meteo.com\/blog\/wp-content\/uploads\/2021\/06\/DSC01429-2_redimensionner.jpg","datePublished":"2021-06-02T19:50:19+00:00","dateModified":"2021-06-02T19:50:19+00:00","breadcrumb":{"@id":"https:\/\/planete-meteo.com\/blog\/2021\/06\/02\/orages-du-1er-juin-pour-marquer-le-debut-de-lete\/#breadcrumb"},"inLanguage":"fr-FR","potentialAction":[{"@type":"ReadAction","target":["https:\/\/planete-meteo.com\/blog\/2021\/06\/02\/orages-du-1er-juin-pour-marquer-le-debut-de-lete\/"]}]},{"@type":"ImageObject","inLanguage":"fr-FR","@id":"https:\/\/planete-meteo.com\/blog\/2021\/06\/02\/orages-du-1er-juin-pour-marquer-le-debut-de-lete\/#primaryimage","url":"https:\/\/planete-meteo.com\/blog\/wp-content\/uploads\/2021\/06\/DSC01429-2_redimensionner.jpg","contentUrl":"https:\/\/planete-meteo.com\/blog\/wp-content\/uploads\/2021\/06\/DSC01429-2_redimensionner.jpg","width":1920,"height":1233},{"@type":"BreadcrumbList","@id":"https:\/\/planete-meteo.com\/blog\/2021\/06\/02\/orages-du-1er-juin-pour-marquer-le-debut-de-lete\/#breadcrumb","itemListElement":[{"@type":"ListItem","position":1,"name":"Accueil","item":"https:\/\/planete-meteo.com\/blog\/"},{"@type":"ListItem","position":2,"name":"Orages du 1er juin pour marquer le d\u00e9but de l&#8217;\u00e9t\u00e9"}]},{"@type":"WebSite","@id":"https:\/\/planete-meteo.com\/blog\/#website","url":"https:\/\/planete-meteo.com\/blog\/","name":"Plan\u00e8te M\u00e9t\u00e9o Blog","description":"Fil d&#039;actualit\u00e9 m\u00e9t\u00e9o, pr\u00e9visions, observations pour l&#039;Ain","publisher":{"@id":"https:\/\/planete-meteo.com\/blog\/#organization"},"potentialAction":[{"@type":"SearchAction","target":{"@type":"EntryPoint","urlTemplate":"https:\/\/planete-meteo.com\/blog\/?s={search_term_string}"},"query-input":"required name=search_term_string"}],"inLanguage":"fr-FR"},{"@type":"Organization","@id":"https:\/\/planete-meteo.com\/blog\/#organization","name":"Plan\u00e8te M\u00e9t\u00e9o Blog","url":"https:\/\/planete-meteo.com\/blog\/","logo":{"@type":"ImageObject","inLanguage":"fr-FR","@id":"https:\/\/planete-meteo.com\/blog\/#\/schema\/logo\/image\/","url":"https:\/\/planete-meteo.com\/blog\/wp-content\/uploads\/2021\/05\/cropped-cropped-logoPlanete-meteo_rond_500.png","contentUrl":"https:\/\/planete-meteo.com\/blog\/wp-content\/uploads\/2021\/05\/cropped-cropped-logoPlanete-meteo_rond_500.png","width":248,"height":248,"caption":"Plan\u00e8te M\u00e9t\u00e9o Blog"},"image":{"@id":"https:\/\/planete-meteo.com\/blog\/#\/schema\/logo\/image\/"}},{"@type":"Person","@id":"https:\/\/planete-meteo.com\/blog\/#\/schema\/person\/9f8b4184457873e167f52653d6a2b9c4","name":"Benji","image":{"@type":"ImageObject","inLanguage":"fr-FR","@id":"https:\/\/planete-meteo.com\/blog\/#\/schema\/person\/image\/","url":"https:\/\/secure.gravatar.com\/avatar\/57bb786c89649ee5e336c8f53eff444c49ed4a158048c7edf8895080b80d27a1?s=96&d=retro&r=g","contentUrl":"https:\/\/secure.gravatar.com\/avatar\/57bb786c89649ee5e336c8f53eff444c49ed4a158048c7edf8895080b80d27a1?s=96&d=retro&r=g","caption":"Benji"},"sameAs":["http:\/\/planete-meteo.com\/blog"],"url":"https:\/\/planete-meteo.com\/blog\/author\/benji\/"}]}},"_links":{"self":[{"href":"https:\/\/planete-meteo.com\/blog\/wp-json\/wp\/v2\/posts\/87","targetHints":{"allow":["GET"]}}],"collection":[{"href":"https:\/\/planete-meteo.com\/blog\/wp-json\/wp\/v2\/posts"}],"about":[{"href":"https:\/\/planete-meteo.com\/blog\/wp-json\/wp\/v2\/types\/post"}],"author":[{"embeddable":true,"href":"https:\/\/planete-meteo.com\/blog\/wp-json\/wp\/v2\/users\/1"}],"replies":[{"embeddable":true,"href":"https:\/\/planete-meteo.com\/blog\/wp-json\/wp\/v2\/comments?post=87"}],"version-history":[{"count":1,"href":"https:\/\/planete-meteo.com\/blog\/wp-json\/wp\/v2\/posts\/87\/revisions"}],"predecessor-version":[{"id":93,"href":"https:\/\/planete-meteo.com\/blog\/wp-json\/wp\/v2\/posts\/87\/revisions\/93"}],"wp:featuredmedia":[{"embeddable":true,"href":"https:\/\/planete-meteo.com\/blog\/wp-json\/wp\/v2\/media\/90"}],"wp:attachment":[{"href":"https:\/\/planete-meteo.com\/blog\/wp-json\/wp\/v2\/media?parent=87"}],"wp:term":[{"taxonomy":"category","embeddable":true,"href":"https:\/\/planete-meteo.com\/blog\/wp-json\/wp\/v2\/categories?post=87"},{"taxonomy":"post_tag","embeddable":true,"href":"https:\/\/planete-meteo.com\/blog\/wp-json\/wp\/v2\/tags?post=87"}],"curies":[{"name":"wp","href":"https:\/\/api.w.org\/{rel}","templated":true}]}}