{"id":96,"date":"2021-06-09T20:38:05","date_gmt":"2021-06-09T18:38:05","guid":{"rendered":"https:\/\/planete-meteo.com\/blog\/?p=96"},"modified":"2021-06-09T21:04:48","modified_gmt":"2021-06-09T19:04:48","slug":"vers-les-premiers-30c-de-lannee-dans-lain","status":"publish","type":"post","link":"https:\/\/planete-meteo.com\/blog\/2021\/06\/09\/vers-les-premiers-30c-de-lannee-dans-lain\/","title":{"rendered":"Vers les premiers 30\u00b0C de l&rsquo;ann\u00e9e dans l&rsquo;Ain ?"},"content":{"rendered":"\n<p>Un \u00e9pisode de fortes chaleurs se met en place en France ces prochains jours, avec 35 \u00e0 37\u00b0C pr\u00e9vu dimanche et lundi dans le Sud-Ouest et l&rsquo;arc M\u00e9diterran\u00e9en.<\/p>\n\n\n\n<p>Pour notre d\u00e9partement m\u00eame si nous serons en marge des plus fortes chaleurs, la chaleur va s&rsquo;accentuer ces prochains jours bien au-del\u00e0 des normales de saison.<\/p>\n\n\n\n<figure class=\"wp-block-image size-large\"><img loading=\"lazy\" decoding=\"async\" width=\"825\" height=\"426\" src=\"https:\/\/planete-meteo.com\/blog\/wp-content\/uploads\/2021\/06\/GbqbKgP.png\" alt=\"\" class=\"wp-image-98\" srcset=\"https:\/\/planete-meteo.com\/blog\/wp-content\/uploads\/2021\/06\/GbqbKgP.png 825w, https:\/\/planete-meteo.com\/blog\/wp-content\/uploads\/2021\/06\/GbqbKgP-300x155.png 300w, https:\/\/planete-meteo.com\/blog\/wp-content\/uploads\/2021\/06\/GbqbKgP-768x397.png 768w\" sizes=\"auto, (max-width: 825px) 100vw, 825px\" \/><\/figure>\n\n\n\n<p>Demain jeudi, et pour le dernier jour, le risque orageux sera encore pr\u00e9sent sur les reliefs du d\u00e9partement de l&rsquo;Ain, beaucoup moins en plaine \u00e0 l&rsquo;inverse d&rsquo;aujourd&rsquo;hui. Les temp\u00e9ratures vont atteindre 26 \u00e0 27\u00b0C et m\u00eame localement 28\u00b0C en val de Sa\u00f4ne.  Les jours suivants seront plut\u00f4t ensoleill\u00e9s (parfois voil\u00e9e ou quelques nuages mais sec) avec des temp\u00e9ratures de plus en plus chaudes au fil des jours, pour atteindre (avec les pr\u00e9visions actuelles) les 30\u00b0C lundi prochain. Cette chaleur semble pour le moment persister jusqu&rsquo;en milieu de semaine prochaine avec des temp\u00e9ratures proches de 30\u00b0C et une possible d\u00e9gradation orageuse qui reste encore \u00e0 confirmer ces prochains jours.<\/p>\n","protected":false},"excerpt":{"rendered":"<p>Un \u00e9pisode de fortes chaleurs se met en place en France ces prochains jours, avec 35 \u00e0 37\u00b0C pr\u00e9vu dimanche et lundi dans le Sud-Ouest et l&rsquo;arc M\u00e9diterran\u00e9en. Pour notre d\u00e9partement m\u00eame si nous serons en marge des plus fortes chaleurs, la chaleur va s&rsquo;accentuer ces prochains jours bien au-del\u00e0 des normales de saison. Demain &hellip; <a href=\"https:\/\/planete-meteo.com\/blog\/2021\/06\/09\/vers-les-premiers-30c-de-lannee-dans-lain\/\" class=\"more-link\">Continuer la lecture de <span class=\"screen-reader-text\">Vers les premiers 30\u00b0C de l&rsquo;ann\u00e9e dans l&rsquo;Ain ?<\/span><\/a><\/p>\n","protected":false},"author":1,"featured_media":0,"comment_status":"open","ping_status":"open","sticky":false,"template":"","format":"standard","meta":{"footnotes":""},"categories":[9],"tags":[],"class_list":["post-96","post","type-post","status-publish","format-standard","hentry","category-previsions"],"yoast_head":"<!-- This site is optimized with the Yoast SEO plugin v22.8 - https:\/\/yoast.com\/wordpress\/plugins\/seo\/ -->\n<title>Vers les premiers 30\u00b0C de l&#039;ann\u00e9e dans l&#039;Ain ? - Plan\u00e8te M\u00e9t\u00e9o Blog<\/title>\n<meta name=\"robots\" content=\"index, follow, max-snippet:-1, max-image-preview:large, max-video-preview:-1\" \/>\n<link rel=\"canonical\" href=\"https:\/\/planete-meteo.com\/blog\/2021\/06\/09\/vers-les-premiers-30c-de-lannee-dans-lain\/\" \/>\n<meta property=\"og:locale\" content=\"fr_FR\" \/>\n<meta property=\"og:type\" content=\"article\" \/>\n<meta property=\"og:title\" content=\"Vers les premiers 30\u00b0C de l&#039;ann\u00e9e dans l&#039;Ain ? - Plan\u00e8te M\u00e9t\u00e9o Blog\" \/>\n<meta property=\"og:description\" content=\"Un \u00e9pisode de fortes chaleurs se met en place en France ces prochains jours, avec 35 \u00e0 37\u00b0C pr\u00e9vu dimanche et lundi dans le Sud-Ouest et l&rsquo;arc M\u00e9diterran\u00e9en. Pour notre d\u00e9partement m\u00eame si nous serons en marge des plus fortes chaleurs, la chaleur va s&rsquo;accentuer ces prochains jours bien au-del\u00e0 des normales de saison. Demain &hellip; Continuer la lecture de Vers les premiers 30\u00b0C de l&rsquo;ann\u00e9e dans l&rsquo;Ain ?\" \/>\n<meta property=\"og:url\" content=\"https:\/\/planete-meteo.com\/blog\/2021\/06\/09\/vers-les-premiers-30c-de-lannee-dans-lain\/\" \/>\n<meta property=\"og:site_name\" content=\"Plan\u00e8te M\u00e9t\u00e9o Blog\" \/>\n<meta property=\"article:published_time\" content=\"2021-06-09T18:38:05+00:00\" \/>\n<meta property=\"article:modified_time\" content=\"2021-06-09T19:04:48+00:00\" \/>\n<meta property=\"og:image\" content=\"https:\/\/planete-meteo.com\/blog\/wp-content\/uploads\/2021\/06\/GbqbKgP.png\" \/>\n<meta name=\"author\" content=\"Benji\" \/>\n<meta name=\"twitter:card\" content=\"summary_large_image\" \/>\n<meta name=\"twitter:label1\" content=\"\u00c9crit par\" \/>\n\t<meta name=\"twitter:data1\" content=\"Benji\" \/>\n\t<meta name=\"twitter:label2\" content=\"Dur\u00e9e de lecture estim\u00e9e\" \/>\n\t<meta name=\"twitter:data2\" content=\"1 minute\" \/>\n<script type=\"application\/ld+json\" class=\"yoast-schema-graph\">{\"@context\":\"https:\/\/schema.org\",\"@graph\":[{\"@type\":\"Article\",\"@id\":\"https:\/\/planete-meteo.com\/blog\/2021\/06\/09\/vers-les-premiers-30c-de-lannee-dans-lain\/#article\",\"isPartOf\":{\"@id\":\"https:\/\/planete-meteo.com\/blog\/2021\/06\/09\/vers-les-premiers-30c-de-lannee-dans-lain\/\"},\"author\":{\"name\":\"Benji\",\"@id\":\"https:\/\/planete-meteo.com\/blog\/#\/schema\/person\/9f8b4184457873e167f52653d6a2b9c4\"},\"headline\":\"Vers les premiers 30\u00b0C de l&rsquo;ann\u00e9e dans l&rsquo;Ain ?\",\"datePublished\":\"2021-06-09T18:38:05+00:00\",\"dateModified\":\"2021-06-09T19:04:48+00:00\",\"mainEntityOfPage\":{\"@id\":\"https:\/\/planete-meteo.com\/blog\/2021\/06\/09\/vers-les-premiers-30c-de-lannee-dans-lain\/\"},\"wordCount\":182,\"commentCount\":0,\"publisher\":{\"@id\":\"https:\/\/planete-meteo.com\/blog\/#organization\"},\"image\":{\"@id\":\"https:\/\/planete-meteo.com\/blog\/2021\/06\/09\/vers-les-premiers-30c-de-lannee-dans-lain\/#primaryimage\"},\"thumbnailUrl\":\"https:\/\/planete-meteo.com\/blog\/wp-content\/uploads\/2021\/06\/GbqbKgP.png\",\"articleSection\":[\"Pr\u00e9visions\"],\"inLanguage\":\"fr-FR\",\"potentialAction\":[{\"@type\":\"CommentAction\",\"name\":\"Comment\",\"target\":[\"https:\/\/planete-meteo.com\/blog\/2021\/06\/09\/vers-les-premiers-30c-de-lannee-dans-lain\/#respond\"]}]},{\"@type\":\"WebPage\",\"@id\":\"https:\/\/planete-meteo.com\/blog\/2021\/06\/09\/vers-les-premiers-30c-de-lannee-dans-lain\/\",\"url\":\"https:\/\/planete-meteo.com\/blog\/2021\/06\/09\/vers-les-premiers-30c-de-lannee-dans-lain\/\",\"name\":\"Vers les premiers 30\u00b0C de l'ann\u00e9e dans l'Ain ? - Plan\u00e8te M\u00e9t\u00e9o Blog\",\"isPartOf\":{\"@id\":\"https:\/\/planete-meteo.com\/blog\/#website\"},\"primaryImageOfPage\":{\"@id\":\"https:\/\/planete-meteo.com\/blog\/2021\/06\/09\/vers-les-premiers-30c-de-lannee-dans-lain\/#primaryimage\"},\"image\":{\"@id\":\"https:\/\/planete-meteo.com\/blog\/2021\/06\/09\/vers-les-premiers-30c-de-lannee-dans-lain\/#primaryimage\"},\"thumbnailUrl\":\"https:\/\/planete-meteo.com\/blog\/wp-content\/uploads\/2021\/06\/GbqbKgP.png\",\"datePublished\":\"2021-06-09T18:38:05+00:00\",\"dateModified\":\"2021-06-09T19:04:48+00:00\",\"breadcrumb\":{\"@id\":\"https:\/\/planete-meteo.com\/blog\/2021\/06\/09\/vers-les-premiers-30c-de-lannee-dans-lain\/#breadcrumb\"},\"inLanguage\":\"fr-FR\",\"potentialAction\":[{\"@type\":\"ReadAction\",\"target\":[\"https:\/\/planete-meteo.com\/blog\/2021\/06\/09\/vers-les-premiers-30c-de-lannee-dans-lain\/\"]}]},{\"@type\":\"ImageObject\",\"inLanguage\":\"fr-FR\",\"@id\":\"https:\/\/planete-meteo.com\/blog\/2021\/06\/09\/vers-les-premiers-30c-de-lannee-dans-lain\/#primaryimage\",\"url\":\"https:\/\/planete-meteo.com\/blog\/wp-content\/uploads\/2021\/06\/GbqbKgP.png\",\"contentUrl\":\"https:\/\/planete-meteo.com\/blog\/wp-content\/uploads\/2021\/06\/GbqbKgP.png\",\"width\":825,\"height\":426},{\"@type\":\"BreadcrumbList\",\"@id\":\"https:\/\/planete-meteo.com\/blog\/2021\/06\/09\/vers-les-premiers-30c-de-lannee-dans-lain\/#breadcrumb\",\"itemListElement\":[{\"@type\":\"ListItem\",\"position\":1,\"name\":\"Accueil\",\"item\":\"https:\/\/planete-meteo.com\/blog\/\"},{\"@type\":\"ListItem\",\"position\":2,\"name\":\"Vers les premiers 30\u00b0C de l&#8217;ann\u00e9e dans l&#8217;Ain ?\"}]},{\"@type\":\"WebSite\",\"@id\":\"https:\/\/planete-meteo.com\/blog\/#website\",\"url\":\"https:\/\/planete-meteo.com\/blog\/\",\"name\":\"Plan\u00e8te M\u00e9t\u00e9o Blog\",\"description\":\"Fil d&#039;actualit\u00e9 m\u00e9t\u00e9o, pr\u00e9visions, observations pour l&#039;Ain\",\"publisher\":{\"@id\":\"https:\/\/planete-meteo.com\/blog\/#organization\"},\"potentialAction\":[{\"@type\":\"SearchAction\",\"target\":{\"@type\":\"EntryPoint\",\"urlTemplate\":\"https:\/\/planete-meteo.com\/blog\/?s={search_term_string}\"},\"query-input\":\"required name=search_term_string\"}],\"inLanguage\":\"fr-FR\"},{\"@type\":\"Organization\",\"@id\":\"https:\/\/planete-meteo.com\/blog\/#organization\",\"name\":\"Plan\u00e8te M\u00e9t\u00e9o Blog\",\"url\":\"https:\/\/planete-meteo.com\/blog\/\",\"logo\":{\"@type\":\"ImageObject\",\"inLanguage\":\"fr-FR\",\"@id\":\"https:\/\/planete-meteo.com\/blog\/#\/schema\/logo\/image\/\",\"url\":\"https:\/\/planete-meteo.com\/blog\/wp-content\/uploads\/2021\/05\/cropped-cropped-logoPlanete-meteo_rond_500.png\",\"contentUrl\":\"https:\/\/planete-meteo.com\/blog\/wp-content\/uploads\/2021\/05\/cropped-cropped-logoPlanete-meteo_rond_500.png\",\"width\":248,\"height\":248,\"caption\":\"Plan\u00e8te M\u00e9t\u00e9o Blog\"},\"image\":{\"@id\":\"https:\/\/planete-meteo.com\/blog\/#\/schema\/logo\/image\/\"}},{\"@type\":\"Person\",\"@id\":\"https:\/\/planete-meteo.com\/blog\/#\/schema\/person\/9f8b4184457873e167f52653d6a2b9c4\",\"name\":\"Benji\",\"image\":{\"@type\":\"ImageObject\",\"inLanguage\":\"fr-FR\",\"@id\":\"https:\/\/planete-meteo.com\/blog\/#\/schema\/person\/image\/\",\"url\":\"https:\/\/secure.gravatar.com\/avatar\/57bb786c89649ee5e336c8f53eff444c49ed4a158048c7edf8895080b80d27a1?s=96&d=retro&r=g\",\"contentUrl\":\"https:\/\/secure.gravatar.com\/avatar\/57bb786c89649ee5e336c8f53eff444c49ed4a158048c7edf8895080b80d27a1?s=96&d=retro&r=g\",\"caption\":\"Benji\"},\"sameAs\":[\"http:\/\/planete-meteo.com\/blog\"],\"url\":\"https:\/\/planete-meteo.com\/blog\/author\/benji\/\"}]}<\/script>\n<!-- \/ Yoast SEO plugin. -->","yoast_head_json":{"title":"Vers les premiers 30\u00b0C de l'ann\u00e9e dans l'Ain ? - Plan\u00e8te M\u00e9t\u00e9o Blog","robots":{"index":"index","follow":"follow","max-snippet":"max-snippet:-1","max-image-preview":"max-image-preview:large","max-video-preview":"max-video-preview:-1"},"canonical":"https:\/\/planete-meteo.com\/blog\/2021\/06\/09\/vers-les-premiers-30c-de-lannee-dans-lain\/","og_locale":"fr_FR","og_type":"article","og_title":"Vers les premiers 30\u00b0C de l'ann\u00e9e dans l'Ain ? - Plan\u00e8te M\u00e9t\u00e9o Blog","og_description":"Un \u00e9pisode de fortes chaleurs se met en place en France ces prochains jours, avec 35 \u00e0 37\u00b0C pr\u00e9vu dimanche et lundi dans le Sud-Ouest et l&rsquo;arc M\u00e9diterran\u00e9en. Pour notre d\u00e9partement m\u00eame si nous serons en marge des plus fortes chaleurs, la chaleur va s&rsquo;accentuer ces prochains jours bien au-del\u00e0 des normales de saison. Demain &hellip; Continuer la lecture de Vers les premiers 30\u00b0C de l&rsquo;ann\u00e9e dans l&rsquo;Ain ?","og_url":"https:\/\/planete-meteo.com\/blog\/2021\/06\/09\/vers-les-premiers-30c-de-lannee-dans-lain\/","og_site_name":"Plan\u00e8te M\u00e9t\u00e9o Blog","article_published_time":"2021-06-09T18:38:05+00:00","article_modified_time":"2021-06-09T19:04:48+00:00","og_image":[{"url":"https:\/\/planete-meteo.com\/blog\/wp-content\/uploads\/2021\/06\/GbqbKgP.png"}],"author":"Benji","twitter_card":"summary_large_image","twitter_misc":{"\u00c9crit par":"Benji","Dur\u00e9e de lecture estim\u00e9e":"1 minute"},"schema":{"@context":"https:\/\/schema.org","@graph":[{"@type":"Article","@id":"https:\/\/planete-meteo.com\/blog\/2021\/06\/09\/vers-les-premiers-30c-de-lannee-dans-lain\/#article","isPartOf":{"@id":"https:\/\/planete-meteo.com\/blog\/2021\/06\/09\/vers-les-premiers-30c-de-lannee-dans-lain\/"},"author":{"name":"Benji","@id":"https:\/\/planete-meteo.com\/blog\/#\/schema\/person\/9f8b4184457873e167f52653d6a2b9c4"},"headline":"Vers les premiers 30\u00b0C de l&rsquo;ann\u00e9e dans l&rsquo;Ain ?","datePublished":"2021-06-09T18:38:05+00:00","dateModified":"2021-06-09T19:04:48+00:00","mainEntityOfPage":{"@id":"https:\/\/planete-meteo.com\/blog\/2021\/06\/09\/vers-les-premiers-30c-de-lannee-dans-lain\/"},"wordCount":182,"commentCount":0,"publisher":{"@id":"https:\/\/planete-meteo.com\/blog\/#organization"},"image":{"@id":"https:\/\/planete-meteo.com\/blog\/2021\/06\/09\/vers-les-premiers-30c-de-lannee-dans-lain\/#primaryimage"},"thumbnailUrl":"https:\/\/planete-meteo.com\/blog\/wp-content\/uploads\/2021\/06\/GbqbKgP.png","articleSection":["Pr\u00e9visions"],"inLanguage":"fr-FR","potentialAction":[{"@type":"CommentAction","name":"Comment","target":["https:\/\/planete-meteo.com\/blog\/2021\/06\/09\/vers-les-premiers-30c-de-lannee-dans-lain\/#respond"]}]},{"@type":"WebPage","@id":"https:\/\/planete-meteo.com\/blog\/2021\/06\/09\/vers-les-premiers-30c-de-lannee-dans-lain\/","url":"https:\/\/planete-meteo.com\/blog\/2021\/06\/09\/vers-les-premiers-30c-de-lannee-dans-lain\/","name":"Vers les premiers 30\u00b0C de l'ann\u00e9e dans l'Ain ? - Plan\u00e8te M\u00e9t\u00e9o Blog","isPartOf":{"@id":"https:\/\/planete-meteo.com\/blog\/#website"},"primaryImageOfPage":{"@id":"https:\/\/planete-meteo.com\/blog\/2021\/06\/09\/vers-les-premiers-30c-de-lannee-dans-lain\/#primaryimage"},"image":{"@id":"https:\/\/planete-meteo.com\/blog\/2021\/06\/09\/vers-les-premiers-30c-de-lannee-dans-lain\/#primaryimage"},"thumbnailUrl":"https:\/\/planete-meteo.com\/blog\/wp-content\/uploads\/2021\/06\/GbqbKgP.png","datePublished":"2021-06-09T18:38:05+00:00","dateModified":"2021-06-09T19:04:48+00:00","breadcrumb":{"@id":"https:\/\/planete-meteo.com\/blog\/2021\/06\/09\/vers-les-premiers-30c-de-lannee-dans-lain\/#breadcrumb"},"inLanguage":"fr-FR","potentialAction":[{"@type":"ReadAction","target":["https:\/\/planete-meteo.com\/blog\/2021\/06\/09\/vers-les-premiers-30c-de-lannee-dans-lain\/"]}]},{"@type":"ImageObject","inLanguage":"fr-FR","@id":"https:\/\/planete-meteo.com\/blog\/2021\/06\/09\/vers-les-premiers-30c-de-lannee-dans-lain\/#primaryimage","url":"https:\/\/planete-meteo.com\/blog\/wp-content\/uploads\/2021\/06\/GbqbKgP.png","contentUrl":"https:\/\/planete-meteo.com\/blog\/wp-content\/uploads\/2021\/06\/GbqbKgP.png","width":825,"height":426},{"@type":"BreadcrumbList","@id":"https:\/\/planete-meteo.com\/blog\/2021\/06\/09\/vers-les-premiers-30c-de-lannee-dans-lain\/#breadcrumb","itemListElement":[{"@type":"ListItem","position":1,"name":"Accueil","item":"https:\/\/planete-meteo.com\/blog\/"},{"@type":"ListItem","position":2,"name":"Vers les premiers 30\u00b0C de l&#8217;ann\u00e9e dans l&#8217;Ain ?"}]},{"@type":"WebSite","@id":"https:\/\/planete-meteo.com\/blog\/#website","url":"https:\/\/planete-meteo.com\/blog\/","name":"Plan\u00e8te M\u00e9t\u00e9o Blog","description":"Fil d&#039;actualit\u00e9 m\u00e9t\u00e9o, pr\u00e9visions, observations pour l&#039;Ain","publisher":{"@id":"https:\/\/planete-meteo.com\/blog\/#organization"},"potentialAction":[{"@type":"SearchAction","target":{"@type":"EntryPoint","urlTemplate":"https:\/\/planete-meteo.com\/blog\/?s={search_term_string}"},"query-input":"required name=search_term_string"}],"inLanguage":"fr-FR"},{"@type":"Organization","@id":"https:\/\/planete-meteo.com\/blog\/#organization","name":"Plan\u00e8te M\u00e9t\u00e9o Blog","url":"https:\/\/planete-meteo.com\/blog\/","logo":{"@type":"ImageObject","inLanguage":"fr-FR","@id":"https:\/\/planete-meteo.com\/blog\/#\/schema\/logo\/image\/","url":"https:\/\/planete-meteo.com\/blog\/wp-content\/uploads\/2021\/05\/cropped-cropped-logoPlanete-meteo_rond_500.png","contentUrl":"https:\/\/planete-meteo.com\/blog\/wp-content\/uploads\/2021\/05\/cropped-cropped-logoPlanete-meteo_rond_500.png","width":248,"height":248,"caption":"Plan\u00e8te M\u00e9t\u00e9o Blog"},"image":{"@id":"https:\/\/planete-meteo.com\/blog\/#\/schema\/logo\/image\/"}},{"@type":"Person","@id":"https:\/\/planete-meteo.com\/blog\/#\/schema\/person\/9f8b4184457873e167f52653d6a2b9c4","name":"Benji","image":{"@type":"ImageObject","inLanguage":"fr-FR","@id":"https:\/\/planete-meteo.com\/blog\/#\/schema\/person\/image\/","url":"https:\/\/secure.gravatar.com\/avatar\/57bb786c89649ee5e336c8f53eff444c49ed4a158048c7edf8895080b80d27a1?s=96&d=retro&r=g","contentUrl":"https:\/\/secure.gravatar.com\/avatar\/57bb786c89649ee5e336c8f53eff444c49ed4a158048c7edf8895080b80d27a1?s=96&d=retro&r=g","caption":"Benji"},"sameAs":["http:\/\/planete-meteo.com\/blog"],"url":"https:\/\/planete-meteo.com\/blog\/author\/benji\/"}]}},"_links":{"self":[{"href":"https:\/\/planete-meteo.com\/blog\/wp-json\/wp\/v2\/posts\/96","targetHints":{"allow":["GET"]}}],"collection":[{"href":"https:\/\/planete-meteo.com\/blog\/wp-json\/wp\/v2\/posts"}],"about":[{"href":"https:\/\/planete-meteo.com\/blog\/wp-json\/wp\/v2\/types\/post"}],"author":[{"embeddable":true,"href":"https:\/\/planete-meteo.com\/blog\/wp-json\/wp\/v2\/users\/1"}],"replies":[{"embeddable":true,"href":"https:\/\/planete-meteo.com\/blog\/wp-json\/wp\/v2\/comments?post=96"}],"version-history":[{"count":1,"href":"https:\/\/planete-meteo.com\/blog\/wp-json\/wp\/v2\/posts\/96\/revisions"}],"predecessor-version":[{"id":99,"href":"https:\/\/planete-meteo.com\/blog\/wp-json\/wp\/v2\/posts\/96\/revisions\/99"}],"wp:attachment":[{"href":"https:\/\/planete-meteo.com\/blog\/wp-json\/wp\/v2\/media?parent=96"}],"wp:term":[{"taxonomy":"category","embeddable":true,"href":"https:\/\/planete-meteo.com\/blog\/wp-json\/wp\/v2\/categories?post=96"},{"taxonomy":"post_tag","embeddable":true,"href":"https:\/\/planete-meteo.com\/blog\/wp-json\/wp\/v2\/tags?post=96"}],"curies":[{"name":"wp","href":"https:\/\/api.w.org\/{rel}","templated":true}]}}